{"id":131550,"date":"2025-12-03T22:46:16","date_gmt":"2025-12-03T22:46:16","guid":{"rendered":"https:\/\/www.europesays.com\/pl\/131550\/"},"modified":"2025-12-03T22:46:16","modified_gmt":"2025-12-03T22:46:16","slug":"500-mln-dol-dla-ukrainy-polska-dolacza-do-norwegii-i-niemiec","status":"publish","type":"post","link":"https:\/\/www.europesays.com\/pl\/131550\/","title":{"rendered":"500 mln dol. dla Ukrainy. Polska do\u0142\u0105cza do Norwegii i Niemiec"},"content":{"rendered":"<p data-section=\"detail-body\">\u0141\u0105cznie stanowi to znaczn\u0105 kwot\u0119 500 mln dol. \u2014 doda\u0142. &#8222;Mamy nadziej\u0119, \u017ce Stany Zjednoczone to zauwa\u017c\u0105. Mamy nadziej\u0119, \u017ce Ukraina to zauwa\u017cy&#8221; \u2014 wspomnia\u0142 Sikorski.<\/p>\n<p class=\"article_p\" data-section=\"detail-body\">W \u015brod\u0119 w siedzibie NATO w Brukseli trwa posiedzenie ministr\u00f3w spraw zagranicznych pa\u0144stw Sojuszu P\u00f3\u0142nocnoatlantyckiego. Przed rozmowami Sikorski wyg\u0142osi\u0142 wsp\u00f3lne o\u015bwiadczenie z szefami dyplomacji Niemiec i Norwegii, Johannem Wadephulem i Espenem Barthem Eide.<\/p>\n<p>        Mechanizm PURL <\/p>\n<p class=\"article_p\" data-section=\"detail-body\">Poprzez uruchomiony w sierpniu mechanizm PURL (Prioritized Ukraine Requirements List) kraje NATO finansuj\u0105 zakupy broni i amunicji z ameryka\u0144skich zapas\u00f3w, kt\u00f3re nast\u0119pnie trafiaj\u0105 do Ukrainy odpieraj\u0105cej od 2022 r. rosyjsk\u0105 inwazj\u0119. Ten mechanizm umo\u017cliwia pa\u0144stwom cz\u0142onkowskim finansowanie zakup\u00f3w bezpo\u015brednio z ameryka\u0144skich zapas\u00f3w, aby nast\u0119pnie przekaza\u0107 je Ukrainie. Ma on na celu przyspieszenie i usprawnienie dostaw uzbrojenia, zwi\u0119kszaj\u0105c elastyczno\u015b\u0107 procesu wsparcia dla Kijowa. <\/p>\n<p class=\"article_p\" data-section=\"detail-body\">Jak przekaza\u0142 sekretarz generalny NATO Mark Rutte, w ostatnich miesi\u0105cach cz\u0142onkowie Sojuszu z Europy i Kanada przekazali Ukrainie za po\u015brednictwem PURL 4 mld dol. na ameryka\u0144ski sprz\u0119t wojskowy.<\/p>\n<p>        &#8222;Na nieszcz\u0119\u015bcie, nie s\u0105 to tylko s\u0142owa&#8221;<\/p>\n<p class=\"article_p\" data-section=\"detail-body\">Sikorski m\u00f3wi\u0142 na spotkaniu z dziennikarzami tak\u017ce o dzia\u0142aniach Rosji. \u2014 W\u0142adimir Putin grozi nam, Europejczykom, w Moskwie. Na nieszcz\u0119\u015bcie, nie s\u0105 to tylko s\u0142owa \u2014 powiedzia\u0142 i przywo\u0142a\u0142 akt dywersji, do kt\u00f3rego dosz\u0142o w Polsce na linii kolejowej. Celem tych dzia\u0142a\u0144, jak powiedzia\u0142, by\u0142o zabicie polskich obywateli.<\/p>\n<p class=\"article_p\" data-section=\"detail-body\">Szef MSZ podkre\u015bli\u0142, \u017ce dlatego wa\u017cne jest wzmacnianie odporno\u015bci przeciwko rosyjskiej wojnie hybrydowej. \u2014 Mamy system wymiany informacji mi\u0119dzy naszymi s\u0142u\u017cbami bezpiecze\u0144stwa. Uwa\u017camy, \u017ce przydatne jest r\u00f3wnie\u017c ograniczenie przemieszczania si\u0119 rosyjskich dyplomat\u00f3w w naszych krajach tylko do kraju, w kt\u00f3rym s\u0105 akredytowani, a nawet w\u0119ziej. Zrobili\u015bmy to. Zamkn\u0105\u0142em wszystkie rosyjskie konsulaty, co utrudnia im dzia\u0142anie jako agent\u00f3w nie tylko w Polsce, ale i w innych krajach. Potrzebujemy solidarno\u015bci i musimy realistycznie ocenia\u0107 intencje Rosji, kt\u00f3re nie s\u0105 dobre \u2014 powiedzia\u0142.<\/p>\n<p class=\"article_p\" data-section=\"detail-body\">W Kwaterze G\u0142\u00f3wnej Sojuszu P\u00f3\u0142nocnoatlantyckiego w Brukseli odbywaj\u0105 si\u0119 w \u015brod\u0119 rozmowy szef\u00f3w dyplomacji kraj\u00f3w NATO m.in. o dalszym wsparciu Ukrainy, odpieraj\u0105cej rosyjsk\u0105 inwazj\u0119. Polsk\u0119 reprezentuje wicepremier i szef MSZ Rados\u0142aw Sikorski.<\/p>\n<p class=\"article_p\" data-section=\"detail-body\">Tematem rozm\u00f3w b\u0119dzie r\u00f3wnie\u017c wzmocnienie kolektywnej obrony Sojuszu wobec zagro\u017cenia ze strony Rosji. Spotkanie, jak poda\u0142o polskie MSZ, ma tak\u017ce dotyczy\u0107 ostatnich inicjatyw w sprawie uregulowania konfliktu rosyjsko-ukrai\u0144skiego oraz ich wp\u0142ywu na bezpiecze\u0144stwo Polski i NATO.<\/p>\n<p class=\"article_p\" data-section=\"detail-body\">Wczesnym popo\u0142udniem zaplanowano Rad\u0119 NATO-Ukraina, w kt\u00f3rej maj\u0105 wzi\u0105\u0107 udzia\u0142 szefowa unijnej dyplomacji Kaja Kallas i minister spraw zagranicznych Ukrainy Andrij Sybiha.<\/p>\n","protected":false},"excerpt":{"rendered":"\u0141\u0105cznie stanowi to znaczn\u0105 kwot\u0119 500 mln dol. \u2014 doda\u0142. &#8222;Mamy nadziej\u0119, \u017ce Stany Zjednoczone to zauwa\u017c\u0105. Mamy&hellip;\n","protected":false},"author":2,"featured_media":131551,"comment_status":"","ping_status":"","sticky":false,"template":"","format":"standard","meta":{"footnotes":""},"categories":[14],"tags":[32,33,27,34,35,28,31,25,40,41,80,29,30,26,82,83,84],"class_list":{"0":"post-131550","1":"post","2":"type-post","3":"status-publish","4":"format-standard","5":"has-post-thumbnail","7":"category-swiat","8":"tag-breaking-news","9":"tag-breakingnews","10":"tag-headlines","11":"tag-latest-news","12":"tag-latestnews","13":"tag-naglowki","14":"tag-najwazniejsze-artykuly","15":"tag-news","16":"tag-polish","17":"tag-polski","18":"tag-swiat","19":"tag-top-stories","20":"tag-topstories","21":"tag-wiadomosci","22":"tag-world","23":"tag-world-news","24":"tag-worldnews"},"share_on_mastodon":{"url":"https:\/\/pubeurope.com\/@pl\/115658069296860029","error":""},"_links":{"self":[{"href":"https:\/\/www.europesays.com\/pl\/wp-json\/wp\/v2\/posts\/131550","targetHints":{"allow":["GET"]}}],"collection":[{"href":"https:\/\/www.europesays.com\/pl\/wp-json\/wp\/v2\/posts"}],"about":[{"href":"https:\/\/www.europesays.com\/pl\/wp-json\/wp\/v2\/types\/post"}],"author":[{"embeddable":true,"href":"https:\/\/www.europesays.com\/pl\/wp-json\/wp\/v2\/users\/2"}],"replies":[{"embeddable":true,"href":"https:\/\/www.europesays.com\/pl\/wp-json\/wp\/v2\/comments?post=131550"}],"version-history":[{"count":0,"href":"https:\/\/www.europesays.com\/pl\/wp-json\/wp\/v2\/posts\/131550\/revisions"}],"wp:featuredmedia":[{"embeddable":true,"href":"https:\/\/www.europesays.com\/pl\/wp-json\/wp\/v2\/media\/131551"}],"wp:attachment":[{"href":"https:\/\/www.europesays.com\/pl\/wp-json\/wp\/v2\/media?parent=131550"}],"wp:term":[{"taxonomy":"category","embeddable":true,"href":"https:\/\/www.europesays.com\/pl\/wp-json\/wp\/v2\/categories?post=131550"},{"taxonomy":"post_tag","embeddable":true,"href":"https:\/\/www.europesays.com\/pl\/wp-json\/wp\/v2\/tags?post=131550"}],"curies":[{"name":"wp","href":"https:\/\/api.w.org\/{rel}","templated":true}]}}