{"id":131568,"date":"2025-12-03T23:11:09","date_gmt":"2025-12-03T23:11:09","guid":{"rendered":"https:\/\/www.europesays.com\/pl\/131568\/"},"modified":"2025-12-03T23:11:09","modified_gmt":"2025-12-03T23:11:09","slug":"monika-olejnik-uderzyla-w-karola-nawrockiego-odbierajac-nagrode-olbrzymi-skandal","status":"publish","type":"post","link":"https:\/\/www.europesays.com\/pl\/131568\/","title":{"rendered":"Monika Olejnik uderzy\u0142a w Karola Nawrockiego, odbieraj\u0105c nagrod\u0119. &#8222;Olbrzymi skandal&#8221;"},"content":{"rendered":"<p class=\"ods-c-paragraph \">Podczas gali wr\u0119czono statuetki wybranym gwiazdom. Pod koniec wydarzenia nagrod\u0119 specjaln\u0105 odebra\u0142a Monika Olejnik, kt\u00f3ra wyg\u0142osi\u0142a przem\u00f3wienie, w trakcie kt\u00f3rego m.in. zwr\u00f3ci\u0142a si\u0119 do polityk\u00f3w.<\/p>\n<blockquote class=\"ods-o-quota\">\n<p class=\"ods-o-quota__paragraph\">\u017bycie dziennikarza nie jest \u0142atwe, dlatego, \u017ce kiedy rz\u0105dzi lewica, to ma pretensje, \u017ce dziennikarz jest prawicowy. Kiedy rz\u0105dzi prawica, to ma pretensje, \u017ce jest lewicowy, czyli ja<\/p>\n<\/blockquote>\n<p class=\"ods-c-paragraph \">\u2014 Takie jest nasze \u017cycie, \u017ce obrywamy z ka\u017cdej strony. Takie [mam] przes\u0142anie dla polityk\u00f3w, \u017ceby pami\u0119tali, \u017ce dziennikarz nie jest od spe\u0142niania \u017cycze\u0144 polityk\u00f3w \u2014 m\u00f3wi\u0142a.<\/p>\n<p>Dalszy ci\u0105g artyku\u0142u pod materia\u0142em wideo<\/p>\n<p> Jakie by\u0142o przes\u0142anie Moniki Olejnik do polityk\u00f3w? <\/p>\n<p> Co to jest ustawa \u0142a\u0144cuchowa? <\/p>\n<p> Kto weta\u0142 ustaw\u0119 \u0142a\u0144cuchow\u0105? <\/p>\n<p> Jakie nagrody wr\u0119czono podczas gali 'Viva! People Power 2025&#8242;? <\/p>\n<p>  Monika Olejnik uderza w Karola Nawrockiego. &#8222;Olbrzymi skandal&#8221;<\/p>\n<p class=\"ods-c-paragraph \">W dalszej cz\u0119\u015bci Monika Olejnik nie kry\u0142a oburzenia, wspominaj\u0105c weto Karola Nawrockiego <a href=\"https:\/\/plejada.pl\/newsy\/karol-nawrocki-zawetowal-tzw-ustawe-lancuchowa-donald-tusk-komentuje\/l636yf5\" id=\"92e9d636-9b87-4af3-af82-4450dc6f2510\" rel=\"nofollow noopener\" target=\"_blank\">w sprawie tzw. ustawy \u0142a\u0144cuchowej, maj\u0105cej uwolni\u0107 psy trzymane na uwi\u0119zi.<\/a><\/p>\n<blockquote class=\"ods-o-quota\">\n<p class=\"ods-o-quota__paragraph\">M\u00f3wimy tutaj du\u017co o naturze, psach. Prezydent, niestety, zawetowa\u0142 ustaw\u0119 \u0142a\u0144cuchow\u0105, co jest olbrzymim skandalem<\/p>\n<\/blockquote>\n<p class=\"ods-c-paragraph \">\u2014 Mam nadziej\u0119, \u017ce znajd\u0105 si\u0119 odwa\u017cni parlamentarzy\u015bci nawet z Prawa i Sprawiedliwo\u015bci, kt\u00f3rzy g\u0142osowali za t\u0105 ustaw\u0105, nie poddadz\u0105 si\u0119 terrorowi i zag\u0142osuj\u0105, \u017ceby ta ustawa wesz\u0142a w \u017cycie \u2014 doda\u0142a.<\/p>\n<p><img decoding=\"async\" src=\"https:\/\/www.europesays.com\/pl\/wp-content\/uploads\/2025\/12\/dNCk9lBaHR0cHM6Ly9vY2RuLmV1L3B1bHNjbXMvTURBXy8xM2MyZDkyNjBkODFkMWNiYzQ4ZWMxY2VlZjhlNjZhNi5qcGeRlQLNB.jpeg\" height=\"627\" width=\"940\" alt=\"Monika Olejnik\" loading=\"lazy\" class=\"ods-c-image__img ods-c-image__img--viewport-width\"\/><\/p>\n<p>Monika OlejnikPawe\u0142 Wrzecion \/ AKPA<\/p>\n<p class=\"ods-c-paragraph \">Dzi\u0119kujemy, \u017ce przeczyta\u0142a\u015b\/e\u015b nasz artyku\u0142 do ko\u0144ca. W serwisie Plejada.pl ka\u017cdego dnia piszemy o najwa\u017cniejszych wydarzeniach show-biznesowych. B\u0105d\u017a na bie\u017c\u0105co! <a rel=\"nofollow noopener\" href=\"https:\/\/profile.google.com\/cp\/Cg0vZy8xMWJ6X19wdHBx\" id=\"20c15a98-7999-42ab-a4eb-0fb2e6eaea87\" target=\"_blank\">Obserwuj<\/a> Plejad\u0119 w Google. Odwied\u017a nas tak\u017ce na <a rel=\"nofollow noopener\" href=\"https:\/\/www.facebook.com\/plejadapl\" id=\"e58a9d53-5e9e-4730-bfd3-a1fe41b3d5b7\" target=\"_blank\">Facebooku<\/a>, <a rel=\"nofollow noopener\" href=\"https:\/\/www.instagram.com\/plejadapl\/\" id=\"822eea5e-d810-43ff-89cc-a059a15a6847\" target=\"_blank\">Instagramie<\/a>, <a rel=\"nofollow noopener\" href=\"https:\/\/www.youtube.com\/c\/plejada\" id=\"3ff01008-736d-41ce-b772-84bf04d1b724\" target=\"_blank\">YouTubie<\/a> oraz <a rel=\"nofollow noopener\" href=\"https:\/\/www.tiktok.com\/@plejada_pl\" id=\"4d8982cc-7c87-4651-99a4-eaa36425065c\" target=\"_blank\">TikToku<\/a>.<\/p>\n<p class=\"ods-c-paragraph \">Chcesz podzieli\u0107 si\u0119 ciekawym newsem lub zaproponowa\u0107 temat? Skontaktuj si\u0119 z nami, pisz\u0105c maila na adres: <a rel=\"nofollow noopener\" href=\"https:\/\/plejada.pl\/newsy\/monika-olejnik-uderzyla-w-karola-nawrockiego-odbierajac-nagrode-olbrzymi-skandal\/mailto:plejada@redakcjaonet.pl\" id=\"413a011e-22db-4a0a-84aa-5d57c5258dd5\" target=\"_blank\">plejada@redakcjaon<\/a><a rel=\"nofollow noopener\" href=\"https:\/\/et.pl\/\" id=\"27e8f928-80bc-457f-8758-407330fe2808\" target=\"_blank\">et.pl<\/a>.<\/p>\n<p><script async src=\"\/\/www.instagram.com\/embed.js\"><\/script><script async src=\"\/\/www.tiktok.com\/embed.js\"><\/script><\/p>\n","protected":false},"excerpt":{"rendered":"Podczas gali wr\u0119czono statuetki wybranym gwiazdom. Pod koniec wydarzenia nagrod\u0119 specjaln\u0105 odebra\u0142a Monika Olejnik, kt\u00f3ra wyg\u0142osi\u0142a przem\u00f3wienie, w&hellip;\n","protected":false},"author":2,"featured_media":131569,"comment_status":"","ping_status":"","sticky":false,"template":"","format":"standard","meta":{"footnotes":""},"categories":[22],"tags":[122,43,13707,48,125,46,42,38,40,39,41,25199,123,47],"class_list":{"0":"post-131568","1":"post","2":"type-post","3":"status-publish","4":"format-standard","5":"has-post-thumbnail","7":"category-rozrywka","8":"tag-entertainment","9":"tag-karol_nawrocki","10":"tag-monika_olejnik","11":"tag-nat_styl","12":"tag-newsy","13":"tag-omp","14":"tag-pl","15":"tag-poland","16":"tag-polish","17":"tag-polska","18":"tag-polski","19":"tag-rebrand_ai_tst1","20":"tag-rozrywka","21":"tag-screening_general"},"share_on_mastodon":{"url":"https:\/\/pubeurope.com\/@pl\/115658167927679498","error":""},"_links":{"self":[{"href":"https:\/\/www.europesays.com\/pl\/wp-json\/wp\/v2\/posts\/131568","targetHints":{"allow":["GET"]}}],"collection":[{"href":"https:\/\/www.europesays.com\/pl\/wp-json\/wp\/v2\/posts"}],"about":[{"href":"https:\/\/www.europesays.com\/pl\/wp-json\/wp\/v2\/types\/post"}],"author":[{"embeddable":true,"href":"https:\/\/www.europesays.com\/pl\/wp-json\/wp\/v2\/users\/2"}],"replies":[{"embeddable":true,"href":"https:\/\/www.europesays.com\/pl\/wp-json\/wp\/v2\/comments?post=131568"}],"version-history":[{"count":0,"href":"https:\/\/www.europesays.com\/pl\/wp-json\/wp\/v2\/posts\/131568\/revisions"}],"wp:featuredmedia":[{"embeddable":true,"href":"https:\/\/www.europesays.com\/pl\/wp-json\/wp\/v2\/media\/131569"}],"wp:attachment":[{"href":"https:\/\/www.europesays.com\/pl\/wp-json\/wp\/v2\/media?parent=131568"}],"wp:term":[{"taxonomy":"category","embeddable":true,"href":"https:\/\/www.europesays.com\/pl\/wp-json\/wp\/v2\/categories?post=131568"},{"taxonomy":"post_tag","embeddable":true,"href":"https:\/\/www.europesays.com\/pl\/wp-json\/wp\/v2\/tags?post=131568"}],"curies":[{"name":"wp","href":"https:\/\/api.w.org\/{rel}","templated":true}]}}