{"id":131662,"date":"2025-12-04T01:42:16","date_gmt":"2025-12-04T01:42:16","guid":{"rendered":"https:\/\/www.europesays.com\/pl\/131662\/"},"modified":"2025-12-04T01:42:16","modified_gmt":"2025-12-04T01:42:16","slug":"ue-konczy-z-rosyjskim-gazem-wegry-i-slowacja-zloza-skarge-do-tsue","status":"publish","type":"post","link":"https:\/\/www.europesays.com\/pl\/131662\/","title":{"rendered":"UE ko\u0144czy z rosyjskim gazem. W\u0119gry i S\u0142owacja z\u0142o\u017c\u0105 skarg\u0119 do TSUE"},"content":{"rendered":"\n<p>&#13;<br \/>\nZgodnie z\u00a0porozumieniem najp\u00f3\u017aniej do\u00a0listopada 2027\u00a0r. <a href=\"https:\/\/dorzeczy.pl\/ekonomia\/814364\/ue-decyduje-ws-odciecia-sie-od-gazu-z-rosji-szydlo-zakaz-powinien-byc-od-2022-roku.html\" title=\"KE og\u0142asza \u201epocz\u0105tek nowej ery\u201d. Szyd\u0142o kpi: No brawo\" rel=\"nofollow noopener\" target=\"_blank\">UE na\u00a0zawsze zrezygnuje z\u00a0importu rosyjskiego gazu<\/a>. \u2013\u00a0Osi\u0105gni\u0119te w\u00a0nocy porozumienie w\u00a0sprawie wycofania importu rosyjskiego gazu oznacza pocz\u0105tek nowej ery pe\u0142nej niezale\u017cno\u015bci energetycznej Europy od\u00a0Rosji \u2013\u00a0og\u0142osi\u0142a przewodnicz\u0105ca Komisji Europejskiej Ursula von der Leyen. &#13;\n<\/p>\n<p>&#13;<br \/>\n\u2013 Zamykamy t\u0119\u00a0kart\u0119 i\u00a0zamykamy j\u0105 na\u00a0dobre. Wielu uwa\u017ca\u0142o, \u017ce\u00a0to\u00a0niemo\u017cliwe, ale\u00a0liczby m\u00f3wi\u0105 same za\u00a0siebie \u2013\u00a0przekaza\u0142a. &#13;\n<\/p>\n<p>&#13;<br \/>\nWed\u0142ug niej rosyjski import gazu skroplonego LNG i\u00a0z\u00a0gazoci\u0105g\u00f3w spad\u0142 z\u00a045 proc. na\u00a0pocz\u0105tku rosyjskiej inwazji na\u00a0Ukrain\u0119 w\u00a02022\u00a0r. do\u00a013 proc., import w\u0119gla \u2013\u00a0z\u00a051 proc. do\u00a0zera, a\u00a0import ropy naftowej \u2013\u00a0z\u00a026 proc. do\u00a02 proc. obecnie. &#13;\n<\/p>\n<p>W\u0119gry i\u00a0S\u0142owacja id\u0105 do\u00a0TSUE<\/p>\n<p>&#13;<br \/>\nSzijjarto stwierdzi\u0142, \u017ce\u00a0W\u0119gry nie\u00a0akceptuj\u0105 tej decyzji. Szef MSZ, cytowany przez agencj\u0119 Reutera, powiedzia\u0142, \u017ce\u00a0jej realizacja zagrozi bezpiecze\u0144stwu energetycznemu kraju. &#13;\n<\/p>\n<p>&#13;<br \/>\nDyplomata przekaza\u0142, \u017ce\u00a0w\u00a0zwi\u0105zku z\u00a0t\u0105 sytuacj\u0105 W\u0119gry oraz\u00a0S\u0142owacja podj\u0119\u0142y decyzj\u0119 o\u00a0z\u0142o\u017ceniu skargi do\u00a0Trybuna\u0142u Sprawiedliwo\u015bci Unii Europejskiej. &#13;\n<\/p>\n<p>Trudne negocjacje<\/p>\n<p>&#13;<br \/>\nDecyzj\u0119, kt\u00f3ra wywo\u0142a\u0142a takie poruszenie na\u00a0W\u0119grzech i\u00a0S\u0142owacji, podj\u0119li unijni prawodawcy: du\u0144ska prezydencja w\u00a0imieniu pa\u0144stw cz\u0142onkowskich w\u00a0Radzie UE oraz\u00a0Parlament Europejski. Danie odegra\u0142a kluczow\u0105 rol\u0119 w\u00a0doprowadzeniu negocjacji do\u00a0fina\u0142u. \u2013\u00a0To\u00a0du\u017ce zwyci\u0119stwo dla\u00a0nas i\u00a0ca\u0142ej Europy. Musimy po\u0142o\u017cy\u0107 kres uzale\u017cnieniu UE od\u00a0rosyjskiego gazu, a\u00a0zakazanie go\u00a0na sta\u0142e w\u00a0UE jest wa\u017cnym krokiem w\u00a0dobr\u0105 stron\u0119 \u2013\u00a0podkre\u015bli\u0142 du\u0144ski minister ds. energii i\u00a0klimatu Lars Aagaard, komentuj\u0105c porozumienie. &#13;\n<\/p>\n<p>&#13;<br \/>\nPotrzebne jest jeszcze formalne zatwierdzenie decyzji zar\u00f3wno przez Parlament Europejski, jak i\u00a0Rad\u0119 Europejsk\u0105. Procedura ta\u00a0zwykle jest formalno\u015bci\u0105. &#13;\n<\/p>\n<p>&#13;<br \/>\nCzytaj te\u017c:<br \/><a href=\"https:\/\/dorzeczy.pl\/opinie\/814172\/jonski-chcial-scigac-wegry-wniosek-upadl-w-pe.html\" rel=\"follow nofollow noopener\" data-schema=\"DORZECZY\" data-image=\"https:\/\/img.dorzeczy.pl\/_thumb\/db\/3f\/fb30059035581e9c782ed785458e.jpeg\" target=\"_blank\">Jo\u0144ski chcia\u0142 \u015bciga\u0107 W\u0119gry. Wniosek upad\u0142, a\u00a0on sam\u2026 nie\u00a0pojawi\u0142 si\u0119 na\u00a0g\u0142osowaniu<\/a>Czytaj te\u017c:<br \/><a href=\"https:\/\/dorzeczy.pl\/opinie\/814433\/nawrocki-na-wegrzech-o-usa-wojnie-na-ukrainie-i-unii-europejskiej.html\" rel=\"follow nofollow noopener\" data-schema=\"DORZECZY\" data-image=\"https:\/\/img.dorzeczy.pl\/_thumb\/fd\/1f\/a529e8716c1be3debab4c18317b5.jpeg\" target=\"_blank\">Prezydent Nawrocki przyby\u0142 na\u00a0W\u0119gry. &#8222;Jeste\u015bmy zwolennikami bycia w\u00a0UE, ale&#8230;&#8221;<\/a> &#13;<\/p>\n","protected":false},"excerpt":{"rendered":"&#13; Zgodnie z\u00a0porozumieniem najp\u00f3\u017aniej do\u00a0listopada 2027\u00a0r. UE na\u00a0zawsze zrezygnuje z\u00a0importu rosyjskiego gazu. \u2013\u00a0Osi\u0105gni\u0119te w\u00a0nocy porozumienie w\u00a0sprawie wycofania importu&hellip;\n","protected":false},"author":2,"featured_media":131663,"comment_status":"","ping_status":"","sticky":false,"template":"","format":"standard","meta":{"footnotes":""},"categories":[14],"tags":[32,33,98,105,4779,27,12035,34,35,28,31,25,40,41,87,596,80,29,30,8652,104,2670,26,82,83,84],"class_list":{"0":"post-131662","1":"post","2":"type-post","3":"status-publish","4":"format-standard","5":"has-post-thumbnail","7":"category-swiat","8":"tag-breaking-news","9":"tag-breakingnews","10":"tag-dorzeczy","11":"tag-ekonomia","12":"tag-gaz","13":"tag-headlines","14":"tag-jan-fiedorczuk","15":"tag-latest-news","16":"tag-latestnews","17":"tag-naglowki","18":"tag-najwazniejsze-artykuly","19":"tag-news","20":"tag-polish","21":"tag-polski","22":"tag-rosja","23":"tag-slowacja","24":"tag-swiat","25":"tag-top-stories","26":"tag-topstories","27":"tag-tsue","28":"tag-unia-europejska","29":"tag-wegry","30":"tag-wiadomosci","31":"tag-world","32":"tag-world-news","33":"tag-worldnews"},"share_on_mastodon":{"url":"https:\/\/pubeurope.com\/@pl\/115658761454663121","error":""},"_links":{"self":[{"href":"https:\/\/www.europesays.com\/pl\/wp-json\/wp\/v2\/posts\/131662","targetHints":{"allow":["GET"]}}],"collection":[{"href":"https:\/\/www.europesays.com\/pl\/wp-json\/wp\/v2\/posts"}],"about":[{"href":"https:\/\/www.europesays.com\/pl\/wp-json\/wp\/v2\/types\/post"}],"author":[{"embeddable":true,"href":"https:\/\/www.europesays.com\/pl\/wp-json\/wp\/v2\/users\/2"}],"replies":[{"embeddable":true,"href":"https:\/\/www.europesays.com\/pl\/wp-json\/wp\/v2\/comments?post=131662"}],"version-history":[{"count":0,"href":"https:\/\/www.europesays.com\/pl\/wp-json\/wp\/v2\/posts\/131662\/revisions"}],"wp:featuredmedia":[{"embeddable":true,"href":"https:\/\/www.europesays.com\/pl\/wp-json\/wp\/v2\/media\/131663"}],"wp:attachment":[{"href":"https:\/\/www.europesays.com\/pl\/wp-json\/wp\/v2\/media?parent=131662"}],"wp:term":[{"taxonomy":"category","embeddable":true,"href":"https:\/\/www.europesays.com\/pl\/wp-json\/wp\/v2\/categories?post=131662"},{"taxonomy":"post_tag","embeddable":true,"href":"https:\/\/www.europesays.com\/pl\/wp-json\/wp\/v2\/tags?post=131662"}],"curies":[{"name":"wp","href":"https:\/\/api.w.org\/{rel}","templated":true}]}}