{"id":131717,"date":"2025-12-04T03:48:22","date_gmt":"2025-12-04T03:48:22","guid":{"rendered":"https:\/\/www.europesays.com\/pl\/131717\/"},"modified":"2025-12-04T03:48:22","modified_gmt":"2025-12-04T03:48:22","slug":"niepokojace-wiesci-dla-wolodymyra-zelenskiego-ukraincy-ufaja-mu-coraz-mniej-sondaz","status":"publish","type":"post","link":"https:\/\/www.europesays.com\/pl\/131717\/","title":{"rendered":"Niepokoj\u0105ce wie\u015bci dla Wo\u0142odymyra Ze\u0142enskiego. Ukrai\u0144cy ufaj\u0105 mu coraz mniej [SONDA\u017b]"},"content":{"rendered":"<p data-section=\"detail-body\">Jednym z kluczowych czynnik\u00f3w os\u0142abiaj\u0105cych pozycj\u0119 Ze\u0142enskiego jest g\u0142o\u015bna afera korupcyjna, w kt\u00f3r\u0105 zamieszany jest jego by\u0142y wsp\u00f3lnik biznesowy, Tymur Mindicz, oraz osoby z otoczenia w\u0142adz. <\/p>\n<p class=\"article_p\" data-section=\"detail-body\">Czytaj te\u017c: <a href=\"https:\/\/businessinsider.com.pl\/finanse\/ue-przyspiesza-odciecie-od-rosji-jest-porozumienie-w-sprawie-importu-gazu\/19mrm0z\" id=\"699606d1-1e7b-40e2-8513-9880f7ce51e5\" rel=\"nofollow noopener\" target=\"_blank\">UE przyspiesza odci\u0119cie od Rosji. Jest porozumienie w sprawie importu gazu<\/a><\/p>\n<p class=\"article_p\" data-section=\"detail-body\">Dalsza cz\u0119\u015b\u0107 tekstu pod materia\u0142em wideo<\/p>\n<p class=\"article_p\" data-section=\"detail-body\">Afera ta wpisuje si\u0119 w szerszy problem walki z korupcj\u0105 w czasie wojny. Od pocz\u0105tku rosyjskiej inwazji prezydent deklarowa\u0142 &#8222;zero tolerancji&#8221; dla nadu\u017cy\u0107, odwo\u0142uj\u0105c ministr\u00f3w, dow\u00f3dc\u00f3w i urz\u0119dnik\u00f3w zamieszanych w skandale.<\/p>\n<p>            Czytaj tak\u017ce w BUSINESS INSIDER<\/p>\n<p class=\"article_p\" data-section=\"detail-body\">Jednak kolejne przypadki, zw\u0142aszcza dotycz\u0105ce kr\u0119g\u00f3w blisko zwi\u0105zanych z w\u0142adz\u0105, podwa\u017caj\u0105 wizerunek pa\u0144stwa zdeterminowanego do reform. W po\u0142\u0105czeniu z przed\u0142u\u017caj\u0105cym si\u0119 konfliktem i rosn\u0105cym zm\u0119czeniem spo\u0142ecznym przek\u0142ada si\u0119 to na ni\u017csze poparcie dla prezydenta.<\/p>\n<p class=\"article_p\" data-section=\"detail-body\">Czytaj te\u017c: <a href=\"https:\/\/businessinsider.com.pl\/wiadomosci\/nowa-fala-migracji-ukraincow-do-polski-wyroznia-ja-jedna-rzecz\/d0lyy0w\" id=\"d7c88ef9-db56-489b-92c5-9902fc7d6737\" rel=\"nofollow noopener\" target=\"_blank\">Nowa fala migracji Ukrai\u0144c\u00f3w do Polski. Wyr\u00f3\u017cnia j\u0105 jedna rzecz<\/a><\/p>\n<p>        Ukrai\u0144cy ocenili Wo\u0142odymyra Ze\u0142enskiego. Jest nowy sonda\u017c<\/p>\n<p class=\"article_p\" data-section=\"detail-body\">Najnowszy sonda\u017c Sociopolis Research Company wskazuje na <a href=\"https:\/\/businessinsider.com.pl\/wiadomosci\/pisza-o-zmierzchu-zelenskiego-to-on-mialby-go-zastapic\/g1ee2r4\" id=\"7330b31f-2f1a-4b74-8056-99cfa4728010\" rel=\"nofollow noopener\" target=\"_blank\">wyra\u017ane pogorszenie nastroj\u00f3w spo\u0142ecznych wobec prezydenta Wo\u0142odymyra Ze\u0142enskiego<\/a>, kt\u00f3ry jeszcze niedawno cieszy\u0142 si\u0119 rekordowym poparciem zwi\u0105zanym z przyw\u00f3dztwem w czasie wojny.<\/p>\n<p class=\"article_p\" data-section=\"detail-body\">Obecnie 52,2 proc. ankietowanych jest przeciwko jego reelekcji, a 42,8 proc. opowiada si\u0119 za pozostaniem Ze\u0142enskiego u w\u0142adzy. Spadek notowa\u0144 jest wyra\u017any: jeszcze we wrze\u015bniu 2025 r. zwolennik\u00f3w jednej kadencji by\u0142o 46,6 proc., a drugiej \u2014 47,4 proc. Nale\u017cy przy tym pami\u0119ta\u0107, \u017ce wybory prezydenckie mog\u0105 zosta\u0107 przeprowadzone dopiero po zako\u0144czeniu dzia\u0142a\u0144 wojennych, co dodatkowo komplikuje debat\u0119 o przysz\u0142o\u015bci politycznej kraju.<\/p>\n<p>                    <img decoding=\"async\" loading=\"lazy\" class=\"article-image_container--img\" id=\"image_cc13ef8c-03f5-4203-b46a-2c987b297064\" alt=\"Donald Trump i Wo\u0142odymyr Ze\u0142enski w Bia\u0142ym Domu, luty 2025 r.\" src=\"https:\/\/www.europesays.com\/pl\/wp-content\/uploads\/2025\/12\/vLEk9kpTURBXy85YWU4NGM0ZThiNTk5YzJmZWMwN2Y4MmRmYTRlZjMwNC5qcGeRkwLNA5gA3gACoTABoTEB.jpeg\"\/><\/p>\n<p>            Donald Trump i Wo\u0142odymyr Ze\u0142enski w Bia\u0142ym Domu, luty 2025 r.<\/p>\n<p>                    |<br \/>\n                    Joshua Sukoff \/ Shutterstock<\/p>\n<p class=\"article_p\" data-section=\"detail-body\">Maleje r\u00f3wnie\u017c poziom zaufania do g\u0142owy pa\u0144stwa. Obecnie Ze\u0142enskiemu ufa 54 proc. Ukrai\u0144c\u00f3w, podczas gdy 41,9 proc. deklaruje brak zaufania. Dwa miesi\u0105ce wcze\u015bniej odsetki te wygl\u0105da\u0142y odpowiednio: 59,7 proc. i 35,8 proc. Eksperci zwracaj\u0105 uwag\u0119, \u017ce cho\u0107 prezydent wci\u0105\u017c utrzymuje przewag\u0119 zaufania nad nieufno\u015bci\u0105, to trend jest jednoznacznie negatywny, a zmiany nast\u0119puj\u0105 szybciej, ni\u017c przewidywano.<\/p>\n<p>        Afera korupcyjna w Ukrainie i jej polityczne konsekwencje dla prezydenta<\/p>\n<p class=\"article_p\" data-section=\"detail-body\">Sprawa sta\u0142a si\u0119 szeroko komentowana zar\u00f3wno w ukrai\u0144skich mediach, jak i w \u015brodowiskach eksperckich. Wed\u0142ug wynik\u00f3w sondy a\u017c 60 proc. respondent\u00f3w uwa\u017ca, \u017ce <a href=\"https:\/\/businessinsider.com.pl\/wiadomosci\/andrij-jermak-pod-lupa-antykorupcyjnych-sluzb-przeszukania-w-dzielnicy-rzadowej\/5kbxyhe\" id=\"b49fb8f7-6599-4efd-aea6-76a342e86542\" rel=\"nofollow noopener\" target=\"_blank\">Ze\u0142enski ponosi odpowiedzialno\u015b\u0107 za dzia\u0142ania Mindicza i innych podejrzanych<\/a>. Tylko 34 proc. uzna\u0142o, \u017ce prezydent nie jest winny, a 6 proc. nie ma zdania.<\/p>\n<p class=\"article_p\" data-section=\"detail-body\">Badanie Sociopolis Research Company przeprowadzono metod\u0105 CATI na grupie 1007 doros\u0142ych Ukrai\u0144c\u00f3w w dniach 18\u201324 listopada 2025 r. na zlecenie Centrum Organizacji Publicznych Komunikacji Strategicznej &#8222;Forum&#8221;.<\/p>\n","protected":false},"excerpt":{"rendered":"Jednym z kluczowych czynnik\u00f3w os\u0142abiaj\u0105cych pozycj\u0119 Ze\u0142enskiego jest g\u0142o\u015bna afera korupcyjna, w kt\u00f3r\u0105 zamieszany jest jego by\u0142y wsp\u00f3lnik&hellip;\n","protected":false},"author":2,"featured_media":131718,"comment_status":"","ping_status":"","sticky":false,"template":"","format":"standard","meta":{"footnotes":""},"categories":[14],"tags":[32,33,27,34,35,28,31,25,40,41,80,29,30,26,82,83,84],"class_list":{"0":"post-131717","1":"post","2":"type-post","3":"status-publish","4":"format-standard","5":"has-post-thumbnail","7":"category-swiat","8":"tag-breaking-news","9":"tag-breakingnews","10":"tag-headlines","11":"tag-latest-news","12":"tag-latestnews","13":"tag-naglowki","14":"tag-najwazniejsze-artykuly","15":"tag-news","16":"tag-polish","17":"tag-polski","18":"tag-swiat","19":"tag-top-stories","20":"tag-topstories","21":"tag-wiadomosci","22":"tag-world","23":"tag-world-news","24":"tag-worldnews"},"share_on_mastodon":{"url":"https:\/\/pubeurope.com\/@pl\/115659257140979094","error":""},"_links":{"self":[{"href":"https:\/\/www.europesays.com\/pl\/wp-json\/wp\/v2\/posts\/131717","targetHints":{"allow":["GET"]}}],"collection":[{"href":"https:\/\/www.europesays.com\/pl\/wp-json\/wp\/v2\/posts"}],"about":[{"href":"https:\/\/www.europesays.com\/pl\/wp-json\/wp\/v2\/types\/post"}],"author":[{"embeddable":true,"href":"https:\/\/www.europesays.com\/pl\/wp-json\/wp\/v2\/users\/2"}],"replies":[{"embeddable":true,"href":"https:\/\/www.europesays.com\/pl\/wp-json\/wp\/v2\/comments?post=131717"}],"version-history":[{"count":0,"href":"https:\/\/www.europesays.com\/pl\/wp-json\/wp\/v2\/posts\/131717\/revisions"}],"wp:featuredmedia":[{"embeddable":true,"href":"https:\/\/www.europesays.com\/pl\/wp-json\/wp\/v2\/media\/131718"}],"wp:attachment":[{"href":"https:\/\/www.europesays.com\/pl\/wp-json\/wp\/v2\/media?parent=131717"}],"wp:term":[{"taxonomy":"category","embeddable":true,"href":"https:\/\/www.europesays.com\/pl\/wp-json\/wp\/v2\/categories?post=131717"},{"taxonomy":"post_tag","embeddable":true,"href":"https:\/\/www.europesays.com\/pl\/wp-json\/wp\/v2\/tags?post=131717"}],"curies":[{"name":"wp","href":"https:\/\/api.w.org\/{rel}","templated":true}]}}