{"id":131721,"date":"2025-12-04T03:52:08","date_gmt":"2025-12-04T03:52:08","guid":{"rendered":"https:\/\/www.europesays.com\/pl\/131721\/"},"modified":"2025-12-04T03:52:08","modified_gmt":"2025-12-04T03:52:08","slug":"dziarma-wyprawila-wesele-w-stylu-lat-80-zalozyla-suknie-slubna-tesciowej","status":"publish","type":"post","link":"https:\/\/www.europesays.com\/pl\/131721\/","title":{"rendered":"Dziarma wyprawi\u0142a wesele w stylu lat 80. Za\u0142o\u017cy\u0142a sukni\u0119 \u015blubn\u0105 te\u015bciowej"},"content":{"rendered":"<p>Najpi\u0119kniejszy dzie\u0144 w moim \u017cyciu, najpi\u0119kniejsze \u017cycie z moim m\u0119\u017cem. Ju\u017c niestety nie poka\u017cemy nic wi\u0119cej z wesela i ze \u015blubu, bo zostawiamy to dla siebie i dla naszych go\u015bci. Nie by\u0142o to du\u017ce wesele, nie by\u0142 to du\u017cy \u015blub. Nie by\u0142o to wesele i \u015blub typu Las Vegas, \u017ce poznali\u015bmy si\u0119 wczoraj. Ma\u0142o pokazuj\u0119 z tej cz\u0119\u015bci mojego \u017cycia w internecie. Bardzo si\u0119 kochamy, jeste\u015bmy zajist\u0105 par\u0105. Na weselu by\u0142a kie\u0142basa, smalec, disco polo, by\u0142y oczepiny, bardzo wie\u015bniackie. Bukiet i muszk\u0119 z\u0142apa\u0142a para (&#8230;), ta\u0144czyli\u015bmy do Elvisa. O 2 w nocy ta\u0144czy\u0142am w Birkenstockach. No, najpi\u0119kniejsza chwila w moim \u017cyciu. Jestem z siebie dumna, \u017ce ogarn\u0119\u0142am to wesele. Wszystko jest nagrane VHS, z audio, bez \u015bcie\u017cki d\u017awi\u0119kowej, co by\u0142o moim ogromnym marzeniem. Inspirowali\u015bmy si\u0119 latami 80., 90., maksymalizmem. No, by\u0142o idealnie, mordy<\/p>\n<p>&#8211; opowiedzia\u0142a we w\u0142a\u015bciwym sobie stylu.<\/p>\n","protected":false},"excerpt":{"rendered":"Najpi\u0119kniejszy dzie\u0144 w moim \u017cyciu, najpi\u0119kniejsze \u017cycie z moim m\u0119\u017cem. Ju\u017c niestety nie poka\u017cemy nic wi\u0119cej z wesela&hellip;\n","protected":false},"author":2,"featured_media":131722,"comment_status":"","ping_status":"","sticky":false,"template":"","format":"standard","meta":{"footnotes":""},"categories":[22],"tags":[122,42,38,40,39,41,123],"class_list":{"0":"post-131721","1":"post","2":"type-post","3":"status-publish","4":"format-standard","5":"has-post-thumbnail","7":"category-rozrywka","8":"tag-entertainment","9":"tag-pl","10":"tag-poland","11":"tag-polish","12":"tag-polska","13":"tag-polski","14":"tag-rozrywka"},"share_on_mastodon":{"url":"https:\/\/pubeurope.com\/@pl\/115659272591306814","error":""},"_links":{"self":[{"href":"https:\/\/www.europesays.com\/pl\/wp-json\/wp\/v2\/posts\/131721","targetHints":{"allow":["GET"]}}],"collection":[{"href":"https:\/\/www.europesays.com\/pl\/wp-json\/wp\/v2\/posts"}],"about":[{"href":"https:\/\/www.europesays.com\/pl\/wp-json\/wp\/v2\/types\/post"}],"author":[{"embeddable":true,"href":"https:\/\/www.europesays.com\/pl\/wp-json\/wp\/v2\/users\/2"}],"replies":[{"embeddable":true,"href":"https:\/\/www.europesays.com\/pl\/wp-json\/wp\/v2\/comments?post=131721"}],"version-history":[{"count":0,"href":"https:\/\/www.europesays.com\/pl\/wp-json\/wp\/v2\/posts\/131721\/revisions"}],"wp:featuredmedia":[{"embeddable":true,"href":"https:\/\/www.europesays.com\/pl\/wp-json\/wp\/v2\/media\/131722"}],"wp:attachment":[{"href":"https:\/\/www.europesays.com\/pl\/wp-json\/wp\/v2\/media?parent=131721"}],"wp:term":[{"taxonomy":"category","embeddable":true,"href":"https:\/\/www.europesays.com\/pl\/wp-json\/wp\/v2\/categories?post=131721"},{"taxonomy":"post_tag","embeddable":true,"href":"https:\/\/www.europesays.com\/pl\/wp-json\/wp\/v2\/tags?post=131721"}],"curies":[{"name":"wp","href":"https:\/\/api.w.org\/{rel}","templated":true}]}}