{"id":131723,"date":"2025-12-04T03:57:16","date_gmt":"2025-12-04T03:57:16","guid":{"rendered":"https:\/\/www.europesays.com\/pl\/131723\/"},"modified":"2025-12-04T03:57:16","modified_gmt":"2025-12-04T03:57:16","slug":"lukasz-tomczyk-trenerem-rakowa-czestochowa-bedzie-kosztowal-150-tysiecy-zlotych-sport-tvp-pl","status":"publish","type":"post","link":"https:\/\/www.europesays.com\/pl\/131723\/","title":{"rendered":"\u0141ukasz Tomczyk trenerem Rakowa Cz\u0119stochowa. B\u0119dzie kosztowa\u0142 150 tysi\u0119cy z\u0142otych &#8211; sport.tvp.pl"},"content":{"rendered":"<ol>\n<li><a href=\"https:\/\/news.google.com\/rss\/articles\/CBMirgFBVV95cUxNeWk0RjZNZ20wTXVrQ3F5X3NPd1NpN0s3bk1BdHhjVWdsS29zS3JlUkxwZldsMWNDZ0MzVzJ6YVk5bS1RUXVDLVBHWjU0TFpDLU1hNkh2VUtTVGNFMEstbUYzUFBPTk1kU0dfWGNjNTlYc1RTN1dOVGJPejR1MjI3NUllMWMtNFQ2MFBUcmx5ZDlFaVJyNnp1b2R1Tk1PYTZXSzVRbHB1dTBicXVNMVHSAbMBQVVfeXFMTUduQjAwTFFFdko3VU80M0FPdEdHRVVzQkpuVVVhR25IZnZ6SmEtU2hMY3JHQjI1S2hXS0tIZnJ4TEd0TmhkZUlZWmUtZTlQY1ZuZXFxZkFVQ1VNVHdSeGZTaG9KcW5mUVJRNTA2V3ZWVGQ2S054NDBsYm5wMEVDckVkYkI2b2N2UHBDOTJFOUVaeHhwN2d2aGFBWTQzRTJqemlUVDFYWUl0UmtuVzRocXY1TEk?oc=5\" target=\"_blank\" rel=\"nofollow noopener\">\u0141ukasz Tomczyk trenerem Rakowa Cz\u0119stochowa. B\u0119dzie kosztowa\u0142 150 tysi\u0119cy z\u0142otych<\/a>&nbsp;&nbsp;sport.tvp.pl<\/li>\n<li><a href=\"https:\/\/news.google.com\/rss\/articles\/CBMiygFBVV95cUxNZ0NhQUdNeG5SeUQzcE1RZFV1YWpsaGdiQnVNSEp2WlQ4UHQ5NWx2VjEtRkxkUlJaQkIza0RyUWFWUDZfdFdoUGxfQWNRM1VJZkQ5TUtlY1QxSlJMS1k3N2NaODFLVTBMOE1fSFVibkZoNjhuSURUM3IxMGFPdXJDdnZYV1J2Nk10VWZuNGxTSE1GTUJVQ09KUzB0dVNWaXp3cUw5cFhtbW51VzE2US1xTlFybjl2S0VaLUJ6T2VtVVNFUFBDVzBEcVJn?oc=5\" target=\"_blank\" rel=\"nofollow noopener\">W Legii nie mogli w to uwierzy\u0107. Oto warunek, jaki postawi\u0142 Marek Papszun<\/a>&nbsp;&nbsp;Przegl\u0105d Sportowy Onet<\/li>\n<li><a href=\"https:\/\/news.google.com\/rss\/articles\/CBMiuwFBVV95cUxQbFVxczV2MkdmaDlNNkpoSmlhUG55cEdqSHJ5d2UydTBzZ0ZKUnJQaDY4RlF5Y3hMdmRfalRtelBwZGJtSEpFT1BrWTdWMDJZQmphMkh4Uk5fSWFSRHFXOGo0WG9qNWl2Ny1KTGl6R3ZmcUp1d1BsYU9vbFRGZlF1czBxS0RiY1QxbXp3MlpmOUp6d203SmJ4blphQnNYMVRkR2tYOUwyd3VDZ1Q0TWZWMUJfUHdTTzJOdzNn?oc=5\" target=\"_blank\" rel=\"nofollow noopener\">Pi\u0142ka no\u017cna. Prze\u0142om ws. Papszuna? Rak\u00f3w dogadany ws. nowego trenera<\/a>&nbsp;&nbsp;Sport w INTERIA.PL<\/li>\n<li><a href=\"https:\/\/news.google.com\/rss\/articles\/CBMirwFBVV95cUxPRkRUdlB1bHQ1TkdDWWd6Z0V4cXhubTctT3RzV3lsckJwZU1zTFZCMURfTE9qcGJnY2dIMjhBaUJ1YTlPNGRSWTctaURNV25tUDFXamdkcjREcVJfVUVpNGtSU3dFVmNXTlhyVzd1bmZLTS1ZLUE2T1V2MG40M1Yyd0dwVG5YWFZQSElKbVZDOGt4VWswM0doUWFNNmhpdXduU1NDNHV5b3VpNVdJMmNr?oc=5\" target=\"_blank\" rel=\"nofollow noopener\">Zaskoczenie. Media: s\u0105 nowe wie\u015bci ws. kontraktu Papszuna z Legi\u0105<\/a>&nbsp;&nbsp;SportoweFakty<\/li>\n<li><a href=\"https:\/\/news.google.com\/rss\/articles\/CBMilAFBVV95cUxNQm9iVXl5WmJVOG1oWFRERDlKeWR3aU1vQ2FreEliQ2V0TElCZEdHZkdQZlVWWWZzYVdha3JUT1FqdlBLenRPSmFIenBnVG9nTFl1MHhHTkJlX3p2dHY3RlVTdVl0azhWLU8tZ1U3ZUtLcjJ4dkliN0cwQURrMzgxV3I5S0RjUk14U1ZYSGItcHJfcjJj?oc=5\" target=\"_blank\" rel=\"nofollow noopener\">Papszun o przej\u015bciu do Legii. Wymowne s\u0142owa<\/a>&nbsp;&nbsp;Meczyki.pl<\/li>\n<\/ol>\n","protected":false},"excerpt":{"rendered":"\u0141ukasz Tomczyk trenerem Rakowa Cz\u0119stochowa. B\u0119dzie kosztowa\u0142 150 tysi\u0119cy z\u0142otych&nbsp;&nbsp;sport.tvp.pl W Legii nie mogli w to uwierzy\u0107. Oto&hellip;\n","protected":false},"author":2,"featured_media":131724,"comment_status":"","ping_status":"","sticky":false,"template":"","format":"standard","meta":{"footnotes":""},"categories":[5],"tags":[32,33,36,37,27,34,35,713,24729,2221,28,31,25,42,38,40,7174,39,41,3177,334,29,30,26],"class_list":{"0":"post-131723","1":"post","2":"type-post","3":"status-publish","4":"format-standard","5":"has-post-thumbnail","7":"category-naglowki","8":"tag-breaking-news","9":"tag-breakingnews","10":"tag-featured-news","11":"tag-featurednews","12":"tag-headlines","13":"tag-latest-news","14":"tag-latestnews","15":"tag-legia-warszawa","16":"tag-lukasz-tomczyk","17":"tag-marek-papszun","18":"tag-naglowki","19":"tag-najwazniejsze-artykuly","20":"tag-news","21":"tag-pl","22":"tag-poland","23":"tag-polish","24":"tag-polonia-bytom","25":"tag-polska","26":"tag-polski","27":"tag-rakw-czestochowa","28":"tag-sport-tvp-pl","29":"tag-top-stories","30":"tag-topstories","31":"tag-wiadomosci"},"share_on_mastodon":{"url":"https:\/\/pubeurope.com\/@pl\/115659292272452390","error":""},"_links":{"self":[{"href":"https:\/\/www.europesays.com\/pl\/wp-json\/wp\/v2\/posts\/131723","targetHints":{"allow":["GET"]}}],"collection":[{"href":"https:\/\/www.europesays.com\/pl\/wp-json\/wp\/v2\/posts"}],"about":[{"href":"https:\/\/www.europesays.com\/pl\/wp-json\/wp\/v2\/types\/post"}],"author":[{"embeddable":true,"href":"https:\/\/www.europesays.com\/pl\/wp-json\/wp\/v2\/users\/2"}],"replies":[{"embeddable":true,"href":"https:\/\/www.europesays.com\/pl\/wp-json\/wp\/v2\/comments?post=131723"}],"version-history":[{"count":0,"href":"https:\/\/www.europesays.com\/pl\/wp-json\/wp\/v2\/posts\/131723\/revisions"}],"wp:featuredmedia":[{"embeddable":true,"href":"https:\/\/www.europesays.com\/pl\/wp-json\/wp\/v2\/media\/131724"}],"wp:attachment":[{"href":"https:\/\/www.europesays.com\/pl\/wp-json\/wp\/v2\/media?parent=131723"}],"wp:term":[{"taxonomy":"category","embeddable":true,"href":"https:\/\/www.europesays.com\/pl\/wp-json\/wp\/v2\/categories?post=131723"},{"taxonomy":"post_tag","embeddable":true,"href":"https:\/\/www.europesays.com\/pl\/wp-json\/wp\/v2\/tags?post=131723"}],"curies":[{"name":"wp","href":"https:\/\/api.w.org\/{rel}","templated":true}]}}