{"id":131781,"date":"2025-12-04T05:09:14","date_gmt":"2025-12-04T05:09:14","guid":{"rendered":"https:\/\/www.europesays.com\/pl\/131781\/"},"modified":"2025-12-04T05:09:14","modified_gmt":"2025-12-04T05:09:14","slug":"to-bedzie-prawdziwa-rewolucja-ujawniono-plany-barcelony-trzech-pilkarzy-na-wylocie-sport-w-interia-pl","status":"publish","type":"post","link":"https:\/\/www.europesays.com\/pl\/131781\/","title":{"rendered":"To b\u0119dzie prawdziwa rewolucja. Ujawniono plany Barcelony. Trzech pi\u0142karzy na wylocie &#8211; Sport w INTERIA.PL"},"content":{"rendered":"<ol>\n<li><a href=\"https:\/\/news.google.com\/rss\/articles\/CBMiwAFBVV95cUxPemg3aW5qMllUcnlUMUFVM2ZkQW5WWHFNUXFwZVRuWEVXVl9GaXBNMEtCSS1udTlJSEhhVFZSTUNWWFhYblJlbjFzQTR0OHpuRjlaX3NBMlpuUUJIdkRVUzdkeXJTc3BsbDJmbmY4NVlfX29nOU4tM0pIcmpYcWVRYkpIbVpzd2Jna0xBT1g4aVFITDJOUGZ1dFpneDRoUndfRDhoSVVwRk1oVE1WMEtqa0ZPM0U2dk0xejNfMVdNVkg?oc=5\" target=\"_blank\" rel=\"nofollow noopener\">To b\u0119dzie prawdziwa rewolucja. Ujawniono plany Barcelony. Trzech pi\u0142karzy na wylocie<\/a>&nbsp;&nbsp;Sport w INTERIA.PL<\/li>\n<li><a href=\"https:\/\/news.google.com\/rss\/articles\/CBMivgFBVV95cUxQdXktZkx3SHp6WFdhYWVYM2RocjNGNWxoQUFyTW5LUGFXdkZzbzdMUnJLTHJvb2duTkNKSjIxemNwRGU2Ql9kMHpfTFBrQXM2ZkZ4ZFFrSjVNN21qZm84c0l4Mkw4ai12RGJMNERrUDBTeXhKX0J5bks1a2JTd0lxU1p5d0tHLThJaFM0eGlnQXNveW9kN1N3dU5QQktaM3diRzBIdGJXcGZMZXkzRlkxcmRkekZXcklnb3RjVVJ3?oc=5\" target=\"_blank\" rel=\"nofollow noopener\">Trz\u0119sienie ziemi w Barcelonie! Oni s\u0105 na wylocie. Trzy nazwiska<\/a>&nbsp;&nbsp;Przegl\u0105d Sportowy Onet<\/li>\n<li><a href=\"https:\/\/news.google.com\/rss\/articles\/CBMisgFBVV95cUxOYUE2aXBPeHFJZGxrNW80bnczbjRHU3YzZHlac0Z3NU9GcDBJU0l3Zl9CbzFOQm43dGtnNkxSWExGYi1kd3Q4NDN4b2FiaGVFZldScXBOcjRlOHhXTzdUOWJDamEtUUhDT29pSnFVUW1vQmtmZC0zUEZZbjdfNjVjZ1VxcW14czcxaUVZVFBxTE5KVWlSSi04T0w2ZTVoalBHdGpEelF4NjNUOE9OZndUSkF3?oc=5\" target=\"_blank\" rel=\"nofollow noopener\">Szokuj\u0105ce, kto mo\u017ce opu\u015bci\u0107 Barcelon\u0119. Wszystko przez Saudyjczyk\u00f3w<\/a>&nbsp;&nbsp;Meczyki.pl<\/li>\n<li><a href=\"https:\/\/news.google.com\/rss\/articles\/CBMirwFBVV95cUxPWE5CNlZ4SWdaYWVsRS1GbnNSaVlVdzZDMWViNGRWSE5RSDk1NTVVUlllcFVPcXRlSGhVYzZSa1VuNVVZUTZJMkhrcTdQRmdTZWlaUzlNdjQxdDBRUDBXMGphNnpDMllXX19xOUpWclFqdmxlcDl1LWN3SVFnT3dBOHBHNDhDOURBQ2I0cDI3Z20zUnN6V1loODNOVDd2TVptWEZOSWw3SnlUZUE5YTdF?oc=5\" target=\"_blank\" rel=\"nofollow noopener\">To by\u0142by sensacyjny transfer! Wielka gwiazda Barcelony kuszona milionami Pi\u0142ka no\u017cna<\/a>&nbsp;&nbsp;Sport.pl<\/li>\n<li><a href=\"https:\/\/news.google.com\/rss\/articles\/CBMif0FVX3lxTFBtek1pX2VQekZ1bFI3VTFXOUotQllmbEFGT2JCalk2MUVFVGNHWGFwaGpJSmtaYjRrUVlnOXpJMXdsdlV0ZXRaYVlSVnRNQWJGazlCdXk4WVVINVhMLVN2NDBKNTA2ZXo1ZjA3YlBMMlVYcm0waURiNTRxaDNzYW8?oc=5\" target=\"_blank\" rel=\"nofollow noopener\">Barcelona b\u0119dzie robi\u0107 porz\u0105dki. Trzech pi\u0142karzy na wylocie!<\/a>&nbsp;&nbsp;kanalsportowy.pl<\/li>\n<\/ol>\n","protected":false},"excerpt":{"rendered":"To b\u0119dzie prawdziwa rewolucja. Ujawniono plany Barcelony. Trzech pi\u0142karzy na wylocie&nbsp;&nbsp;Sport w INTERIA.PL Trz\u0119sienie ziemi w Barcelonie! Oni&hellip;\n","protected":false},"author":2,"featured_media":131782,"comment_status":"","ping_status":"","sticky":false,"template":"","format":"standard","meta":{"footnotes":""},"categories":[24],"tags":[42,38,40,39,41,127,126],"class_list":{"0":"post-131781","1":"post","2":"type-post","3":"status-publish","4":"format-standard","5":"has-post-thumbnail","7":"category-sport","8":"tag-pl","9":"tag-poland","10":"tag-polish","11":"tag-polska","12":"tag-polski","13":"tag-sport","14":"tag-sports"},"share_on_mastodon":{"url":"https:\/\/pubeurope.com\/@pl\/115659575371151840","error":""},"_links":{"self":[{"href":"https:\/\/www.europesays.com\/pl\/wp-json\/wp\/v2\/posts\/131781","targetHints":{"allow":["GET"]}}],"collection":[{"href":"https:\/\/www.europesays.com\/pl\/wp-json\/wp\/v2\/posts"}],"about":[{"href":"https:\/\/www.europesays.com\/pl\/wp-json\/wp\/v2\/types\/post"}],"author":[{"embeddable":true,"href":"https:\/\/www.europesays.com\/pl\/wp-json\/wp\/v2\/users\/2"}],"replies":[{"embeddable":true,"href":"https:\/\/www.europesays.com\/pl\/wp-json\/wp\/v2\/comments?post=131781"}],"version-history":[{"count":0,"href":"https:\/\/www.europesays.com\/pl\/wp-json\/wp\/v2\/posts\/131781\/revisions"}],"wp:featuredmedia":[{"embeddable":true,"href":"https:\/\/www.europesays.com\/pl\/wp-json\/wp\/v2\/media\/131782"}],"wp:attachment":[{"href":"https:\/\/www.europesays.com\/pl\/wp-json\/wp\/v2\/media?parent=131781"}],"wp:term":[{"taxonomy":"category","embeddable":true,"href":"https:\/\/www.europesays.com\/pl\/wp-json\/wp\/v2\/categories?post=131781"},{"taxonomy":"post_tag","embeddable":true,"href":"https:\/\/www.europesays.com\/pl\/wp-json\/wp\/v2\/tags?post=131781"}],"curies":[{"name":"wp","href":"https:\/\/api.w.org\/{rel}","templated":true}]}}