{"id":131821,"date":"2025-12-04T05:36:13","date_gmt":"2025-12-04T05:36:13","guid":{"rendered":"https:\/\/www.europesays.com\/pl\/131821\/"},"modified":"2025-12-04T05:36:13","modified_gmt":"2025-12-04T05:36:13","slug":"malgorzata-kozuchowska-zabrala-glos-po-pogrzebie-nikodema-mareckiego-wpis-rozdziera-serce","status":"publish","type":"post","link":"https:\/\/www.europesays.com\/pl\/131821\/","title":{"rendered":"Ma\u0142gorzata Ko\u017cuchowska zabra\u0142a g\u0142os po pogrzebie Nikodema Mareckiego. Wpis rozdziera serce"},"content":{"rendered":"<p class=\"Paragraph_desktopParagraph__U31Gm\"><a href=\"https:\/\/plejada.pl\/newsy\/podano-dokladna-przyczyne-smierci-nikodema-mareckiego-prokuratura-ujawnia\/pd24mke\" id=\"573345cd-1d10-4738-84a3-2befa9dd90f5\" rel=\"nofollow noopener\" target=\"_blank\">\u015amier\u0107 Nikodema Mareckiego<\/a> wstrz\u0105sn\u0119\u0142a opini\u0105 publiczn\u0105. 11-letni aktor, znany m.in. z produkcji &#8222;Zo\u0142za&#8221; oraz &#8222;Szpital \u015bw. Anny&#8221;, zgin\u0105\u0142 po tym, jak zosta\u0142 potr\u0105cony przez samoch\u00f3d dostawczy. Do tragedii dosz\u0142o, gdy ch\u0142opiec wybieg\u0142 na jezdni\u0119 zza autobusu.<\/p>\n<p class=\"Paragraph_desktopParagraph__U31Gm\">&#8222;Okropna wiadomo\u015b\u0107, nie \u017cyje Nikodem Marecki, kt\u00f3ry gra\u0142 w Bia\u0142ej odwadze synka g\u0142\u00f3wnej bohaterki, Bronki. Nikodem wybieg\u0142 z autobusu szkolnego i potr\u0105ci\u0142 go samoch\u00f3d. Straszne, wielkie, strata, by\u0142 bardzo zdolny i \u015bwiat si\u0119 przed nim otwiera\u0142\u2026 Do zobaczenia&#8221; \u2014 napisa\u0142 re\u017cyser &#8222;Bia\u0142ej odwagi&#8221;, Marcin Kosza\u0142ka.<\/p>\n<ul class=\"OchatFollowUps_wrapper__1ry7X\">\n<li class=\"OchatFollowUps_item__Dhyly OchatFollowUps_itemDesktop__R6aBv\">Kiedy odby\u0142 si\u0119 pogrzeb Nikodema Mareckiego?<\/li>\n<li class=\"OchatFollowUps_item__Dhyly OchatFollowUps_itemDesktop__R6aBv\">Jakie by\u0142o ostatnie po\u017cegnanie Nikodema Mareckiego przez Ma\u0142gorzat\u0119 Ko\u017cuchowsk\u0105?<\/li>\n<li class=\"OchatFollowUps_item__Dhyly OchatFollowUps_itemDesktop__R6aBv\">Co spowodowa\u0142o \u015bmier\u0107 Nikodema Mareckiego?<\/li>\n<li class=\"OchatFollowUps_item__Dhyly OchatFollowUps_itemDesktop__R6aBv\">W jakich produkcjach wyst\u0119powa\u0142 Nikodem Marecki?<\/li>\n<\/ul>\n<p>Ma\u0142gorzata Ko\u017cuchowska zabra\u0142a g\u0142os po pogrzebie Nikodema Mareckiego <\/p>\n<p class=\"Paragraph_desktopParagraph__U31Gm\">Pogrzeb 11-letniego aktora odby\u0142 si\u0119 w \u015brod\u0119, 3 grudnia, w ko\u015bciele w Nied\u017awiedziu, gdzie t\u0142um \u017ca\u0142obnik\u00f3w po\u017cegna\u0142 Nikodema Mareckiego. Tego dnia poruszaj\u0105cy wpis opublikowa\u0142a Ma\u0142gorzata Ko\u017cuchowska, kt\u00f3ra wsp\u00f3\u0142pracowa\u0142a z ch\u0142opcem na planie &#8222;Zo\u0142zy&#8221;.<\/p>\n<blockquote>\n<p class=\"Paragraph_desktopParagraph__U31Gm\">Nikodem, do zobaczenia w lepszym \u015bwiecie<\/p>\n<\/blockquote>\n<p class=\"Paragraph_desktopParagraph__U31Gm\">\u2014 napisa\u0142a.<\/p>\n<p><img decoding=\"async\" class=\"Image_image__0tuHp Image_autoHeight__f2n87 \" height=\"587\" width=\"880\" src=\"https:\/\/www.europesays.com\/pl\/wp-content\/uploads\/2025\/12\/HRck9kpTURBXy82MzYyZjRiYmZiNTAwMTlkMmJhNjUxODJlNjhhNWViYy5qcGeSlQLNA6wAwsOVAgDNAkvCw94AA6EwAaExAaEzw.jpeg\" alt=\"Nikodem Marecki\" loading=\"lazy\" \/>Andras Szilagyi \/ MW Media<\/p>\n<p>Nikodem Marecki<\/p>\n<p class=\"Paragraph_desktopParagraph__U31Gm\">Dzi\u0119kujemy, \u017ce przeczyta\u0142a\u015b\/e\u015b nasz artyku\u0142 do ko\u0144ca. W serwisie Plejada.pl ka\u017cdego dnia piszemy o najwa\u017cniejszych wydarzeniach show-biznesowych. B\u0105d\u017a na bie\u017c\u0105co! <a rel=\"nofollow noopener\" href=\"https:\/\/profile.google.com\/cp\/Cg0vZy8xMWJ6X19wdHBx\" id=\"a180dda0-13d5-4098-a28d-7ce5570a57da\" target=\"_blank\">Obserwuj<\/a> Plejad\u0119 w Google. Odwied\u017a nas tak\u017ce na <a rel=\"nofollow noopener\" href=\"https:\/\/www.facebook.com\/plejadapl\" id=\"5909f52b-7338-4f8d-8507-a2ffede6eb15\" target=\"_blank\">Facebooku<\/a>, <a rel=\"nofollow noopener\" href=\"https:\/\/www.instagram.com\/plejadapl\/\" id=\"f1db1776-1cf8-4f08-82de-0a6c18b35aac\" target=\"_blank\">Instagramie<\/a>, <a rel=\"nofollow noopener\" href=\"https:\/\/www.youtube.com\/c\/plejada\" id=\"a3e98039-5690-4116-87f4-d6551a7f676a\" target=\"_blank\">YouTube<\/a> oraz <a rel=\"nofollow noopener\" href=\"https:\/\/www.tiktok.com\/@plejada_pl\" id=\"874999a9-2ec6-4d63-87a8-0f5f097a6863\" target=\"_blank\">TikToku<\/a>.<\/p>\n<p class=\"Paragraph_desktopParagraph__U31Gm\">Chcesz podzieli\u0107 si\u0119 ciekawym newsem lub zaproponowa\u0107 temat? Skontaktuj si\u0119 z nami, pisz\u0105c e-maila na adres: <a href=\"https:\/\/www.onet.pl\/styl-zycia\/plejada\/malgorzata-kozuchowska-zabrala-glos-po-pogrzebie-nikodema-mareckiego-wpis-rozdziera\/mailto:plejada@redakcjaonet.pl\" id=\"a36bd4ff-b73e-4622-993a-4702cc07f345\" rel=\"nofollow noopener\" target=\"_blank\">plejada@redakcjaonet.pl<\/a>.<\/p>\n<p><script async src=\"\/\/www.instagram.com\/embed.js\"><\/script><script async src=\"\/\/www.tiktok.com\/embed.js\"><\/script><\/p>\n","protected":false},"excerpt":{"rendered":"\u015amier\u0107 Nikodema Mareckiego wstrz\u0105sn\u0119\u0142a opini\u0105 publiczn\u0105. 11-letni aktor, znany m.in. z produkcji &#8222;Zo\u0142za&#8221; oraz &#8222;Szpital \u015bw. Anny&#8221;, zgin\u0105\u0142&hellip;\n","protected":false},"author":2,"featured_media":131822,"comment_status":"","ping_status":"","sticky":false,"template":"","format":"standard","meta":{"footnotes":""},"categories":[5],"tags":[32,33,36,37,27,67,261,34,35,6576,28,31,53,25,52,68,51,55,42,393,38,40,39,41,47,29,30,65,50,26],"class_list":{"0":"post-131821","1":"post","2":"type-post","3":"status-publish","4":"format-standard","5":"has-post-thumbnail","7":"category-naglowki","8":"tag-breaking-news","9":"tag-breakingnews","10":"tag-featured-news","11":"tag-featurednews","12":"tag-headlines","13":"tag-intextvideo_splayer","14":"tag-kultura","15":"tag-latest-news","16":"tag-latestnews","17":"tag-malgorzata_kozuchowska","18":"tag-naglowki","19":"tag-najwazniejsze-artykuly","20":"tag-new_header","21":"tag-news","22":"tag-onet3","23":"tag-onet3d","24":"tag-onet3d_2i","25":"tag-phx","26":"tag-pl","27":"tag-pogrzeb","28":"tag-poland","29":"tag-polish","30":"tag-polska","31":"tag-polski","32":"tag-screening_general","33":"tag-top-stories","34":"tag-topstories","35":"tag-update_me","36":"tag-v2021","37":"tag-wiadomosci"},"share_on_mastodon":{"url":"https:\/\/pubeurope.com\/@pl\/115659681747358656","error":""},"_links":{"self":[{"href":"https:\/\/www.europesays.com\/pl\/wp-json\/wp\/v2\/posts\/131821","targetHints":{"allow":["GET"]}}],"collection":[{"href":"https:\/\/www.europesays.com\/pl\/wp-json\/wp\/v2\/posts"}],"about":[{"href":"https:\/\/www.europesays.com\/pl\/wp-json\/wp\/v2\/types\/post"}],"author":[{"embeddable":true,"href":"https:\/\/www.europesays.com\/pl\/wp-json\/wp\/v2\/users\/2"}],"replies":[{"embeddable":true,"href":"https:\/\/www.europesays.com\/pl\/wp-json\/wp\/v2\/comments?post=131821"}],"version-history":[{"count":0,"href":"https:\/\/www.europesays.com\/pl\/wp-json\/wp\/v2\/posts\/131821\/revisions"}],"wp:featuredmedia":[{"embeddable":true,"href":"https:\/\/www.europesays.com\/pl\/wp-json\/wp\/v2\/media\/131822"}],"wp:attachment":[{"href":"https:\/\/www.europesays.com\/pl\/wp-json\/wp\/v2\/media?parent=131821"}],"wp:term":[{"taxonomy":"category","embeddable":true,"href":"https:\/\/www.europesays.com\/pl\/wp-json\/wp\/v2\/categories?post=131821"},{"taxonomy":"post_tag","embeddable":true,"href":"https:\/\/www.europesays.com\/pl\/wp-json\/wp\/v2\/tags?post=131821"}],"curies":[{"name":"wp","href":"https:\/\/api.w.org\/{rel}","templated":true}]}}