{"id":131843,"date":"2025-12-04T05:50:13","date_gmt":"2025-12-04T05:50:13","guid":{"rendered":"https:\/\/www.europesays.com\/pl\/131843\/"},"modified":"2025-12-04T05:50:13","modified_gmt":"2025-12-04T05:50:13","slug":"polacy-w-sondazu-o-wyplatach-dla-ofiar-wojny-nie-dla-pomyslu-tuska","status":"publish","type":"post","link":"https:\/\/www.europesays.com\/pl\/131843\/","title":{"rendered":"Polacy w sonda\u017cu o wyp\u0142atach dla ofiar wojny. &#8222;Nie&#8221; dla pomys\u0142u Tuska"},"content":{"rendered":"<ul class=\"UnorderedList_container__nmfSl\">\n<li class=\"UnorderedList_listElement__Py7xi\" data-id=\"ai-summary-link\">Du\u017co czytania, a ma\u0142o czasu? Sprawd\u017a\u00a0skr\u00f3t\u00a0artyku\u0142u<\/li>\n<\/ul>\n<p class=\"Paragraph_desktopParagraph__U31Gm\">Sonda\u017c zosta\u0142 zrealizowany w dniach 2-3 grudnia 2025 r. przez agencj\u0119 SW RESEARCH metod\u0105 wywiad\u00f3w on-line (CAWI \u2014 Computer-Assisted Web Interview) na panelu internetowym SW Panel. W ramach badania przeprowadzono 828 ankiet z og\u00f3lnopolsk\u0105 pr\u00f3b\u0105 doros\u0142ych. Zastosowano dob\u00f3r kwotowy \u2014 pr\u00f3ba by\u0142a reprezentatywna ze wzgl\u0119du na \u0142\u0105czny rozk\u0142ad p\u0142ci, wieku i klasy wielko\u015bci miejscowo\u015bci zamieszkania.<\/p>\n<p class=\"Paragraph_desktopParagraph__U31Gm\">***<\/p>\n<p class=\"Paragraph_desktopParagraph__U31Gm\">W poniedzia\u0142ek w Berlinie <a href=\"https:\/\/wiadomosci.onet.pl\/kraj\/niemcy-zwroca-polsce-dobra-kultury-uzgodnilismy-tutaj-trzy-priorytety\/5nkxdtk\" id=\"c282023d-8b4f-4800-add6-ee54c6a6421b\" rel=\"nofollow noopener\" target=\"_blank\">odby\u0142y si\u0119 polsko-niemieckie konsultacje mi\u0119dzyrz\u0105dowe<\/a>. Jednym z temat\u00f3w poruszonych na konferencji prasowej premiera Donalda Tuska i kanclerza Friedricha Merza by\u0142a kwestia zado\u015b\u0107uczynie\u0144 dla \u017cyj\u0105cych w Polsce ofiar II wojny \u015bwiatowej.<\/p>\n<p class=\"Paragraph_desktopParagraph__U31Gm\">\u2014 Pospieszcie si\u0119, je\u017celi naprawd\u0119 chcecie wykona\u0107 taki gest \u2014 powiedzia\u0142 Tusk w stron\u0119 Merza. \u2014 B\u0119d\u0119 rozwa\u017ca\u0142 w przysz\u0142ym roku, \u017ce Polska wype\u0142ni t\u0119 potrzeb\u0119 z w\u0142asnych \u015brodk\u00f3w. Wi\u0119cej o tym nie chc\u0119 m\u00f3wi\u0107 \u2014 doda\u0142.<\/p>\n<p class=\"VideoPlayerText_videoPlayerText__iDwyz\">Dalszy ci\u0105g materia\u0142u pod wideo<\/p>\n<p class=\"Paragraph_desktopParagraph__U31Gm\">Zesp\u00f3\u0142 Onet Data policzy\u0142, ile odszkodowania mog\u0142yby nas kosztowa\u0107: w 2026 r. szacunkowy koszt programu wyni\u00f3s\u0142by 440 mln z\u0142. W ci\u0105gu nabli\u017cszych 15 lat mowa o kwocie przekraczaj\u0105cej 2 mld z\u0142.<\/p>\n<ul class=\"OchatFollowUps_wrapper__1ry7X\">\n<li class=\"OchatFollowUps_item__Dhyly OchatFollowUps_itemDesktop__R6aBv\">Jakie by\u0142y wyniki sonda\u017cu na temat zado\u015b\u0107uczynie\u0144?<\/li>\n<li class=\"OchatFollowUps_item__Dhyly OchatFollowUps_itemDesktop__R6aBv\">Kto by\u0142 g\u0142\u00f3wnym tematem rozm\u00f3w w Berlinie?<\/li>\n<li class=\"OchatFollowUps_item__Dhyly OchatFollowUps_itemDesktop__R6aBv\">Ile mog\u0105 kosztowa\u0107 zado\u015b\u0107uczynienia w 2026 roku?<\/li>\n<li class=\"OchatFollowUps_item__Dhyly OchatFollowUps_itemDesktop__R6aBv\">Jakie s\u0105 r\u00f3\u017cnice w odpowiedziach m\u0119\u017cczyzn i kobiet w sonda\u017cu?<\/li>\n<\/ul>\n<p>Zado\u015b\u0107uczynienia dla ofiar wojny? Sonda\u017c: Polacy nie m\u00f3wi\u0105 jednym g\u0142osem <\/p>\n<p class=\"Paragraph_desktopParagraph__U31Gm\">Pracownia SW Research na zlecenie Onetu zada\u0142a ankietowanym pytanie: &#8222;Czy Pani\/Pana zdaniem Polska powinna wyp\u0142aci\u0107 zado\u015b\u0107uczynienia dla \u017cyj\u0105cych Polak\u00f3w \u2014 ofiar II wojny \u015bwiatowej, je\u015bli Niemcy nie podejm\u0105 takiej decyzji?&#8221;.<\/p>\n<p class=\"Paragraph_desktopParagraph__U31Gm\">Ponad jedna czwarta respondent\u00f3w (25,8 proc.) uwa\u017ca, \u017ce Polska powinna wyp\u0142aci\u0107 zado\u015b\u0107uczynienia. Jednak najwi\u0119ksza grupa (43,3 proc.) sprzeciwia si\u0119 temu rozwi\u0105zaniu. Pozostaje niemal jedna trzecia ankietowanych (30,9 proc.), kt\u00f3ra nie potrafi jednoznacznie oceni\u0107, czy Polska powinna podj\u0105\u0107 taki krok.<\/p>\n<p class=\"Paragraph_desktopParagraph__U31Gm\">Cz\u0119\u015bciej odpowiedzi &#8222;tak&#8221; udziela\u0142y kobiety (28,4 proc.) ni\u017c m\u0119\u017cczy\u017ani (22,9 proc.). Co ciekawe, najwi\u0119ksze uznanie dla tego pomys\u0142u jest w najm\u0142odszej grupie wiekowej, do 24. roku \u017cycia (33,8 proc.), a najmniejsze w tej najstarszej, powy\u017cej 50 lat (20,9 proc.). <\/p>\n","protected":false},"excerpt":{"rendered":"Du\u017co czytania, a ma\u0142o czasu? Sprawd\u017a\u00a0skr\u00f3t\u00a0artyku\u0142u Sonda\u017c zosta\u0142 zrealizowany w dniach 2-3 grudnia 2025 r. przez agencj\u0119 SW&hellip;\n","protected":false},"author":2,"featured_media":131844,"comment_status":"","ping_status":"","sticky":false,"template":"","format":"standard","meta":{"footnotes":""},"categories":[5],"tags":[32,33,200,36,37,27,12328,67,34,35,28,31,53,25,773,52,68,51,55,42,38,40,39,41,1394,47,366,29,30,65,50,26],"class_list":{"0":"post-131843","1":"post","2":"type-post","3":"status-publish","4":"format-standard","5":"has-post-thumbnail","7":"category-naglowki","8":"tag-breaking-news","9":"tag-breakingnews","10":"tag-donald_tusk_polityk","11":"tag-featured-news","12":"tag-featurednews","13":"tag-headlines","14":"tag-ii_wojna_swiatowa_okres_historyczny","15":"tag-intextvideo_splayer","16":"tag-latest-news","17":"tag-latestnews","18":"tag-naglowki","19":"tag-najwazniejsze-artykuly","20":"tag-new_header","21":"tag-news","22":"tag-niemcy_rfn_republika_federalna_niemiec","23":"tag-onet3","24":"tag-onet3d","25":"tag-onet3d_2i","26":"tag-phx","27":"tag-pl","28":"tag-poland","29":"tag-polish","30":"tag-polska","31":"tag-polski","32":"tag-reparacje_reparacje_wojenne","33":"tag-screening_general","34":"tag-sondaz","35":"tag-top-stories","36":"tag-topstories","37":"tag-update_me","38":"tag-v2021","39":"tag-wiadomosci"},"share_on_mastodon":{"url":"","error":"Validation failed: Text character limit of 500 exceeded"},"_links":{"self":[{"href":"https:\/\/www.europesays.com\/pl\/wp-json\/wp\/v2\/posts\/131843","targetHints":{"allow":["GET"]}}],"collection":[{"href":"https:\/\/www.europesays.com\/pl\/wp-json\/wp\/v2\/posts"}],"about":[{"href":"https:\/\/www.europesays.com\/pl\/wp-json\/wp\/v2\/types\/post"}],"author":[{"embeddable":true,"href":"https:\/\/www.europesays.com\/pl\/wp-json\/wp\/v2\/users\/2"}],"replies":[{"embeddable":true,"href":"https:\/\/www.europesays.com\/pl\/wp-json\/wp\/v2\/comments?post=131843"}],"version-history":[{"count":0,"href":"https:\/\/www.europesays.com\/pl\/wp-json\/wp\/v2\/posts\/131843\/revisions"}],"wp:featuredmedia":[{"embeddable":true,"href":"https:\/\/www.europesays.com\/pl\/wp-json\/wp\/v2\/media\/131844"}],"wp:attachment":[{"href":"https:\/\/www.europesays.com\/pl\/wp-json\/wp\/v2\/media?parent=131843"}],"wp:term":[{"taxonomy":"category","embeddable":true,"href":"https:\/\/www.europesays.com\/pl\/wp-json\/wp\/v2\/categories?post=131843"},{"taxonomy":"post_tag","embeddable":true,"href":"https:\/\/www.europesays.com\/pl\/wp-json\/wp\/v2\/tags?post=131843"}],"curies":[{"name":"wp","href":"https:\/\/api.w.org\/{rel}","templated":true}]}}