{"id":131904,"date":"2025-12-04T06:38:08","date_gmt":"2025-12-04T06:38:08","guid":{"rendered":"https:\/\/www.europesays.com\/pl\/131904\/"},"modified":"2025-12-04T06:38:08","modified_gmt":"2025-12-04T06:38:08","slug":"polacy-masowo-wracaja-z-niemiec-ujawnili-powody","status":"publish","type":"post","link":"https:\/\/www.europesays.com\/pl\/131904\/","title":{"rendered":"Polacy masowo wracaj\u0105 z Niemiec. Ujawnili powody"},"content":{"rendered":"<p>W ci\u0105gu pierwszych dziewi\u0119ciu miesi\u0119cy 2025 roku Niemcy opu\u015bci\u0142o ponad 55 tysi\u0119cy Polak\u00f3w, wi\u0119cej, ni\u017c w\u00a0tym samym czasie tam przyjecha\u0142o &#8211;\u00a0podaje &#8222;Bild&#8221;. To zaskakuj\u0105cy zwrot w\u00a0dotychczasowych trendach, bo statystyki wyra\u017anie pokazuj\u0105 odwr\u00f3cenie kierunk\u00f3w migracji.<\/p>\n<p>Coraz wi\u0119cej naszych rodak\u00f3w decyduje si\u0119 na powr\u00f3t do Polski, gdzie warunki gospodarcze i\u00a0mo\u017cliwo\u015bci zawodowe staj\u0105 si\u0119 coraz bardziej atrakcyjne.<\/p>\n<p>Polskie spo\u0142ecze\u0144stwo w\u00a0Niemczech, cho\u0107 zintegrowane, nie tworzy tak widocznych skupisk jak inne mniejszo\u015bci. Ksi\u0105dz Marcin Maslanka z\u00a0Ravensburga, cytowany przez &#8222;Bild&#8221; zaznacza, \u017ce wielu Polak\u00f3w nie widzi potrzeby otwierania w\u0142asnych sklep\u00f3w, dostosowuj\u0105c si\u0119 do lokalnych warunk\u00f3w i\u00a0korzystaj\u0105c z\u00a0innych europejskich punkt\u00f3w sprzeda\u017cy.<\/p>\n<p>Anna Vitullo sp\u0119dzi\u0142a 13 lat w\u00a0Niemczech. Znalaz\u0142a tu przyjaci\u00f3\u0142 i\u00a0pokocha\u0142 j\u0119zyk niemiecki. Mimo to zdecydowa\u0142a si\u0119 wr\u00f3ci\u0107 do ojczyzny.<\/p>\n<p>Jak podkre\u015blaj\u0105 niemieccy dziennikarze, nasz kraj notuje solidny wzrost gospodarczy, szacowany na 3-4 proc. w\u00a02025 r., oraz niskie bezrobocie. Te czynniki sprawiaj\u0105, \u017ce dla wielu Polak\u00f3w, powr\u00f3t do kraju staje si\u0119 bardziej atrakcyjny ni\u017c pozostanie w\u00a0Niemczech.<\/p>\n<p>Kolejn\u0105 osob\u0105, kt\u00f3ra wr\u00f3ci\u0142a do Polski jest spawacz Marek Doskoczy\u0144ski, kt\u00f3ry zwr\u00f3ci\u0142 uwag\u0119 na koszty \u017cycia. <\/p>\n<p>Eksperci zauwa\u017caj\u0105, \u017ce cho\u0107 zainteresowanie prac\u0105 w\u00a0Niemczech nie zanik\u0142o, zmieniaj\u0105 si\u0119 \u017ar\u00f3d\u0142a rekrutacji. Dr Dominik MatZcak z\u00a0firmy Silverhand nie potwierdza, aby Polacy zupe\u0142nie stracili zainteresowanie prac\u0105 w\u00a0Niemczech, ale zauwa\u017ca, \u017ce obecnie rekrutowani s\u0105 g\u0142\u00f3wnie z\u00a0mniejszych miejscowo\u015bci, gdzie boom gospodarczy nie dotar\u0142 jeszcze w\u00a0pe\u0142ni.<\/p>\n<p>Polska diaspora w\u00a0Niemczech przechodzi wi\u0119c zmian\u0119, ale nadal stanowi istotn\u0105 cz\u0119\u015b\u0107 spo\u0142eczno\u015bci mieszkaj\u0105cej za granic\u0105, zajmuj\u0105c pi\u0105te miejsce pod wzgl\u0119dem liczebno\u015bci zaraz za Turkami, Ukrai\u0144cami, Syryjczykami i\u00a0Rumunami.<\/p>\n","protected":false},"excerpt":{"rendered":"W ci\u0105gu pierwszych dziewi\u0119ciu miesi\u0119cy 2025 roku Niemcy opu\u015bci\u0142o ponad 55 tysi\u0119cy Polak\u00f3w, wi\u0119cej, ni\u017c w\u00a0tym samym czasie&hellip;\n","protected":false},"author":2,"featured_media":131905,"comment_status":"","ping_status":"","sticky":false,"template":"","format":"standard","meta":{"footnotes":""},"categories":[12],"tags":[32,33,36,37,27,34,35,28,31,25,42,38,40,39,41,29,30,26],"class_list":{"0":"post-131904","1":"post","2":"type-post","3":"status-publish","4":"format-standard","5":"has-post-thumbnail","7":"category-polska","8":"tag-breaking-news","9":"tag-breakingnews","10":"tag-featured-news","11":"tag-featurednews","12":"tag-headlines","13":"tag-latest-news","14":"tag-latestnews","15":"tag-naglowki","16":"tag-najwazniejsze-artykuly","17":"tag-news","18":"tag-pl","19":"tag-poland","20":"tag-polish","21":"tag-polska","22":"tag-polski","23":"tag-top-stories","24":"tag-topstories","25":"tag-wiadomosci"},"share_on_mastodon":{"url":"https:\/\/pubeurope.com\/@pl\/115659925408378499","error":""},"_links":{"self":[{"href":"https:\/\/www.europesays.com\/pl\/wp-json\/wp\/v2\/posts\/131904","targetHints":{"allow":["GET"]}}],"collection":[{"href":"https:\/\/www.europesays.com\/pl\/wp-json\/wp\/v2\/posts"}],"about":[{"href":"https:\/\/www.europesays.com\/pl\/wp-json\/wp\/v2\/types\/post"}],"author":[{"embeddable":true,"href":"https:\/\/www.europesays.com\/pl\/wp-json\/wp\/v2\/users\/2"}],"replies":[{"embeddable":true,"href":"https:\/\/www.europesays.com\/pl\/wp-json\/wp\/v2\/comments?post=131904"}],"version-history":[{"count":0,"href":"https:\/\/www.europesays.com\/pl\/wp-json\/wp\/v2\/posts\/131904\/revisions"}],"wp:featuredmedia":[{"embeddable":true,"href":"https:\/\/www.europesays.com\/pl\/wp-json\/wp\/v2\/media\/131905"}],"wp:attachment":[{"href":"https:\/\/www.europesays.com\/pl\/wp-json\/wp\/v2\/media?parent=131904"}],"wp:term":[{"taxonomy":"category","embeddable":true,"href":"https:\/\/www.europesays.com\/pl\/wp-json\/wp\/v2\/categories?post=131904"},{"taxonomy":"post_tag","embeddable":true,"href":"https:\/\/www.europesays.com\/pl\/wp-json\/wp\/v2\/tags?post=131904"}],"curies":[{"name":"wp","href":"https:\/\/api.w.org\/{rel}","templated":true}]}}