{"id":131916,"date":"2025-12-04T06:47:08","date_gmt":"2025-12-04T06:47:08","guid":{"rendered":"https:\/\/www.europesays.com\/pl\/131916\/"},"modified":"2025-12-04T06:47:08","modified_gmt":"2025-12-04T06:47:08","slug":"a-wiec-to-nie-byl-jednorazowy-popis-piotra-zielinskiego-tak-ocenili-go-wlosi-przeglad-sportowy-onet","status":"publish","type":"post","link":"https:\/\/www.europesays.com\/pl\/131916\/","title":{"rendered":"A wi\u0119c to nie by\u0142 jednorazowy popis Piotra Zieli\u0144skiego! Tak ocenili go W\u0142osi &#8211; Przegl\u0105d Sportowy Onet"},"content":{"rendered":"<ol>\n<li><a href=\"https:\/\/news.google.com\/rss\/articles\/CBMi1AFBVV95cUxNY1djYzg2UnJCYjVXU2EtbkwzRVpPZ0pNamVUa0NJNzBXR1ZSbTdUV203dmFiT1R0eXV0M3AxOEJvU1hWR1RCSVJzanExdXd4M2VvcWRJcEhVdHp0LWpEU1REM0ROb1BZMXlUT3V1cWU1OGRldExMeWdrVFBmcFpKaC0zN3ZqeG5sSm9ON0w3QWM5dlN5a3l2Q0doNGp0TlNIUURXdWVCdGlRcHItWDhYbXlJVXpJdWRaTlFoV3pEYTVrR3ZDa2Q3UlNrWkxFMFZaLS0xaA?oc=5\" target=\"_blank\" rel=\"nofollow noopener\">A wi\u0119c to nie by\u0142 jednorazowy popis Piotra Zieli\u0144skiego! Tak ocenili go W\u0142osi<\/a>&nbsp;&nbsp;Przegl\u0105d Sportowy Onet<\/li>\n<li><a href=\"https:\/\/news.google.com\/rss\/articles\/CBMiwAFBVV95cUxNeGpTZUxBU1YzU0QzNHdUZzBWeXlsQ2pxczBSMXhJSzdQbU9sUU9tTVRDaFozel9CY0E3Q1lyS3VDYVNEMzBMRnI3aXBTTjVDTDBRSFpOajFmcmkxSlFHZ1Vla3ZiekxLMWZEZ3JKaDdzY3FTVUYzSjZDYjFYeGVNUml4VjM5ZFZ1cU9fWGI0ZW43RUlhMTJlSWlxUnVHUUZSTGZqaE9GYkVST21xamtRZ1NMX1BrY3pRSUJqQ2lxSDg?oc=5\" target=\"_blank\" rel=\"nofollow noopener\">B\u0142ysk geniuszu Zieli\u0144skiego, p\u00f3\u017aniej taki cios. Polak nie mia\u0142 prawa si\u0119 tego spodziewa\u0107<\/a>&nbsp;&nbsp;Sport w INTERIA.PL<\/li>\n<li><a href=\"https:\/\/news.google.com\/rss\/articles\/CBMiqgFBVV95cUxOYV9aTGRhNHZGejc1V1B1eUFScWpDckhFWFgwR3BSUE01RWNoQlhxd0RnT3hmMlRiUzg4VlZ5R3BQUGlaR3JVYTF5MDhmdnMwdnZMczJnRGhlZ09CZGFMUkFWdkhfcTdIWkNaS181d1hmQmF2YTczSnhyZlFESnQ2QjMwTmhnS01USEZjQnFHaUNXY1g0MF94OW5JNXdxejc4ZTROOTRGTUxNUQ?oc=5\" target=\"_blank\" rel=\"nofollow noopener\">Inter przejecha\u0142 si\u0119 po rywalu. B\u0142ysk Zieli\u0144skiego, a potem taka informacja Pi\u0142ka no\u017cna<\/a>&nbsp;&nbsp;Sport.pl<\/li>\n<li><a href=\"https:\/\/news.google.com\/rss\/articles\/CBMinwFBVV95cUxQZy11MHFZQk5LRUFpdUlNajNzR2NJVENrME9RaVZjNkhtVkRteFRDX3FSb0pFdmNBcnF4Q2kzZDFmdDRiUTFaWkJvekktMEdqZmZsYjZJc2lvbHp0YVNMMWliZHNBUl9KM200czNkOHcxNGxrUVVvb1pqSVBNRVlGZ2xGZllTVlpwVEktd3lpR0dRcklSUFJ6Y0VMZ0phSG_SAaQBQVVfeXFMTkRWX05FY0VJVHprWWtMOC1HcEpHQy1kMGlrYkdFLVNGWDQzZ3ZzclNzRVRSTG85VC1UUXo3LUVCYjFwWjZxZGc3OEpWekhZSVUxd3c2dmdkVUU4UmYzZUdvcHNWdGg0YVdVU08zSTlidkZwOWh3V2UwdThSUm1WNHNPSjFSR3dwUno3c3ROZ0FaM2gwSkZiTjcxa2YwdENuZDdveTA?oc=5\" target=\"_blank\" rel=\"nofollow noopener\">Puchar W\u0142och. Piotr Zieli\u0144ski zaliczy\u0142 asyst\u0119 w meczu Interu z Venezi\u0105. Dobry dzie\u0144 Polak\u00f3w<\/a>&nbsp;&nbsp;sport.tvp.pl<\/li>\n<li><a href=\"https:\/\/news.google.com\/rss\/articles\/CBMitwFBVV95cUxNTzVMbUF3bW1WbDNMUjdITXoySy15RmVxWm5MUjRhTXlMV29oN1R0VExQeUp2eVNfemJVdU9uTWFnUmc5VGpTVTN0YWNjSjdOYXFvczVEcDRSbTlRNzZPdnV1TmZYVTNkZUNYa0d3UDlkYjdDOFJPVF9zanY0U3I1UzQ3eVlCVjhUX0diS3Y3TnJCeFVQX2d6TG1aTDY0TXFEWk9sNURCWTBZUHZoaGdhRDlCOXBkbHc?oc=5\" target=\"_blank\" rel=\"nofollow noopener\">Zieli\u0144ski z asyst\u0105, a zachwyt\u00f3w nie ma ko\u0144ca. &#8222;Jest w doskona\u0142ej formie&#8221;<\/a>&nbsp;&nbsp;SportoweFakty<\/li>\n<\/ol>\n","protected":false},"excerpt":{"rendered":"A wi\u0119c to nie by\u0142 jednorazowy popis Piotra Zieli\u0144skiego! Tak ocenili go W\u0142osi&nbsp;&nbsp;Przegl\u0105d Sportowy Onet B\u0142ysk geniuszu Zieli\u0144skiego,&hellip;\n","protected":false},"author":2,"featured_media":131917,"comment_status":"","ping_status":"","sticky":false,"template":"","format":"standard","meta":{"footnotes":""},"categories":[24],"tags":[304,67,13069,42,38,40,39,41,136,128,6112,47,4079,127,135,126,130],"class_list":{"0":"post-131916","1":"post","2":"type-post","3":"status-publish","4":"format-standard","5":"has-post-thumbnail","7":"category-sport","8":"tag-eres","9":"tag-intextvideo_splayer","10":"tag-piotr_zielinski","11":"tag-pl","12":"tag-poland","13":"tag-polish","14":"tag-polska","15":"tag-polski","16":"tag-ps_detal_new","17":"tag-psv2","18":"tag-puchar_wloch","19":"tag-screening_general","20":"tag-serie_a","21":"tag-sport","22":"tag-sport_sport","23":"tag-sports","24":"tag-wiadomosci_sportowe"},"share_on_mastodon":{"url":"https:\/\/pubeurope.com\/@pl\/115659960738510808","error":""},"_links":{"self":[{"href":"https:\/\/www.europesays.com\/pl\/wp-json\/wp\/v2\/posts\/131916","targetHints":{"allow":["GET"]}}],"collection":[{"href":"https:\/\/www.europesays.com\/pl\/wp-json\/wp\/v2\/posts"}],"about":[{"href":"https:\/\/www.europesays.com\/pl\/wp-json\/wp\/v2\/types\/post"}],"author":[{"embeddable":true,"href":"https:\/\/www.europesays.com\/pl\/wp-json\/wp\/v2\/users\/2"}],"replies":[{"embeddable":true,"href":"https:\/\/www.europesays.com\/pl\/wp-json\/wp\/v2\/comments?post=131916"}],"version-history":[{"count":0,"href":"https:\/\/www.europesays.com\/pl\/wp-json\/wp\/v2\/posts\/131916\/revisions"}],"wp:featuredmedia":[{"embeddable":true,"href":"https:\/\/www.europesays.com\/pl\/wp-json\/wp\/v2\/media\/131917"}],"wp:attachment":[{"href":"https:\/\/www.europesays.com\/pl\/wp-json\/wp\/v2\/media?parent=131916"}],"wp:term":[{"taxonomy":"category","embeddable":true,"href":"https:\/\/www.europesays.com\/pl\/wp-json\/wp\/v2\/categories?post=131916"},{"taxonomy":"post_tag","embeddable":true,"href":"https:\/\/www.europesays.com\/pl\/wp-json\/wp\/v2\/tags?post=131916"}],"curies":[{"name":"wp","href":"https:\/\/api.w.org\/{rel}","templated":true}]}}