{"id":131951,"date":"2025-12-04T07:20:12","date_gmt":"2025-12-04T07:20:12","guid":{"rendered":"https:\/\/www.europesays.com\/pl\/131951\/"},"modified":"2025-12-04T07:20:12","modified_gmt":"2025-12-04T07:20:12","slug":"glosna-promocja-pod-lupa-rzeczniczka-praw-dziecka-zlozyla-skarge","status":"publish","type":"post","link":"https:\/\/www.europesays.com\/pl\/131951\/","title":{"rendered":"G\u0142o\u015bna promocja pod lup\u0105. Rzeczniczka Praw Dziecka z\u0142o\u017cy\u0142a skarg\u0119"},"content":{"rendered":"<p>Rzeczniczka Praw Dziecka zaskar\u017cy\u0142a trzy kampanie, wskazuj\u0105c zagro\u017cenia dla rozwoju dzieci i\u00a0naruszenia standard\u00f3w etycznych. Komisja Etyki Reklamy przychyli\u0142a si\u0119 do jej argument\u00f3w.<\/p>\n<p>Burza po\u00a0wecie prezydenta. W\u00a0Sejmie komentuj\u0105 ruch Nawrockiego <\/p>\n<p>Skargi obejmowa\u0142y przepisy Kodeksu Etyki Reklamy, w\u00a0tym zakaz promowania przemocy i\u00a0dyskryminacji oraz zapisy Karty Ochrony Dzieci w\u00a0Reklamie.<\/p>\n<p>RPD wskaza\u0142a na materia\u0142 z\u00a0lipca 2025 r. z\u00a0bardzo m\u0142od\u0105 dziewczyn\u0105 z\u00a0p\u0119tl\u0105 na szyi, podpi\u0119t\u0105 do ruszaj\u0105cego auta, opatrzony has\u0142em: &#8222;Kup bilet, \u017ceby Nika nie musia\u0142a wi\u0119cej ryzykowa\u0107 swoim \u017cyciem&#8221;. <\/p>\n<p>Zarzuty dotyczy\u0142y m.in. art. 5\u00a0i\u00a06\u00a0KER (przemoc, szok i\u00a0l\u0119k) oraz art. 25 KER i\u00a0art. 5\u00a0Karty (zagro\u017cenie dla rozwoju dzieci). &#8211; Pot\u0119\u017cny kryzys zdrowia psychicznego w\u015br\u00f3d dzieci i\u00a0m\u0142odzie\u017cy jest faktem. Dlatego reklamy publikowane w\u00a0takim kszta\u0142cie s\u0105 niedopuszczalne &#8211;\u00a0podkre\u015bli\u0142a w\u00a0skardze Horna-Cie\u015blak.<\/p>\n<p>W drugiej sprawie RPD zaatakowa\u0142a komunikacj\u0119 festiwalu Hevelka. W\u00a0relacji na Facebooku pokazano dwoje nieletnich na obracaj\u0105cej si\u0119 platformie z\u00a0napisem &#8222;Dzieci do 13 lat wchodz\u0105 za darmo!&#8221; i\u00a0oznaczeniami wydarzenia alkoholowego. <\/p>\n<p>W ocenie skargi naruszono art. 13 Ustawy o\u00a0wychowaniu w\u00a0trze\u017awo\u015bci oraz artyku\u0142y Karty, zakazuj\u0105ce \u0142\u0105czenia wizerunku dzieci z\u00a0alkoholem. RPD argumentowa\u0142a, \u017ce uczestnictwo dzieci w\u00a0akcjach promuj\u0105cych alkohol budzi szczeg\u00f3lny niepok\u00f3j.<\/p>\n<p>Media Expert i\u00a0akcja &#8222;Pi\u0105tka za\u00a0pi\u0105tk\u0119&#8221;. Czy to\u00a0dyskryminacja dzieci? <\/p>\n<p>Trzecia skarga dotyczy\u0142a promocji Media Expert. RPD zarzuci\u0142a naruszenia art. 4\u00a0i\u00a025 KER oraz art. 5\u00a0pkt 9\u00a0Karty, podnosz\u0105c, \u017ce nagradzanie wy\u0142\u0105cznie za oceny wzmacnia presj\u0119 i\u00a0krzywdz\u0105co warto\u015bciuje dzieci, wbrew zapisom Konwencji o\u00a0prawach dziecka i\u00a0Konwencji o\u00a0prawach os\u00f3b z\u00a0niepe\u0142nosprawno\u015bciami. Rzeczniczka zaznaczy\u0142a, \u017ce ka\u017cde dziecko ma unikatowe talenty, kt\u00f3re nie zawsze wida\u0107 w\u00a0ocenach.<\/p>\n<p>RPD apelowa\u0142a o\u00a0odst\u0105pienie od podobnych praktyk handlowych lub o\u00a0takie projektowanie akcji, by docenia\u0142y wszystkie dzieci na koniec roku szkolnego. <\/p>\n<p>Komisja Etyki Reklamy uwzgl\u0119dni\u0142a skargi. Uchwa\u0142y s\u0105 nieprawomocne. Stronom przys\u0142uguje 10 dni na z\u0142o\u017cenie odwo\u0142ania od momentu dor\u0119czenia decyzji.<\/p>\n<p>\u0179r\u00f3d\u0142o: wirtualnemedia.pl<\/p>\n","protected":false},"excerpt":{"rendered":"Rzeczniczka Praw Dziecka zaskar\u017cy\u0142a trzy kampanie, wskazuj\u0105c zagro\u017cenia dla rozwoju dzieci i\u00a0naruszenia standard\u00f3w etycznych. Komisja Etyki Reklamy przychyli\u0142a&hellip;\n","protected":false},"author":2,"featured_media":131952,"comment_status":"","ping_status":"","sticky":false,"template":"","format":"standard","meta":{"footnotes":""},"categories":[12],"tags":[32,33,36,37,27,34,35,28,31,25,42,38,40,39,41,29,30,26],"class_list":{"0":"post-131951","1":"post","2":"type-post","3":"status-publish","4":"format-standard","5":"has-post-thumbnail","7":"category-polska","8":"tag-breaking-news","9":"tag-breakingnews","10":"tag-featured-news","11":"tag-featurednews","12":"tag-headlines","13":"tag-latest-news","14":"tag-latestnews","15":"tag-naglowki","16":"tag-najwazniejsze-artykuly","17":"tag-news","18":"tag-pl","19":"tag-poland","20":"tag-polish","21":"tag-polska","22":"tag-polski","23":"tag-top-stories","24":"tag-topstories","25":"tag-wiadomosci"},"share_on_mastodon":{"url":"https:\/\/pubeurope.com\/@pl\/115660090496843219","error":""},"_links":{"self":[{"href":"https:\/\/www.europesays.com\/pl\/wp-json\/wp\/v2\/posts\/131951","targetHints":{"allow":["GET"]}}],"collection":[{"href":"https:\/\/www.europesays.com\/pl\/wp-json\/wp\/v2\/posts"}],"about":[{"href":"https:\/\/www.europesays.com\/pl\/wp-json\/wp\/v2\/types\/post"}],"author":[{"embeddable":true,"href":"https:\/\/www.europesays.com\/pl\/wp-json\/wp\/v2\/users\/2"}],"replies":[{"embeddable":true,"href":"https:\/\/www.europesays.com\/pl\/wp-json\/wp\/v2\/comments?post=131951"}],"version-history":[{"count":0,"href":"https:\/\/www.europesays.com\/pl\/wp-json\/wp\/v2\/posts\/131951\/revisions"}],"wp:featuredmedia":[{"embeddable":true,"href":"https:\/\/www.europesays.com\/pl\/wp-json\/wp\/v2\/media\/131952"}],"wp:attachment":[{"href":"https:\/\/www.europesays.com\/pl\/wp-json\/wp\/v2\/media?parent=131951"}],"wp:term":[{"taxonomy":"category","embeddable":true,"href":"https:\/\/www.europesays.com\/pl\/wp-json\/wp\/v2\/categories?post=131951"},{"taxonomy":"post_tag","embeddable":true,"href":"https:\/\/www.europesays.com\/pl\/wp-json\/wp\/v2\/tags?post=131951"}],"curies":[{"name":"wp","href":"https:\/\/api.w.org\/{rel}","templated":true}]}}