{"id":131953,"date":"2025-12-04T07:21:06","date_gmt":"2025-12-04T07:21:06","guid":{"rendered":"https:\/\/www.europesays.com\/pl\/131953\/"},"modified":"2025-12-04T07:21:06","modified_gmt":"2025-12-04T07:21:06","slug":"wladimir-putin-zabral-glos-po-wizycie-ludzi-donalda-trumpa-w-moskwie-stanowcze-slowa","status":"publish","type":"post","link":"https:\/\/www.europesays.com\/pl\/131953\/","title":{"rendered":"W\u0142adimir Putin zabra\u0142 g\u0142os po wizycie ludzi Donalda Trumpa w Moskwie. Stanowcze s\u0142owa"},"content":{"rendered":"<ul class=\"UnorderedList_container__nmfSl\">\n<li class=\"UnorderedList_listElement__Py7xi\" data-id=\"ai-summary-link\">Du\u017co czytania, a ma\u0142o czasu? Sprawd\u017a\u00a0skr\u00f3t\u00a0artyku\u0142u<\/li>\n<\/ul>\n<p class=\"Paragraph_desktopParagraph__U31Gm\">Przyw\u00f3dca Rosji W\u0142adimir Putin sk\u0142ada wizyt\u0119 pa\u0144stwow\u0105 w Indiach (do 5 grudnia). To jego pierwsza wizyta w tym kraju od pocz\u0105tku rosyjskiej inwazji na Ukrain\u0119. W czwartkowy poranek czasu polskiego zabra\u0142 g\u0142os na temat rozmowy z ameryka\u0144sk\u0105 delegacj\u0105 w Moskwie. Trwa\u0142o ono ponad pi\u0119\u0107 godzin. Putin podkre\u015bli\u0142, \u017ce &#8222;spotkanie na Kremlu z ameryka\u0144skimi wys\u0142annikami Stevem Witkoffem i Jaredem Kushnerem by\u0142o konieczne i po\u017cyteczne&#8221;.<\/p>\n<ul class=\"OchatFollowUps_wrapper__1ry7X\">\n<li class=\"OchatFollowUps_item__Dhyly OchatFollowUps_itemDesktop__R6aBv\">Jakie by\u0142y propozycje Rosji dla Ukrainy?<\/li>\n<li class=\"OchatFollowUps_item__Dhyly OchatFollowUps_itemDesktop__R6aBv\">Co powiedzia\u0142 Donald Trump o rozmowach w Moskwie?<\/li>\n<li class=\"OchatFollowUps_item__Dhyly OchatFollowUps_itemDesktop__R6aBv\">Kto uczestniczy\u0142 w spotkaniu z Putinem?<\/li>\n<li class=\"OchatFollowUps_item__Dhyly OchatFollowUps_itemDesktop__R6aBv\">Jak W\u0142adimir Putin oceni\u0142 postaw\u0119 Europy?<\/li>\n<\/ul>\n<p class=\"Paragraph_desktopParagraph__U31Gm\">\u2014 Trwa\u0142o ono d\u0142ugo, gdy\u017c trzeba by\u0142o om\u00f3wi\u0107 ka\u017cdy punkt propozycji pokojowych. Donald Trump szuka sposob\u00f3w na osi\u0105gni\u0119cie konsensusu w sprawie rozwi\u0105zania konfliktu w Ukrainie, ale nie jest to \u0142atwe zadanie. Rosja nie zgodzi\u0142a si\u0119 z niekt\u00f3rymi punktami ameryka\u0144skich propozycji pokojowych dla Ukrainy \u2014 m\u00f3wi\u0142 prezydent Rosji, stwierdzaj\u0105c kategorycznie, \u017ce &#8222;Rosja w ka\u017cdym przypadku wyzwoli Donbas i Noworosj\u0119&#8221;. Noworosj\u0105 Kreml okre\u015bla tereny po\u0142udniowo-wschodniej Ukrainy.<\/p>\n<p class=\"Paragraph_desktopParagraph__U31Gm\">Rosyjski dyktator skrytykowa\u0142 te\u017c postaw\u0119 Europy. \u2014 Europejczycy musz\u0105 zaanga\u017cowa\u0107 si\u0119 w prace nad uregulowaniem sytuacji w Ukrainie, a nie wtr\u0105ca\u0107 si\u0119 \u2014 m\u00f3wi\u0142.<\/p>\n<p>Donald Trump: rozmowy w Moskwie by\u0142y &#8222;bardzo dobre&#8221; <\/p>\n<p class=\"Paragraph_desktopParagraph__U31Gm\">W \u015brod\u0119 wizyt\u0119 swoich wys\u0142annik\u00f3w skomentowa\u0142 te\u017c Donald Trump. Prezydent USA powiedzia\u0142, \u017ce spotkanie delegacji USA z W\u0142adimirem Putinem by\u0142o &#8222;bardzo dobre&#8221;. Doda\u0142 zarazem, \u017ce &#8222;do tanga trzeba dwojga&#8221;. Trump ponownie o\u015bwiadczy\u0142, \u017ce Putin chce zako\u0144czy\u0107 wojn\u0119, a Ukraina powinna zawrze\u0107 uk\u0142ad z Rosj\u0105 miesi\u0105ce temu.<\/p>\n<p class=\"Paragraph_desktopParagraph__U31Gm\">Prezydent USA podsumowa\u0142 w ten spos\u00f3b wtorkowe rozmowy w Moskwie specjalnego wys\u0142annika Steve\u2019a Witkoffa oraz swojego zi\u0119cia Jareda Kushnera z W\u0142adimirem Putinem. Odpowiadaj\u0105c na sugesti\u0119 dziennikarza, jakoby Kreml sygnalizowa\u0142, \u017ce nie jest sk\u0142onny do kompromisu, Trump odpar\u0142, \u017ce &#8222;nie wie, co robi Kreml&#8221;, lecz doda\u0142:<\/p>\n<p class=\"Paragraph_desktopParagraph__U31Gm\">\u2014 Mog\u0119 wam powiedzie\u0107, \u017ce odbyli ca\u0142kiem dobre spotkanie z prezydentem Putinem (\u2026). Zobaczymy, co z tego wyniknie. Wiecie, kiedy by\u0142em w tym gabinecie (Gabinecie Owalnym) i m\u00f3wi\u0142em (Ukrai\u0144com): nie macie \u017cadnych kart, \u017ce to by\u0142 czas na ugod\u0119 \u2014 powiedzia\u0142 Trump, odnosz\u0105c si\u0119 do lutowego, burzliwego spotkania z prezydentem Ukrainy Wo\u0142odymyrem Ze\u0142enskim. \u2014 My\u015bla\u0142em, \u017ce to by\u0142by o wiele lepszy moment na zawarcie uk\u0142adu, ale oni, w swojej m\u0105dro\u015bci, postanowili tego nie robi\u0107. Maj\u0105 teraz wiele przeciwko sobie, ale prezydent Putin odby\u0142 bardzo dobre spotkanie z Jaredem Kushnerem i Stevem Witkoffem \u2014 doda\u0142 Trump.<\/p>\n","protected":false},"excerpt":{"rendered":"Du\u017co czytania, a ma\u0142o czasu? Sprawd\u017a\u00a0skr\u00f3t\u00a0artyku\u0142u Przyw\u00f3dca Rosji W\u0142adimir Putin sk\u0142ada wizyt\u0119 pa\u0144stwow\u0105 w Indiach (do 5 grudnia).&hellip;\n","protected":false},"author":2,"featured_media":7993,"comment_status":"","ping_status":"","sticky":false,"template":"","format":"standard","meta":{"footnotes":""},"categories":[5],"tags":[32,33,36,37,27,64,34,35,28,31,53,25,52,68,51,55,42,38,40,39,41,47,29,30,50,26],"class_list":{"0":"post-131953","1":"post","2":"type-post","3":"status-publish","4":"format-standard","5":"has-post-thumbnail","7":"category-naglowki","8":"tag-breaking-news","9":"tag-breakingnews","10":"tag-featured-news","11":"tag-featurednews","12":"tag-headlines","13":"tag-inwazja_rosji_na_ukraine_2014_","14":"tag-latest-news","15":"tag-latestnews","16":"tag-naglowki","17":"tag-najwazniejsze-artykuly","18":"tag-new_header","19":"tag-news","20":"tag-onet3","21":"tag-onet3d","22":"tag-onet3d_2i","23":"tag-phx","24":"tag-pl","25":"tag-poland","26":"tag-polish","27":"tag-polska","28":"tag-polski","29":"tag-screening_general","30":"tag-top-stories","31":"tag-topstories","32":"tag-v2021","33":"tag-wiadomosci"},"share_on_mastodon":{"url":"https:\/\/pubeurope.com\/@pl\/115660094463160572","error":""},"_links":{"self":[{"href":"https:\/\/www.europesays.com\/pl\/wp-json\/wp\/v2\/posts\/131953","targetHints":{"allow":["GET"]}}],"collection":[{"href":"https:\/\/www.europesays.com\/pl\/wp-json\/wp\/v2\/posts"}],"about":[{"href":"https:\/\/www.europesays.com\/pl\/wp-json\/wp\/v2\/types\/post"}],"author":[{"embeddable":true,"href":"https:\/\/www.europesays.com\/pl\/wp-json\/wp\/v2\/users\/2"}],"replies":[{"embeddable":true,"href":"https:\/\/www.europesays.com\/pl\/wp-json\/wp\/v2\/comments?post=131953"}],"version-history":[{"count":0,"href":"https:\/\/www.europesays.com\/pl\/wp-json\/wp\/v2\/posts\/131953\/revisions"}],"wp:featuredmedia":[{"embeddable":true,"href":"https:\/\/www.europesays.com\/pl\/wp-json\/wp\/v2\/media\/7993"}],"wp:attachment":[{"href":"https:\/\/www.europesays.com\/pl\/wp-json\/wp\/v2\/media?parent=131953"}],"wp:term":[{"taxonomy":"category","embeddable":true,"href":"https:\/\/www.europesays.com\/pl\/wp-json\/wp\/v2\/categories?post=131953"},{"taxonomy":"post_tag","embeddable":true,"href":"https:\/\/www.europesays.com\/pl\/wp-json\/wp\/v2\/tags?post=131953"}],"curies":[{"name":"wp","href":"https:\/\/api.w.org\/{rel}","templated":true}]}}