{"id":131959,"date":"2025-12-04T07:26:16","date_gmt":"2025-12-04T07:26:16","guid":{"rendered":"https:\/\/www.europesays.com\/pl\/131959\/"},"modified":"2025-12-04T07:26:16","modified_gmt":"2025-12-04T07:26:16","slug":"rosjanin-wykluczony-z-lotu-na-iss-naruszyl-przepisy-usa","status":"publish","type":"post","link":"https:\/\/www.europesays.com\/pl\/131959\/","title":{"rendered":"Rosjanin wykluczony z lotu na ISS. Naruszy\u0142 przepisy USA"},"content":{"rendered":"<p>   <a href=\"https:\/\/space24.pl\/strona-autora\/mateusz-mitkow\" target=\"_self\" class=\"article-author__wrap\" rel=\"nofollow noopener\"><img loading=\"lazy\" decoding=\"async\" src=\"https:\/\/www.europesays.com\/pl\/wp-content\/uploads\/2025\/12\/ngjzJD7sHXD1NaC45pWw0KaNDnysh14GoiOXTAYZ.0zjy.jpg\" alt=\"\"  width=\"100\" height=\"100\" author=\"Robert Suchy\/Defence24\" caption=\"\" fullscreen=\"https:\/\/cdn.defence24.pl\/2025\/12\/03\/1920xpx\/ngjzJD7sHXD1NaC45pWw0KaNDnysh14GoiOXTAYZ.1h4z.jpg\" class=\"img article-author__avatar img-avatar\"\/><br \/>\n          Mateusz Mitkow<br \/>\n        <\/a><br \/>\n      3 grudnia 2025, 11:47<\/p>\n<p>\n      3 min.\n    <\/p>\n<p>Kosmonauta Oleg Artemjew zosta\u0142 wycofany z za\u0142ogi misji Crew-12, kt\u00f3ra wkr\u00f3tce wystartuje na Mi\u0119dzynarodow\u0105 Stacj\u0119 Kosmiczn\u0105 (ISS). Rosjanin mia\u0142 naruszy\u0107 ameryka\u0144skie przepisy dotycz\u0105ce bezpiecze\u0144stwa narodowego.<\/p>\n<p>  <img decoding=\"async\" src=\"https:\/\/www.europesays.com\/pl\/wp-content\/uploads\/2025\/12\/QGrvObkxnlUJ2w0MgyOStH69JrBNbyNctWPUczAq.nufo.png\" alt=\"Oleg Artemjew, kosmonauta agencji Roskosmos.\"  width=\"800\" height=\"450\" author=\"NASA\" fetchpriority=\"high\" class=\"img image-with-caption__image\"\/><br \/>\n        Oleg Artemjew, kosmonauta agencji Roskosmos.<br \/>\n       <br \/>Autor. NASA<\/p>\n<p class=\"paragraph-module\">Portal The Insider poinformowa\u0142, \u017ce 54-letni Artemjew mia\u0142 dopu\u015bci\u0107 si\u0119 z\u0142amania przepis\u00f3w ITAR (International Traffic in Arms Regulations), kt\u00f3re reguluj\u0105 obieg technologii o znaczeniu strategicznym. Z przekazanych informacji wynika, \u017ce dosz\u0142o do tego w trakcie szkolenia w siedzibie firmy SpaceX, kt\u00f3ra odpowiada za przygotowanie misji Crew-12.<\/p>\n<p>    Roskosmos zaprzecza  <\/p>\n<p class=\"paragraph-module\">Kosmonauta mia\u0142 wtedy za pomoc\u0105 prywatnego telefonu fotografowa\u0107 dokumenty firmy oraz elementy silnik\u00f3w i innych system\u00f3w rakietowych, a nast\u0119pnie przesy\u0142a\u0107 je do Rosji. Sytuacja spowodowa\u0142a wszcz\u0119cie mi\u0119dzyresortowego dochodzenia. Oleg Artemjew zosta\u0142 usuni\u0119ty ze sk\u0142adu misji Crew-12, a jego miejsce zajmie Andriej Fiediajew, kt\u00f3ry wcze\u015bniej bra\u0142 ju\u017c udzia\u0142 w misji Crew-6.<\/p>\n<p class=\"paragraph-module\">Rosyjska Agencja Kosmiczna (Roskosmos) przekaza\u0142a, \u017ce zmiana w za\u0142odze wynika z przeniesienia Olega Artemjewa na inne stanowisko. \u201eBardzo trudno wyobrazi\u0107 sobie sytuacj\u0119, w kt\u00f3rej do\u015bwiadczony kosmonauta m\u00f3g\u0142by nieumy\u015blnie dopu\u015bci\u0107 si\u0119 tak powa\u017cnego naruszenia\u201d \u2013 skomentowa\u0142 rosyjski analityk lot\u00f3w kosmicznych Gregory Trishkin. SpaceX i NASA nie wyda\u0142y jeszcze oficjalnego komunikatu w tej sprawie.<\/p>\n<blockquote class=\"twitter-tweet\">\n<p lang=\"en\" dir=\"ltr\">Russian cosmonaut Oleg Artemyev has been removed from the Crew 12 mission just months before its scheduled launch to the ISS. <\/p>\n<p>Artemyev was dismissed for violating ITAR export control regulations: he reportedly photographed SpaceX engines and other internal documents on his\u2026 <a href=\"https:\/\/t.co\/JRMEaLOluw\" rel=\"nofollow\">pic.twitter.com\/JRMEaLOluw<\/a><\/p>\n<p>\u2014 Visegr\u00e1d 24 (@visegrad24) <a href=\"https:\/\/twitter.com\/visegrad24\/status\/1995826525577322900?ref_src=twsrc%5Etfw\" rel=\"nofollow noopener\" target=\"_blank\">December 2, 2025<\/a><\/p><\/blockquote>\n<p class=\"paragraph-module\">Warto zauwa\u017cy\u0107, \u017ce Oleg Artemjew jest jednym z najbardziej do\u015bwiadczonych rosyjskich kosmonaut\u00f3w. Na Mi\u0119dzynarodowej Stacji Kosmicznej sp\u0119dzi\u0142 \u0142\u0105cznie 560 dni podczas trzech d\u0142ugotrwa\u0142ych misji. Ostatnia z nich, w 2022 r., przynios\u0142a jednak wiele kontrowersji. Roskosmos opublikowa\u0142 wtedy zdj\u0119cia Artemjewa i jego koleg\u00f3w, trzymaj\u0105cych flagi separatystycznych republik Donbasu. Spotka\u0142o si\u0119 to z ostr\u0105 krytyk\u0105 NASA i ESA, kt\u00f3re s\u0142usznie zarzuci\u0142y Rosjanom wykorzystanie ISS do politycznej propagandy w trakcie wojny w Ukrainie.<\/p>\n<p>    Ameryka\u0144sko-rosyjska wsp\u00f3\u0142praca w kosmosie  <\/p>\n<p class=\"paragraph-module\">Start misji Crew-12 b\u0119dzie m\u00f3g\u0142 odby\u0107 si\u0119 najwcze\u015bniej 15 lutego 2026 r. Na pok\u0142adzie rakiety Falcon 9 firmy SpaceX do Mi\u0119dzynarodowej Stacji Kosmicznej poleci dw\u00f3ch astronaut\u00f3w NASA, kt\u00f3rych nazwiska nie zosta\u0142y jeszcze podane, astronautka Sophie Adenot reprezentuj\u0105ca Europejsk\u0105 Agencj\u0119 Kosmiczn\u0105, a tak\u017ce wspomniany Andriej Fiediajew z agencji Roskosmos. Za\u0142oga sp\u0119dzi na ISS oko\u0142o sze\u015b\u0107 miesi\u0119cy.<\/p>\n<p class=\"paragraph-module\">Misje sk\u0142adaj\u0105ce si\u0119 z mieszanych za\u0142\u00f3g wynikaj\u0105 z porozumienia, kt\u00f3re zosta\u0142o zawarte na linii NASA-Roskosmos w lipcu 2022 r. Wsp\u00f3\u0142praca w tym zakresie ma zapewni\u0107, \u017ce przynajmniej jeden kosmonauta lub astronauta b\u0119dzie zawsze na pok\u0142adzie ISS, w \u201enarodowej\u201d cz\u0119\u015bci stacji, aby zapewni\u0107 poprawne funkcjonowanie.<\/p>\n<p>  <img  alt=\"Mi\u0119dzynarodowa Stacja Kosmiczna\" width=\"780\" author=\"NASA\/ISS Research on X\" class=\"img image-with-caption__image\"\/><br \/>\n        Mi\u0119dzynarodowa Stacja Kosmiczna<br \/>\n       <br \/>Autor. NASA\/ISS Research on X<\/p>\n<p class=\"paragraph-module\">Nale\u017cy pami\u0119ta\u0107, \u017ce ISS to system naczy\u0144 po\u0142\u0105czonych. Wszystkie cz\u0119\u015bci s\u0105 ze sob\u0105 \u015bci\u015ble powi\u0105zane do tego stopnia, \u017ce brak jednego stanowi\u0142by du\u017cy problem w dalszym funkcjonowaniu stacji.\u00a0By\u0107 mo\u017ce pobyt astronaut\u00f3w wi\u0105za\u0142by si\u0119 z zagro\u017ceniem \u017cycia.\u00a0NASA i Roskosmos musz\u0105 zatem wsp\u00f3\u0142pracowa\u0107, szczeg\u00f3lnie przed planowan\u0105 deorbitacj\u0105 tego obiektu, pomimo geopolitycznych napi\u0119\u0107 na Ziemi zwi\u0105zanych z wojn\u0105 w Ukrainie.<\/p>\n<p class=\"paragraph-module\">Po zako\u0144czeniu funkcjonowania ISS NASA b\u0119dzie wsp\u00f3\u0142pracowa\u0107 z przemys\u0142em przy stacjach komercyjnych, a Roskosmos przeniesie si\u0119 na planowan\u0105, krajow\u0105 plac\u00f3wk\u0119 orbitaln\u0105 ROS.<\/p>\n<p>    <script async src=\"https:\/\/platform.twitter.com\/widgets.js\" charset=\"utf-8\"><\/script><\/p>\n","protected":false},"excerpt":{"rendered":"Mateusz Mitkow 3 grudnia 2025, 11:47 3 min. Kosmonauta Oleg Artemjew zosta\u0142 wycofany z za\u0142ogi misji Crew-12, kt\u00f3ra&hellip;\n","protected":false},"author":2,"featured_media":131960,"comment_status":"","ping_status":"","sticky":false,"template":"","format":"standard","meta":{"footnotes":""},"categories":[14],"tags":[32,33,27494,9886,20838,27,27493,34,35,27492,28,31,4903,25,40,907,41,87,26259,13702,80,29,30,71,26,2890,82,83,84],"class_list":{"0":"post-131959","1":"post","2":"type-post","3":"status-publish","4":"format-standard","5":"has-post-thumbnail","7":"category-swiat","8":"tag-breaking-news","9":"tag-breakingnews","10":"tag-dragon-crew","11":"tag-esa","12":"tag-falcon-9","13":"tag-headlines","14":"tag-itar","15":"tag-latest-news","16":"tag-latestnews","17":"tag-miedzynarodowa-stacja-kosmiczna","18":"tag-naglowki","19":"tag-najwazniejsze-artykuly","20":"tag-nasa","21":"tag-news","22":"tag-polish","23":"tag-polityka","24":"tag-polski","25":"tag-rosja","26":"tag-roskosmos","27":"tag-spacex","28":"tag-swiat","29":"tag-top-stories","30":"tag-topstories","31":"tag-usa","32":"tag-wiadomosci","33":"tag-wojna-w-ukrainie","34":"tag-world","35":"tag-world-news","36":"tag-worldnews"},"share_on_mastodon":{"url":"https:\/\/pubeurope.com\/@pl\/115660114622894899","error":""},"_links":{"self":[{"href":"https:\/\/www.europesays.com\/pl\/wp-json\/wp\/v2\/posts\/131959","targetHints":{"allow":["GET"]}}],"collection":[{"href":"https:\/\/www.europesays.com\/pl\/wp-json\/wp\/v2\/posts"}],"about":[{"href":"https:\/\/www.europesays.com\/pl\/wp-json\/wp\/v2\/types\/post"}],"author":[{"embeddable":true,"href":"https:\/\/www.europesays.com\/pl\/wp-json\/wp\/v2\/users\/2"}],"replies":[{"embeddable":true,"href":"https:\/\/www.europesays.com\/pl\/wp-json\/wp\/v2\/comments?post=131959"}],"version-history":[{"count":0,"href":"https:\/\/www.europesays.com\/pl\/wp-json\/wp\/v2\/posts\/131959\/revisions"}],"wp:featuredmedia":[{"embeddable":true,"href":"https:\/\/www.europesays.com\/pl\/wp-json\/wp\/v2\/media\/131960"}],"wp:attachment":[{"href":"https:\/\/www.europesays.com\/pl\/wp-json\/wp\/v2\/media?parent=131959"}],"wp:term":[{"taxonomy":"category","embeddable":true,"href":"https:\/\/www.europesays.com\/pl\/wp-json\/wp\/v2\/categories?post=131959"},{"taxonomy":"post_tag","embeddable":true,"href":"https:\/\/www.europesays.com\/pl\/wp-json\/wp\/v2\/tags?post=131959"}],"curies":[{"name":"wp","href":"https:\/\/api.w.org\/{rel}","templated":true}]}}