{"id":131961,"date":"2025-12-04T07:27:14","date_gmt":"2025-12-04T07:27:14","guid":{"rendered":"https:\/\/www.europesays.com\/pl\/131961\/"},"modified":"2025-12-04T07:27:14","modified_gmt":"2025-12-04T07:27:14","slug":"ustawa-o-kryptoaktywach-ekonomista-reaguje-na-weto-prezydenta","status":"publish","type":"post","link":"https:\/\/www.europesays.com\/pl\/131961\/","title":{"rendered":"Ustawa o kryptoaktywach. Ekonomista reaguje na weto prezydenta"},"content":{"rendered":"<p class=\"article-p\" data-section=\"detail-body\">Karol Nawrocki nie podpisa\u0142 przyj\u0119tej przez Sejm ustawy o rynku kryptoaktyw\u00f3w. Jak poda\u0142a Kancelaria Prezydenta, jego zdaniem &#8222;zawetowane przepisy realnie zagra\u017caj\u0105 wolno\u015bciom Polak\u00f3w, ich maj\u0105tkowi i stabilno\u015bci pa\u0144stwa&#8221;.<\/p>\n<p class=\"article-p\" data-section=\"detail-body\"><a href=\"https:\/\/www.fakt.pl\/polityka\/ustawa-lancuchowa-nawrocki-kontra-kaczynski-cos-dziwnego\/gwqp8xl\" id=\"27a1c086-1456-41f4-981d-809fe0e8df70\" rel=\"nofollow noopener\" target=\"_blank\">Weto prezydenta zaskoczy\u0142o PiS. Kaczy\u0144ski komentuje decyzj\u0119 Nawrockiego<\/a><\/p>\n<p>        Ustawa o rynku kryptoaktyw\u00f3w. &#8222;To nie jest uderzenie w kryptowaluty&#8221;<\/p>\n<p class=\"article-p\" data-section=\"detail-body\">&#8222;Ustawa o rynku kryptoaktyw\u00f3w przewiduje mo\u017cliwo\u015b\u0107 wy\u0142\u0105czania przez rz\u0105d stron internetowych firm dzia\u0142aj\u0105cych na rynku kryptowalut jednym klikni\u0119ciem&#8221; \u2014 czytamy w komunikacie. Zadowolenia z ruchu g\u0142owy pa\u0144stwa nie kry\u0142 S\u0142awomir Mentzen. &#8222;To \u015bwietna decyzja, zgodna z oczekiwaniami bran\u017cy krypto!&#8221; \u2014 napisa\u0142.<\/p>\n<p class=\"article-p\" data-section=\"detail-body\">W ocenie lidera Konfederacji zawetowana propozycja by\u0142a &#8222;ustaw\u0105 niszcz\u0105c\u0105 polski rynek kryptowalut&#8221;. Zdaniem przedstawicieli rz\u0105du odrzucenie przepis\u00f3w to dzia\u0142anie na korzy\u015b\u0107 oszust\u00f3w i Rosji, kt\u00f3ra \u2014 jak powiedzia\u0142 Donald Tusk, cytuj\u0105c S\u0142awomira Cenkckiewicza \u2014 &#8222;wykorzystuje kryptowaluty jako metod\u0119 p\u0142atno\u015bci, by finansowa\u0107 sabota\u017cyst\u00f3w&#8221;.<\/p>\n<p class=\"article-p\" data-section=\"detail-body\">O to, kto jest w tej sprawie bli\u017cej prawdy, &#8222;Fakt&#8221; pyta ekonomist\u0119 Marka Zubera. \u2014 Moim zdaniem strona rz\u0105dowa, dlatego \u017ce to nie jest uderzenie w kryptowaluty. To jest ustawa, kt\u00f3ra ma rzeczywi\u015bcie w pewien spos\u00f3b kontrolowa\u0107 tych, kt\u00f3rzy te kryptowaluty tworz\u0105 i przede wszystkim tych, kt\u00f3rzy nimi obracaj\u0105, oraz dawa\u0107 szans\u0119 na bardziej jednoznaczne wskazywanie potencjalnym klientom, \u017ce kryptowaluty to ryzyko \u2014 m\u00f3wi.<\/p>\n<p class=\"article-p\" data-section=\"detail-body\">Jak ocenia ekspert, &#8222;to troch\u0119 przypomina sytuacj\u0119 ze SKOK-ami sprzed paru lat, kiedy te\u017c mieli\u015bmy du\u017c\u0105 grup\u0119 obro\u0144c\u00f3w SKOK-\u00f3w, przekonuj\u0105cych, \u017ce SKOK-i nie mog\u0105 by\u0107 pod kontrol\u0105 Komisji Nadzoru Finansowego itd.&#8221;. \u2014 Natomiast moim zdaniem wtedy ten kierunek te\u017c by\u0142 absolutnie s\u0142uszny, bo nie chodzi\u0142o o to, \u017ceby zakaza\u0107 dzia\u0142alno\u015bci SKOK-om, tylko skoro ludzie im powierzaj\u0105 pieni\u0105dze, \u017ceby pa\u0144stwo mog\u0142o ten rynek kontrolowa\u0107 \u2014 dodaje.<\/p>\n<p class=\"article-p\" data-section=\"detail-body\">Ekonomista podkre\u015bla, \u017ce &#8222;skoro pa\u0144stwo ma w pewien spos\u00f3b zabezpiecza\u0107 potencjalnych klient\u00f3w przed oszustwami, nadu\u017cyciami, to musi mie\u0107 do tego narz\u0119dzia&#8221;. \u2014 To nie jest uderzenie ani w kryptowaluty, ani w tworzenie token\u00f3w. To wi\u0119ksze mo\u017cliwo\u015bci kontrolne zwi\u0105zane z rynkiem i znacznie wi\u0119ksze mo\u017cliwo\u015bci pokazywania ryzyk zwi\u0105zanych z kryptowalutami \u2014 zapewnia.<\/p>\n<p class=\"article-p\" data-section=\"detail-body\"><a href=\"https:\/\/www.fakt.pl\/polityka\/nawrocki-na-grupie-wyszehradzkiej-od-pewnego-czasu-byla-polmartwa\/fs0lwq8\" id=\"d4cf8c9d-d23f-409c-8ad2-d0dcf6345ee4\" rel=\"nofollow noopener\" target=\"_blank\">Nawrocki na szczycie Grupy Wyszehradzkiej. &#8222;Od pewnego czasu by\u0142a p\u00f3\u0142martwa&#8221;<\/a><\/p>\n<p>        Marek Zuber zapytany o sprzeciw cz\u0119\u015bci opozycji. &#8222;Nie rozumiem&#8221;<\/p>\n<p class=\"article-p\" data-section=\"detail-body\">Zuber wskazuje, \u017ce &#8222;mamy jednak na \u015bwiecie bardzo du\u017co oszustw zwi\u0105zanych z gie\u0142dami kryptowalut, mamy tak\u017ce oszustwa zwi\u0105zane z tworzeniem samych kryptowalut, a w Polsce nie ma w\u0142a\u015bciwie \u017cadnych regulacji z tym zwi\u0105zanych&#8221;. \u2014 Polska teraz posz\u0142a w kierunku przepis\u00f3w, kt\u00f3re rok temu zosta\u0142y stworzone przez Komisj\u0119 Europejsk\u0105 i moim zdaniem jest to absolutnie dobry kierunek \u2014 ocenia.<\/p>\n<p class=\"article-p\" data-section=\"detail-body\">\u2014 Je\u017celi kto\u015b b\u0119dzie chcia\u0142 kupowa\u0107 kryptowaluty, m\u00f3g\u0142by to robi\u0107, natomiast by\u0142yby zwi\u0119kszone mo\u017cliwo\u015bci kontroli nad tym, \u017ceby obr\u00f3t nimi nie oznacza\u0142 np. piramid finansowych<\/p>\n<p class=\"article-p\" data-section=\"detail-body\">\u2014 zauwa\u017ca rozm\u00f3wca &#8222;Faktu&#8221;.<\/p>\n<p class=\"article-p\" data-section=\"detail-body\">Ekspert przyznaje, \u017ce &#8222;nie rozumie&#8221;, z czego bierze si\u0119 zdecydowany sprzeciw cz\u0119\u015bci opozycji. \u2014 Jedno to m\u00f3wi\u0107: wolno\u015b\u0107, wolno\u015b\u0107, wolno\u015b\u0107. Ja te\u017c jestem absolutnie zwolennikiem wolnego rynku, nie lubi\u0119 jak jest za du\u017co pa\u0144stwa w gospodarce. Natomiast samo nadrabianie zaleg\u0142o\u015bci prawnych wynikaj\u0105cych z rozwoju r\u00f3\u017cnych rynk\u00f3w, nie tylko finansowych, to nie jest \u017cadne uderzenie w wolny rynek \u2014 s\u0142yszymy.<\/p>\n<p class=\"article-p\" data-section=\"detail-body\">Zuber powtarza, \u017ce &#8222;to nie jest ustawa, kt\u00f3ra zakazuje kryptowalut&#8221;. \u2014 To jest ustawa, w kt\u00f3rej pa\u0144stwo daje sobie mo\u017cliwo\u015bci wi\u0119kszej kontroli, np. nad tymi, kt\u00f3rzy obracaj\u0105 kryptowalutami. Oczywi\u015bcie to wyklucza cz\u0119\u015b\u0107 podmiot\u00f3w z gry, ale daje te\u017c mo\u017cliwo\u015b\u0107 wi\u0119kszej ochrony \u2014 cho\u0107by przeciwko piramidom finansowym zbudowanym na bazie kryptowalut \u2014 kontynuuje.<\/p>\n<p class=\"article-p\" data-section=\"detail-body\">Jak zauwa\u017ca ekspert, &#8222;wiele os\u00f3b kojarzy kryptowaluty z instrumentem finansowym, a w Polsce mamy elementy kontrolne zwi\u0105zane z rynkami finansowymi&#8221;. \u2014 System ten nadzoruje Komisja Nadzoru Finansowego, wi\u0119c pytanie: dlaczego, skoro Polacy tak postrzegaj\u0105 rynek kryptowalut, kryptowaluty mia\u0142yby by\u0107 poza tym obiegiem? \u2014 pyta Zuber.<\/p>\n<p class=\"article-p\" data-section=\"detail-body\"><a href=\"https:\/\/www.fakt.pl\/polityka\/karol-nawrocki-spotka-sie-ze-zbigniewem-ziobra-trudna-sytuacja\/hymyq83\" id=\"ad847b4b-030d-44a0-b74e-1181865b9906\" rel=\"nofollow noopener\" target=\"_blank\">Karol Nawrocki na szczycie Grupy Wyszehradzkiej. Czy spotka si\u0119 ze Zbigniewem Ziobro?<\/a><\/p>\n<p class=\"article-p\" data-section=\"detail-body\">\u0179r\u00f3d\u0142o: Fakt<\/p>\n<p>        \/5<\/p>\n<p>                    <img decoding=\"async\" class=\"article-image-img\" loading=\"lazy\" alt=\"\" src=\"https:\/\/www.europesays.com\/pl\/wp-content\/uploads\/2025\/12\/zdNk9kuTURBXy9hZmQwOTY0MC03M2E0LTRiNDAtODIxZS0xYTZmY2IxMjVlMzMuanBlZ5GTAs0DSM0EGt4AAqEwAaExAQ.jpeg\" width=\"840\" height=\"1050\"\/><\/p>\n<p>                  slawomirmentzen \/ Instagram<\/p>\n<p class=\"article-gallery-p\">\n        S\u0142awomir Mentzen i Karol Nawrocki.\n    <\/p>\n<p>        \/5<\/p>\n<p>                    <img decoding=\"async\" class=\"article-image-img\" loading=\"lazy\" alt=\"\" src=\"https:\/\/www.europesays.com\/pl\/wp-content\/uploads\/2025\/12\/6D8k9kuTURBXy8wMTk1ODI0ZS1mZGVhLTRlOWItYmNkMi0yYmI1MjI3ODJjMTYuanBlZ5GTAs0DSM0CL94AAqEwAaExAQ.jpeg\" width=\"840\" height=\"559\"\/><\/p>\n<p>                  @NawrockiKn \/ X<\/p>\n<p class=\"article-gallery-p\">\n        Prezydent i lider Konfederacji.\n    <\/p>\n","protected":false},"excerpt":{"rendered":"Karol Nawrocki nie podpisa\u0142 przyj\u0119tej przez Sejm ustawy o rynku kryptoaktyw\u00f3w. Jak poda\u0142a Kancelaria Prezydenta, jego zdaniem &#8222;zawetowane&hellip;\n","protected":false},"author":2,"featured_media":131962,"comment_status":"","ping_status":"","sticky":false,"template":"","format":"standard","meta":{"footnotes":""},"categories":[12],"tags":[32,33,36,37,27,34,35,28,31,25,42,38,40,39,41,29,30,26],"class_list":{"0":"post-131961","1":"post","2":"type-post","3":"status-publish","4":"format-standard","5":"has-post-thumbnail","7":"category-polska","8":"tag-breaking-news","9":"tag-breakingnews","10":"tag-featured-news","11":"tag-featurednews","12":"tag-headlines","13":"tag-latest-news","14":"tag-latestnews","15":"tag-naglowki","16":"tag-najwazniejsze-artykuly","17":"tag-news","18":"tag-pl","19":"tag-poland","20":"tag-polish","21":"tag-polska","22":"tag-polski","23":"tag-top-stories","24":"tag-topstories","25":"tag-wiadomosci"},"share_on_mastodon":{"url":"https:\/\/pubeurope.com\/@pl\/115660118375314676","error":""},"_links":{"self":[{"href":"https:\/\/www.europesays.com\/pl\/wp-json\/wp\/v2\/posts\/131961","targetHints":{"allow":["GET"]}}],"collection":[{"href":"https:\/\/www.europesays.com\/pl\/wp-json\/wp\/v2\/posts"}],"about":[{"href":"https:\/\/www.europesays.com\/pl\/wp-json\/wp\/v2\/types\/post"}],"author":[{"embeddable":true,"href":"https:\/\/www.europesays.com\/pl\/wp-json\/wp\/v2\/users\/2"}],"replies":[{"embeddable":true,"href":"https:\/\/www.europesays.com\/pl\/wp-json\/wp\/v2\/comments?post=131961"}],"version-history":[{"count":0,"href":"https:\/\/www.europesays.com\/pl\/wp-json\/wp\/v2\/posts\/131961\/revisions"}],"wp:featuredmedia":[{"embeddable":true,"href":"https:\/\/www.europesays.com\/pl\/wp-json\/wp\/v2\/media\/131962"}],"wp:attachment":[{"href":"https:\/\/www.europesays.com\/pl\/wp-json\/wp\/v2\/media?parent=131961"}],"wp:term":[{"taxonomy":"category","embeddable":true,"href":"https:\/\/www.europesays.com\/pl\/wp-json\/wp\/v2\/categories?post=131961"},{"taxonomy":"post_tag","embeddable":true,"href":"https:\/\/www.europesays.com\/pl\/wp-json\/wp\/v2\/tags?post=131961"}],"curies":[{"name":"wp","href":"https:\/\/api.w.org\/{rel}","templated":true}]}}