{"id":131993,"date":"2025-12-04T07:48:08","date_gmt":"2025-12-04T07:48:08","guid":{"rendered":"https:\/\/www.europesays.com\/pl\/131993\/"},"modified":"2025-12-04T07:48:08","modified_gmt":"2025-12-04T07:48:08","slug":"spalony-zywcem-za-kryptowaluty-ukraincy-zatrzymani","status":"publish","type":"post","link":"https:\/\/www.europesays.com\/pl\/131993\/","title":{"rendered":"Spalony \u017cywcem za kryptowaluty. Ukrai\u0144cy zatrzymani"},"content":{"rendered":"\n<p>&#13;<br \/>\nPod koniec listopada w\u00a0Wiedniu dosz\u0142o do\u00a0brutalnego morderstwa, kt\u00f3rego ofiar\u0105 pad\u0142 Dany\u0142 Kuzmin, syn wiceburmistrza ukrai\u0144skiego miasta Chark\u00f3w. Cia\u0142o 21-latka znaleziono w\u00a0spalonym Mercedersie. Wszystko wskazuje na\u00a0to, \u017ce\u00a0motywem zab\u00f3jstwa by\u0142a ch\u0119\u0107 przej\u0119cia kryptowalut nale\u017c\u0105cych do\u00a0Ukrai\u0144ca. &#13;\n<\/p>\n<p>Brutalne morderstwo w\u00a0Wiedniu. Zatrzymano dw\u00f3ch Ukrai\u0144c\u00f3w<\/p>\n<p>&#13;<br \/>\nPolicja odkry\u0142a cia\u0142o zamordowanego w\u00a0nocy z\u00a025 na\u00a026 listopada w\u00a0dzielnicy Donaustadt. Wcze\u015bniej okoliczni mieszka\u0144cy wezwali stra\u017c po\u017carn\u0105 do\u00a0p\u0142on\u0105cego samochodu zaparkowanego w\u00a0pobli\u017cu tor\u00f3w kolejowych. Po\u00a0ugaszeniu ognia na\u00a0tylnym siedzeniu pojazdu odnaleziono zw\u0142oki. &#13;\n<\/p>\n<p> Syn wiceburmistrza Charkowa spalony \u017cywcem <\/p>\n<p>&#13;<br \/>\nPrzeprowadzona sekcja zw\u0142ok wykaza\u0142a, \u017ce\u00a0ofiar\u0105 jest Dany\u0142o Kuzmin, obywatel Ukrainy mieszkaj\u0105cy od\u00a0kilku lat w\u00a0stolicy Austrii. Jak poinformowa\u0142 w\u00a0trakcie konferencji prasowej przedstawiciel Krajowego Urz\u0119du Kryminalnego (LKA), cia\u0142o m\u0119\u017cczyzny by\u0142o poparzone w\u00a080 procentach. &#13;\n<\/p>\n<p>&#13;<br \/>\nBiegli medycyny s\u0105dowej stwierdzili u\u00a0ofiary obra\u017cenia g\u0142owy zadane t\u0119pym narz\u0119dziem, jednak bezpo\u015bredni\u0105 przyczyn\u0105 \u015bmierci by\u0142o uduszenie dymem lub\u00a0szok termiczny. Oznacza to, \u017ce\u00a0m\u0119\u017cczyzna najprawdopodobniej \u017cy\u0142 w\u00a0momencie podpalenia samochodu. &#13;\n<\/p>\n<p>Motyw rabunkowy \u2013\u00a0kryptowaluty <\/p>\n<p>&#13;<br \/>\nPolicjanci szybko powi\u0105zali zbrodni\u0119 z\u00a0wydarzeniami, kt\u00f3re mia\u0142y miejsce wcze\u015bniej tego samego dnia w\u00a0centrum Wiednia. \u015alady doprowadzi\u0142y policj\u0119 do\u00a0podziemnego gara\u017cu luksusowego hotelu &#8222;SO\/Vienna&#8221;. \u015awiadkowie s\u0142yszeli tam odg\u0142osy awantury i\u00a0wrzaski m\u0119\u017cczyzn, a\u00a0na klatce schodowej gara\u017cu zlokalizowano du\u017c\u0105 ka\u0142u\u017c\u0119 krwi. &#13;\n<\/p>\n<p>&#13;<br \/>\nZ ustale\u0144 \u015bledczych i\u00a0doniesie\u0144 austriackich medi\u00f3w wynika, 21-latek zosta\u0142 tam zaatakowany i\u00a0pobity, a\u00a0nast\u0119pnie wrzucony do\u00a0czarnego Mercedesa nale\u017c\u0105cego do\u00a0jego ojca. Agresorzy wywie\u017ali go\u00a0w\u00a0ustronne miejsce, gdzie finalnie samoch\u00f3d podpalili. &#13;\n<\/p>\n<p>&#13;<br \/>\nMedia pisz\u0105 o\u00a0motywie rabunkowym, cho\u0107 rozmaite powi\u0105zania jego ojca jako wiceburmistrza Charkowa nie\u00a0wykluczaj\u0105 te\u017c motywu porachunk\u00f3w przest\u0119pczych. &#13;\n<\/p>\n<p>&#13;<br \/>\nPolicjanci podejrzewaj\u0105, \u017ce\u00a0przed \u015bmierci\u0105 ofiara by\u0142a torturowana w\u00a0celu wymuszenia hase\u0142 dost\u0119powych do\u00a0portfeli kryptowalutowych. &#13;\n<\/p>\n<p>&#13;<br \/>\nFakt ten potwierdza aktywno\u015b\u0107 na\u00a0jego kontach. Po\u00a0morderstwie z\u00a0jego wirtualnych portfeli, na\u00a0kt\u00f3rych przetrzymuje si\u0119 kryptowaluty podobno znikn\u0119\u0142y znaczne \u015brodki. Rodzina 21-latka zg\u0142osi\u0142a jego zagini\u0119cie 25 listopada, gdy straci\u0142a z\u00a0nim kontakt, a\u00a0jednocze\u015bnie zauwa\u017cono opr\u00f3\u017cnienie jego kont kryptowalutowych. &#13;\n<\/p>\n<p> Podejrzani zatrzymani <\/p>\n<p>&#13;<br \/>\nTa\u015bmy z\u00a0monitoringu szybko pozwoli\u0142y wiede\u0144skiej policji zidentyfikowa\u0107 podejrzanych. To\u00a0dwaj obywatele Ukrainy w\u00a0wieku 19 i\u00a045 lat. Ustalono, gdzie m\u0119\u017cczy\u017ani kupili benzyn\u0119 u\u017cyt\u0105 do\u00a0podpalenia samochodu. Kr\u00f3tko po\u00a0dokonaniu zbrodni wyjechali z\u00a0Austrii. &#13;\n<\/p>\n<p>&#13;<br \/>\nWydano za\u00a0nimi mi\u0119dzynarodowy list go\u0144czy w\u00a0rezultacie czego 29 listopada podejrzani zostali aresztowani na\u00a0terenie Ukrainy. Przy zatrzymanych zabezpieczono znaczn\u0105 ilo\u015b\u0107 got\u00f3wki w\u00a0dolarach, co\u00a0sugeruje, \u017ce\u00a0skradzione kryptowaluty zosta\u0142y b\u0142yskawicznie wymienione na\u00a0tradycyjn\u0105 walut\u0119. &#13;<\/p>\n","protected":false},"excerpt":{"rendered":"&#13; Pod koniec listopada w\u00a0Wiedniu dosz\u0142o do\u00a0brutalnego morderstwa, kt\u00f3rego ofiar\u0105 pad\u0142 Dany\u0142 Kuzmin, syn wiceburmistrza ukrai\u0144skiego miasta Chark\u00f3w.&hellip;\n","protected":false},"author":2,"featured_media":131994,"comment_status":"","ping_status":"","sticky":false,"template":"","format":"standard","meta":{"footnotes":""},"categories":[14],"tags":[294,32,33,27499,27497,98,27,3835,34,35,28,31,25,103,414,40,41,80,29,30,415,1864,26,27498,82,83,84],"class_list":{"0":"post-131993","1":"post","2":"type-post","3":"status-publish","4":"format-standard","5":"has-post-thumbnail","7":"category-swiat","8":"tag-austria","9":"tag-breaking-news","10":"tag-breakingnews","11":"tag-charkowa","12":"tag-danyla-kuzmin","13":"tag-dorzeczy","14":"tag-headlines","15":"tag-kryptowaluty","16":"tag-latest-news","17":"tag-latestnews","18":"tag-naglowki","19":"tag-najwazniejsze-artykuly","20":"tag-news","21":"tag-obserwator-mediow","22":"tag-policja","23":"tag-polish","24":"tag-polski","25":"tag-swiat","26":"tag-top-stories","27":"tag-topstories","28":"tag-ukraina","29":"tag-ukraincy","30":"tag-wiadomosci","31":"tag-wiceburmistrz","32":"tag-world","33":"tag-world-news","34":"tag-worldnews"},"share_on_mastodon":{"url":"https:\/\/pubeurope.com\/@pl\/115660200591583766","error":""},"_links":{"self":[{"href":"https:\/\/www.europesays.com\/pl\/wp-json\/wp\/v2\/posts\/131993","targetHints":{"allow":["GET"]}}],"collection":[{"href":"https:\/\/www.europesays.com\/pl\/wp-json\/wp\/v2\/posts"}],"about":[{"href":"https:\/\/www.europesays.com\/pl\/wp-json\/wp\/v2\/types\/post"}],"author":[{"embeddable":true,"href":"https:\/\/www.europesays.com\/pl\/wp-json\/wp\/v2\/users\/2"}],"replies":[{"embeddable":true,"href":"https:\/\/www.europesays.com\/pl\/wp-json\/wp\/v2\/comments?post=131993"}],"version-history":[{"count":0,"href":"https:\/\/www.europesays.com\/pl\/wp-json\/wp\/v2\/posts\/131993\/revisions"}],"wp:featuredmedia":[{"embeddable":true,"href":"https:\/\/www.europesays.com\/pl\/wp-json\/wp\/v2\/media\/131994"}],"wp:attachment":[{"href":"https:\/\/www.europesays.com\/pl\/wp-json\/wp\/v2\/media?parent=131993"}],"wp:term":[{"taxonomy":"category","embeddable":true,"href":"https:\/\/www.europesays.com\/pl\/wp-json\/wp\/v2\/categories?post=131993"},{"taxonomy":"post_tag","embeddable":true,"href":"https:\/\/www.europesays.com\/pl\/wp-json\/wp\/v2\/tags?post=131993"}],"curies":[{"name":"wp","href":"https:\/\/api.w.org\/{rel}","templated":true}]}}