{"id":132055,"date":"2025-12-04T08:25:17","date_gmt":"2025-12-04T08:25:17","guid":{"rendered":"https:\/\/www.europesays.com\/pl\/132055\/"},"modified":"2025-12-04T08:25:17","modified_gmt":"2025-12-04T08:25:17","slug":"tragiczna-smierc-polskiej-plywaczki-zapadl-wyrok","status":"publish","type":"post","link":"https:\/\/www.europesays.com\/pl\/132055\/","title":{"rendered":"Tragiczna \u015bmier\u0107 polskiej p\u0142ywaczki. Zapad\u0142 wyrok"},"content":{"rendered":"\n<p class=\"contentpart contentpart--default contentpart--text\" data-position=\"0\"><a href=\"https:\/\/sportowefakty.wp.pl\/plywanie\/justyna-burska\" rel=\"nofollow noopener\" target=\"_blank\">Justyna Burska<\/a>, uznana polska p\u0142ywaczka d\u0142ugodystansowa, zgin\u0119\u0142a 17 sierpnia 2024 roku w wypadku motocyklowym na skrzy\u017cowaniu w wojew\u00f3dztwie warmi\u0144sko-mazurskim.<\/p>\n<p class=\"contentpart contentpart--default contentpart--text\" data-position=\"1\">Motocyklistka jecha\u0142a z pierwsze\u0144stwem, gdy jej pojazd uderzy\u0142 w samoch\u00f3d kierowany przez Jacka D.<\/p>\n<p> <img role=\"presentation\" src=\"https:\/\/std.wpcdn.pl\/images\/adv\/placeholder_wp.svg\" loading=\"lazy\" alt=\"\" decoding=\"async\"\/>  <\/p>\n<p class=\"contentpart contentpart--default contentpart--text\" data-position=\"2\">S\u0105d w <a href=\"https:\/\/sportowefakty.wp.pl\/polska\/olsztyn\" rel=\"nofollow noopener\" target=\"_blank\">Olsztynie<\/a>\u00a0orzek\u0142 wobec Jacka D. rok pozbawienia wolno\u015bci w zawieszeniu na trzy lata, trzyletni zakaz prowadzenia pojazd\u00f3w oraz 15 tysi\u0119cy z\u0142otych odszkodowania dla rodziny ofiary. W uzasadnieniu s\u0119dzia Anna Pa\u0142asz wskaza\u0142a, \u017ce sprawca nie zatrzyma\u0142 si\u0119 przed znakiem STOP, uznaj\u0105c win\u0119 kierowcy &#8211; informuje dziennik &#8222;Fakt&#8221;.<\/p>\n<p class=\"contentpart contentpart--default contentpart--text\" data-position=\"3\">[b]ZOBACZ WIDEO: #dziejesiewsporcie: Co oni zrobili! Niesamowity gol w \u00f3smej sekundzie<\/p>\n<p class=\"contentpart contentpart--default contentpart--text\" data-position=\"5\">[\/b]<\/p>\n<p class=\"contentpart contentpart--default contentpart--text\" data-position=\"6\">M\u0119\u017cczyzna, wcze\u015bniej wielokrotnie karany mandatami, nie by\u0142 pod wp\u0142ywem alkoholu ani \u015brodk\u00f3w psychoaktywnych podczas wypadku. Przyzna\u0142 si\u0119 do winy i podczas rozprawy wyrazi\u0142 skruch\u0119: &#8211; Chcia\u0142bym przeprosi\u0107 rodzin\u0119 zmar\u0142ej &#8211; powiedzia\u0142 oskar\u017cony.<\/p>\n<p> <img role=\"presentation\" src=\"https:\/\/std.wpcdn.pl\/images\/adv\/placeholder_wp.svg\" loading=\"lazy\" alt=\"\" decoding=\"async\"\/>  <\/p>\n<p class=\"contentpart contentpart--default contentpart--text\" data-position=\"7\">Rodzina Justyny Burskiej nie zaakceptowa\u0142a wniosku sprawcy o dobrowolne poddanie si\u0119 karze. Jej brat domaga\u0142 si\u0119 surowszego wyroku, a matka p\u0142ywaczki wyrazi\u0142a rozgoryczenie: &#8211; Ca\u0142a ta rozprawa by\u0142a tylko po to, \u017ceby udowodni\u0107, jaki sprawca wypadku jest m\u0142ody i wspania\u0142y. A co z moj\u0105 nie\u017cyj\u0105c\u0105 c\u00f3rk\u0105? &#8211; m\u00f3wi\u0142a podczas rozprawy.<\/p>\n<p class=\"contentpart contentpart--default contentpart--text\" data-position=\"8\">Wyrok jest nieprawomocny.<\/p>\n","protected":false},"excerpt":{"rendered":"Justyna Burska, uznana polska p\u0142ywaczka d\u0142ugodystansowa, zgin\u0119\u0142a 17 sierpnia 2024 roku w wypadku motocyklowym na skrzy\u017cowaniu w wojew\u00f3dztwie&hellip;\n","protected":false},"author":2,"featured_media":132056,"comment_status":"","ping_status":"","sticky":false,"template":"","format":"standard","meta":{"footnotes":""},"categories":[5],"tags":[32,33,36,37,27,27519,34,35,28,31,25,2948,42,6095,38,40,39,41,29,30,26,2588],"class_list":{"0":"post-132055","1":"post","2":"type-post","3":"status-publish","4":"format-standard","5":"has-post-thumbnail","7":"category-naglowki","8":"tag-breaking-news","9":"tag-breakingnews","10":"tag-featured-news","11":"tag-featurednews","12":"tag-headlines","13":"tag-justyna-burska","14":"tag-latest-news","15":"tag-latestnews","16":"tag-naglowki","17":"tag-najwazniejsze-artykuly","18":"tag-news","19":"tag-olsztyn","20":"tag-pl","21":"tag-plywanie","22":"tag-poland","23":"tag-polish","24":"tag-polska","25":"tag-polski","26":"tag-top-stories","27":"tag-topstories","28":"tag-wiadomosci","29":"tag-wypadek"},"share_on_mastodon":{"url":"https:\/\/pubeurope.com\/@pl\/115660345969086219","error":""},"_links":{"self":[{"href":"https:\/\/www.europesays.com\/pl\/wp-json\/wp\/v2\/posts\/132055","targetHints":{"allow":["GET"]}}],"collection":[{"href":"https:\/\/www.europesays.com\/pl\/wp-json\/wp\/v2\/posts"}],"about":[{"href":"https:\/\/www.europesays.com\/pl\/wp-json\/wp\/v2\/types\/post"}],"author":[{"embeddable":true,"href":"https:\/\/www.europesays.com\/pl\/wp-json\/wp\/v2\/users\/2"}],"replies":[{"embeddable":true,"href":"https:\/\/www.europesays.com\/pl\/wp-json\/wp\/v2\/comments?post=132055"}],"version-history":[{"count":0,"href":"https:\/\/www.europesays.com\/pl\/wp-json\/wp\/v2\/posts\/132055\/revisions"}],"wp:featuredmedia":[{"embeddable":true,"href":"https:\/\/www.europesays.com\/pl\/wp-json\/wp\/v2\/media\/132056"}],"wp:attachment":[{"href":"https:\/\/www.europesays.com\/pl\/wp-json\/wp\/v2\/media?parent=132055"}],"wp:term":[{"taxonomy":"category","embeddable":true,"href":"https:\/\/www.europesays.com\/pl\/wp-json\/wp\/v2\/categories?post=132055"},{"taxonomy":"post_tag","embeddable":true,"href":"https:\/\/www.europesays.com\/pl\/wp-json\/wp\/v2\/tags?post=132055"}],"curies":[{"name":"wp","href":"https:\/\/api.w.org\/{rel}","templated":true}]}}