{"id":132059,"date":"2025-12-04T08:29:11","date_gmt":"2025-12-04T08:29:11","guid":{"rendered":"https:\/\/www.europesays.com\/pl\/132059\/"},"modified":"2025-12-04T08:29:11","modified_gmt":"2025-12-04T08:29:11","slug":"dominika-serowska-bole%c2%b6nie-szczerze-o-gwiazdach-poprawiaj%c2%b1cych-urode-z-jednej-fabryki-przemys%c2%b3owej","status":"publish","type":"post","link":"https:\/\/www.europesays.com\/pl\/132059\/","title":{"rendered":"Dominika Serowska bole\u00b6nie szczerze o gwiazdach poprawiaj\u00b1cych urod\u00ea. 'Z jednej fabryki przemys\u00b3owej&#8217;"},"content":{"rendered":"<p class=\"art_paragraph\"><a href=\"https:\/\/www.plotek.pl\/dominika-serowska\" class=\"art_link\" rel=\"dofollow noopener\" target=\"_blank\">Dominika Serowska<\/a> by\u0142a go\u015bcini\u0105 w najnowszym odcinku podcastu &#8222;Galaktyka <a href=\"https:\/\/www.plotek.pl\/plotek\/7,195990,32417425,z-kim-julia-wieniawa-wypoczywa-w-meksyku-tym-zdjeciem-tylko.html#anchorLink\" rel=\"nofollow noopener\" target=\"_blank\">Plotek<\/a>&#8222;, kt\u00f3ry mia\u0142 premier\u0119 1 grudnia. W szczerej rozmowie z Marcinem Wolniakiem opowiedzia\u0142a nie tylko o relacji ze swoim partnerem, ale otwarcie wypowiedzia\u0142a si\u0119 na wiele trudnych temat\u00f3w, kt\u00f3re ciekawi\u0105 czytelnik\u00f3w Plotka. Serowska wspomnia\u0142a m.in. pierwsze spotkanie z <a href=\"https:\/\/www.plotek.pl\/katarzyna-cichopek#anchorLink\" rel=\"nofollow noopener\" target=\"_blank\">Katarzyn\u00b1 Cichopek<\/a>. Przyzna\u0142a, \u017ce dosz\u0142o do niego podczas koncertu c\u00f3rki Hakiela, Helenki. Prezenterka &#8222;halo tu polsat&#8221; mia\u0142a wykorzysta\u0107 moment, kiedy tancerz na chwil\u0119 znikn\u0105\u0142 i podesz\u0142a do Serowskiej zagai\u0107 rozmow\u0119. &#8211; Znam takie r\u00f3\u017cne zagrywki, wi\u0119c ja si\u0119 na to nie nabior\u0119. Grzecznie odpowiedzia\u0142am, ale te\u017c nie mia\u0142abym o czym rozmawia\u0107, bo to dla mnie nie mia\u0142oby sensu (&#8230;). Ona nie jest nam przychylna, nie ma co ukrywa\u0107 &#8211; podkre\u015bli\u0142a Dominika. <a href=\"https:\/\/www.plotek.pl\/plotek\/7,111483,32430066,serowska-wspomina-spotkanie-z-cichopek-ja-sie-na-to-nie-nabiore.html\" class=\"art_link\" rel=\"dofollow noopener\" target=\"_blank\">Wi\u0119cej przeczytasz tutaj<\/a>. W podca\u015bcie znalaz\u0142a si\u0119 tak\u017ce chwila na om\u00f3wienie l\u017cejszych kwestii. Marcin Wolniak zapyta\u0142 celebrytk\u0119, jaki ma stosunek do zabieg\u00f3w medycyny estetycznej. Jasno podkre\u015bli\u0142a, jak na pewno nie chcia\u0142aby wygl\u0105da\u0107.<\/p>\n<p>\n    Zobacz wideo Roksana W\u0119giel przejmuje si\u0119 komentarzami, \u017ce wygl\u0105da staro? &#8222;Telewizja przek\u0142amuje&#8221;\n  <\/p>\n<p> &#8222;Galaktyka Plotek&#8221;. Dominika Serowska bole\u015bnie szczerze o medycynie estetycznej<\/p>\n<p class=\"art_paragraph\">Ostatnio coraz m\u0142odsze osoby z show-biznesu decyduj\u0105 si\u0119 na poprawianie urody w gabinetach medycyny estetycznej. Idealnym przyk\u0142adem jest <a href=\"https:\/\/www.plotek.pl\/styl-i-uroda\/7,198204,32266706,julia-von-stein-pokazala-twarz-po-liftingu-efekt-podzielil.html\" class=\"art_link\" rel=\"dofollow noopener\" target=\"_blank\">Julia von Stein, kt\u00f3ra ostatnio zafundowa\u0142a sobie lifting w wieku zaledwie 29 lat.<\/a> Coraz wcze\u015bniej <a href=\"https:\/\/www.plotek.pl\/plotek\/0,0.html#anchorLink\" rel=\"nofollow noopener\" target=\"_blank\">gwiazdy<\/a> poruszaj\u0105 tak\u017ce tematy zabieg\u00f3w i podkre\u015blaj\u0105, \u017ce korzystaj\u0105 z tych udogodnie\u0144 i nie maj\u0105 zamiaru si\u0119 tego wstydzi\u0107, jak m.in. <a href=\"https:\/\/www.plotek.pl\/malgorzata-rozenek\" class=\"art_link\" rel=\"dofollow noopener\" target=\"_blank\">Ma\u0142gorzata Roznek-Majdan<\/a>. &#8211; Jestem z tych os\u00f3b, kt\u00f3re lubi\u0105 sprawczo\u015b\u0107. Je\u017celi co\u015b mi przeszkadza, zmieniam to i id\u0119 dalej. Po to wprowadzam te wszystkie zmiany, \u017ceby o tym nie my\u015ble\u0107, bo nie mam na to czasu &#8211; podkre\u015bli\u0142a w rozmowie z magazynem &#8222;Viva!&#8221;. <a href=\"https:\/\/www.plotek.pl\/styl-i-uroda\/7,198204,32319732,malgorzata-rozenek-wyznala-prawde-to-dlatego-robi-operacje.html\" class=\"art_link\" rel=\"dofollow noopener\" target=\"_blank\">Wi\u0119cej przeczytasz tutaj.<\/a> Marcin Wolniak postanowi\u0142 zapyta\u0107 Dominik\u0119 Serowsk\u0105, jaki ona ma stosunek do tego rodzaju zabieg\u00f3w, kt\u00f3re sta\u0142y si\u0119 ju\u017c oczywisto\u015bci\u0105 w \u015bwiecie show-biznesu, do kt\u00f3rego celebrytka do\u0142\u0105czy\u0142a stosunkowo niedawno. Szczerze przyzna\u0142a, \u017ce to nie dla niej, bo ceni sobie indywidualne cechy, kt\u00f3re przy du\u017cej ilo\u015bci zabieg\u00f3w s\u0105 zatracane.<\/p>\n<blockquote class=\"art_blockquote\"><p>Ja nie chcia\u0142abym wygl\u0105da\u0107 jak wszyscy. Z jednej fabryki przemys\u0142owej, wi\u0119c nie jestem fank\u0105 (&#8230;) Mam poczucie, \u017ce zatracana jest ta twarz, kt\u00f3ra ju\u017c w og\u00f3le nie jest t\u0105 twarz\u0105, kt\u00f3r\u0105 by\u0142a wcze\u015bniej i wszyscy wygl\u0105daj\u0105 bardzo podobnie. Ja jednak nie jestem tego fank\u0105, bo lubi\u0119, jak ludzie si\u0119 wyr\u00f3\u017cniaj\u0105, wi\u0119c to nie jest moja estetyka<\/p><\/blockquote>\n<p class=\"art_paragraph\">&#8211; podkre\u015bli\u0142a Dominika Serowska w podca\u015bcie &#8222;Galaktyka <a href=\"https:\/\/www.plotek.pl\/plotki#anchorLink\" rel=\"nofollow noopener\" target=\"_blank\">Plotek<\/a>&#8222;.<\/p>\n<p> &#8222;Galaktyka Plotek&#8221;. Dominika Serowska o osobach, kt\u00f3re decyduj\u0105 si\u0119 poprawi\u0107 urod\u0119<\/p>\n<p class=\"art_paragraph\">W dalszej cz\u0119\u015bci rozmowy Dominika Serowska powiedzia\u0142a, \u017ce cho\u0107 zabiegi medycyny estetycznej nie s\u0105 do ko\u0144ca dla niej, to rozumie, co mo\u017ce kierowa\u0107 innymi, kt\u00f3rzy si\u0119 na nie decyduj\u0105 i jak podkre\u015bli\u0142a, nie uwa\u017ca, \u017ce jest to co\u015b niew\u0142a\u015bciwego.\u00a0&#8211; Te\u017c nie jest tak, \u017ce ja widz\u0119 w tym co\u015b z\u0142ego, bo uwa\u017cam, \u017ce ka\u017cdy ma inn\u0105 psychik\u0119. Widocznie w psychice jakiej\u015b dziewczyny, kt\u00f3ra si\u0119 na co\u015b takiego decyduje&#8230; mo\u017ce tak strasznie j\u0105 to uwiera, \u017ce ona musi to zrobi\u0107 i wtedy poczuje si\u0119 lepiej. No, wi\u0119c je\u017celi jej to sprawia przyjemno\u015b\u0107, to ok &#8211; podsumowa\u0142a.<\/p>\n","protected":false},"excerpt":{"rendered":"Dominika Serowska by\u0142a go\u015bcini\u0105 w najnowszym odcinku podcastu &#8222;Galaktyka Plotek&#8222;, kt\u00f3ry mia\u0142 premier\u0119 1 grudnia. W szczerej rozmowie&hellip;\n","protected":false},"author":2,"featured_media":132060,"comment_status":"","ping_status":"","sticky":false,"template":"","format":"standard","meta":{"footnotes":""},"categories":[22],"tags":[122,42,38,40,39,41,123],"class_list":{"0":"post-132059","1":"post","2":"type-post","3":"status-publish","4":"format-standard","5":"has-post-thumbnail","7":"category-rozrywka","8":"tag-entertainment","9":"tag-pl","10":"tag-poland","11":"tag-polish","12":"tag-polska","13":"tag-polski","14":"tag-rozrywka"},"share_on_mastodon":{"url":"https:\/\/pubeurope.com\/@pl\/115660361935558816","error":""},"_links":{"self":[{"href":"https:\/\/www.europesays.com\/pl\/wp-json\/wp\/v2\/posts\/132059","targetHints":{"allow":["GET"]}}],"collection":[{"href":"https:\/\/www.europesays.com\/pl\/wp-json\/wp\/v2\/posts"}],"about":[{"href":"https:\/\/www.europesays.com\/pl\/wp-json\/wp\/v2\/types\/post"}],"author":[{"embeddable":true,"href":"https:\/\/www.europesays.com\/pl\/wp-json\/wp\/v2\/users\/2"}],"replies":[{"embeddable":true,"href":"https:\/\/www.europesays.com\/pl\/wp-json\/wp\/v2\/comments?post=132059"}],"version-history":[{"count":0,"href":"https:\/\/www.europesays.com\/pl\/wp-json\/wp\/v2\/posts\/132059\/revisions"}],"wp:featuredmedia":[{"embeddable":true,"href":"https:\/\/www.europesays.com\/pl\/wp-json\/wp\/v2\/media\/132060"}],"wp:attachment":[{"href":"https:\/\/www.europesays.com\/pl\/wp-json\/wp\/v2\/media?parent=132059"}],"wp:term":[{"taxonomy":"category","embeddable":true,"href":"https:\/\/www.europesays.com\/pl\/wp-json\/wp\/v2\/categories?post=132059"},{"taxonomy":"post_tag","embeddable":true,"href":"https:\/\/www.europesays.com\/pl\/wp-json\/wp\/v2\/tags?post=132059"}],"curies":[{"name":"wp","href":"https:\/\/api.w.org\/{rel}","templated":true}]}}