{"id":132105,"date":"2025-12-04T08:56:10","date_gmt":"2025-12-04T08:56:10","guid":{"rendered":"https:\/\/www.europesays.com\/pl\/132105\/"},"modified":"2025-12-04T08:56:10","modified_gmt":"2025-12-04T08:56:10","slug":"podrzucono-chorego-dzika-rzad-mowi-o-sabotazu-uwage-zwraca-ten-szczegol","status":"publish","type":"post","link":"https:\/\/www.europesays.com\/pl\/132105\/","title":{"rendered":"Podrzucono chorego dzika? Rz\u0105d m\u00f3wi o sabota\u017cu. Uwag\u0119 zwraca ten szczeg\u00f3\u0142"},"content":{"rendered":"<p class=\"typography ids-typeset-body ids-typeset-body--preset-large link paragraph ids-paragraph ids-paragraph--default\">Jak informuje Radio \u0141\u00f3d\u017a, zwierz\u0119 znaleziono na terenie gminy Rozprza pod Piotrkowem Trybunalskim. Truch\u0142o le\u017ca\u0142o na trudno dost\u0119pnym terenie w pobli\u017cu rzeki Luci\u0105\u017cy. Badania wykaza\u0142y, \u017ce dzik by\u0142 zaka\u017cony ASF &#8211; potwierdzi\u0142 Konrad Dere\u0144, powiatowy lekarz weterynarii w Piotrkowie Trybunalskim.<\/p>\n<p>Rozprza, Piotrk\u00f3w Trybunalski. Dzik z ASF to wschodnia dywersja?<\/p>\n<p class=\"typography ids-typeset-body ids-typeset-body--preset-large link paragraph ids-paragraph ids-paragraph--default\">Uwag\u0119 zwraca fakt, \u017ce cia\u0142o zwierz\u0119cia by\u0142o osk\u00f3rowane. To mo\u017ce wskazywa\u0107, \u017ce zosta\u0142o podrzucone &#8211; podaje Radio \u0141\u00f3d\u017a.<\/p>\n<p class=\"typography ids-typeset-body ids-typeset-body--preset-large link paragraph ids-paragraph ids-paragraph--default\">Do sprawy odni\u00f3s\u0142 si\u0119 Stefan Krajewski, minister rolnictwa. &#8222;Nie wykluczamy sabota\u017cu, w tym wschodniej dywersji. Chronimy polsk\u0105 wie\u015b i nie pozwolimy na celowe roznoszenie wirusa&#8221; &#8211; przekaza\u0142 w mediach spo\u0142eczno\u015bciowych przedstawiciel rz\u0105du.<\/p>\n<p class=\"typography ids-typeset-body ids-typeset-body--preset-large link paragraph ids-paragraph ids-paragraph--default\">&#8222;O sprawie dzika z ASF pod Piotrkowem by\u0142em informowany od pierwszych minut. Natychmiast zleci\u0142em s\u0142u\u017cbom podj\u0119cie dzia\u0142a\u0144 i zabezpieczenie terenu&#8221; &#8211; doda\u0142 minister Krajewski.<\/p>\n<p class=\"typography ids-typeset-body ids-typeset-body--preset-large link paragraph ids-paragraph ids-paragraph--default\">Jak informuje Radio \u0141\u00f3d\u017a, w promieniu 5 km od miejsca, gdzie odnaleziono dzika z ASF jest\u00a0a\u017c 58 gospodarstw, na kt\u00f3rych hoduje si\u0119 7 tys. \u015bwi\u0144. W\u0142adze powiatu b\u0119d\u0105 rozwa\u017ca\u0107 wprowadzenie stref ochronnych, ale dopiero gdy pojawi\u0105 si\u0119 kolejne chore dziki. Zagro\u017cenie mo\u017ce oznacza\u0107 du\u017ce straty dla lokalnych hodowc\u00f3w.<\/p>\n<p class=\"typography ids-typeset-body ids-typeset-body--preset-large link paragraph ids-paragraph ids-paragraph--default\">ASF pojawi\u0142 si\u0119 w Polsce po raz pierwszy w 2014 r. Wirus dotkn\u0105\u0142 ju\u017c gospodarstw niemal w ka\u017cdym regionie kraju, powoduj\u0105c setki milion\u00f3w z\u0142otych strat. Ze wzgl\u0119du na ryzyko choroby trzeba by\u0142o wybi\u0107 setki tysi\u0119cy \u015bwi\u0144 &#8211; informuje Europejskie Forum Rolnicze za Fundacj\u0105 Europejski Fundusz Rozwoju Wsi Polskiej.<\/p>\n<p>Psy pomagaj\u0105 tropi\u0107 dziki zaka\u017cone ASFPolsat NewsPolsat News<\/p>\n<p><a class=\"ids-undecorated-link source ids-page-info--source__link\" href=\"https:\/\/www.interia.pl\" rel=\"nofollow noopener\" target=\"_blank\"><img decoding=\"async\" class=\"ids-image-holder__img\" loading=\"lazy\" alt=\"\" title=\"\" height=\"24px\" src=\"https:\/\/www.europesays.com\/pl\/wp-content\/uploads\/2025\/12\/1764732975_102_0009A60QQ5I2TYF7-C202-F4.webp.webp\"\/><\/a><\/p>\n<p>Masz sugestie, uwagi albo widzisz b\u0142\u0105d? Napisz do nas<\/p>\n","protected":false},"excerpt":{"rendered":"Jak informuje Radio \u0141\u00f3d\u017a, zwierz\u0119 znaleziono na terenie gminy Rozprza pod Piotrkowem Trybunalskim. Truch\u0142o le\u017ca\u0142o na trudno dost\u0119pnym&hellip;\n","protected":false},"author":2,"featured_media":132106,"comment_status":"","ping_status":"","sticky":false,"template":"","format":"standard","meta":{"footnotes":""},"categories":[12],"tags":[32,33,36,37,27,34,35,28,31,25,42,38,40,39,41,29,30,26],"class_list":{"0":"post-132105","1":"post","2":"type-post","3":"status-publish","4":"format-standard","5":"has-post-thumbnail","7":"category-polska","8":"tag-breaking-news","9":"tag-breakingnews","10":"tag-featured-news","11":"tag-featurednews","12":"tag-headlines","13":"tag-latest-news","14":"tag-latestnews","15":"tag-naglowki","16":"tag-najwazniejsze-artykuly","17":"tag-news","18":"tag-pl","19":"tag-poland","20":"tag-polish","21":"tag-polska","22":"tag-polski","23":"tag-top-stories","24":"tag-topstories","25":"tag-wiadomosci"},"share_on_mastodon":{"url":"https:\/\/pubeurope.com\/@pl\/115660468191701756","error":""},"_links":{"self":[{"href":"https:\/\/www.europesays.com\/pl\/wp-json\/wp\/v2\/posts\/132105","targetHints":{"allow":["GET"]}}],"collection":[{"href":"https:\/\/www.europesays.com\/pl\/wp-json\/wp\/v2\/posts"}],"about":[{"href":"https:\/\/www.europesays.com\/pl\/wp-json\/wp\/v2\/types\/post"}],"author":[{"embeddable":true,"href":"https:\/\/www.europesays.com\/pl\/wp-json\/wp\/v2\/users\/2"}],"replies":[{"embeddable":true,"href":"https:\/\/www.europesays.com\/pl\/wp-json\/wp\/v2\/comments?post=132105"}],"version-history":[{"count":0,"href":"https:\/\/www.europesays.com\/pl\/wp-json\/wp\/v2\/posts\/132105\/revisions"}],"wp:featuredmedia":[{"embeddable":true,"href":"https:\/\/www.europesays.com\/pl\/wp-json\/wp\/v2\/media\/132106"}],"wp:attachment":[{"href":"https:\/\/www.europesays.com\/pl\/wp-json\/wp\/v2\/media?parent=132105"}],"wp:term":[{"taxonomy":"category","embeddable":true,"href":"https:\/\/www.europesays.com\/pl\/wp-json\/wp\/v2\/categories?post=132105"},{"taxonomy":"post_tag","embeddable":true,"href":"https:\/\/www.europesays.com\/pl\/wp-json\/wp\/v2\/tags?post=132105"}],"curies":[{"name":"wp","href":"https:\/\/api.w.org\/{rel}","templated":true}]}}