{"id":132107,"date":"2025-12-04T08:57:10","date_gmt":"2025-12-04T08:57:10","guid":{"rendered":"https:\/\/www.europesays.com\/pl\/132107\/"},"modified":"2025-12-04T08:57:10","modified_gmt":"2025-12-04T08:57:10","slug":"zima-nie-odpuszcza-prognoza-pogody-na-4-i-5-grudnia","status":"publish","type":"post","link":"https:\/\/www.europesays.com\/pl\/132107\/","title":{"rendered":"Zima nie odpuszcza. Prognoza pogody na 4 i 5 grudnia"},"content":{"rendered":"<p>Polska w\u00a0najbli\u017cszych dniach b\u0119dzie pod wp\u0142ywem rozleg\u0142ego wy\u017cu znad zachodniej Rosji. To sprawi, \u017ce nad krajem zago\u015bci wilgotne powietrze polarne morskie. W\u00a0efekcie, jak informuje IMGW, pogoda nie b\u0119dzie nas rozpieszcza\u0107.<\/p>\n<p>W czwartek nast\u0105pi du\u017ce zachmurzenie z\u00a0przeja\u015bnieniami na po\u0142udniowym wschodzie. Mo\u017cliwe b\u0119d\u0105 s\u0142abe opady deszczu lub m\u017cawki, a\u00a0w\u00a0Sudetach lokalnie tak\u017ce deszcz ze \u015bniegiem. Silne zamglenia i\u00a0mg\u0142y ogranicz\u0105 widzialno\u015b\u0107 do oko\u0142o 200 m, zw\u0142aszcza przed po\u0142udniem i\u00a0wieczorem. <\/p>\n<p>Temperatura maksymalna wyniesie od 2\u00a0st. C\u00a0na zachodzie do nawet 8\u00a0st. C\u00a0na po\u0142udniowym wschodzie. Wiatr b\u0119dzie s\u0142aby, lokalnie umiarkowany, a\u00a0na Przedg\u00f3rzu Sudeckim tak\u017ce porywisty.<\/p>\n<p>W nocy chmury utrzymaj\u0105 si\u0119 na ca\u0142ym niebie, z\u00a0wi\u0119kszymi przeja\u015bnieniami mo\u017cliwymi na po\u0142udniowym wschodzie. Na zachodzie i\u00a0w\u00a0centrum kraju mog\u0105 pojawi\u0107 si\u0119 s\u0142abe opady deszczu lub m\u017cawki, na \u015al\u0105sku opady mog\u0105 by\u0107 marzn\u0105ce. W\u00a0Sudetach i\u00a0Tatrach przewiduje si\u0119 opady \u015bniegu. Temperatury spadn\u0105 do 0-4 st. C, a\u00a0na Podhalu miejscami do minus 2\u00a0st. C. W\u00a0g\u00f3rach wyst\u0105pi silny wiatr osi\u0105gaj\u0105cy w\u00a0Tatrach do 70 km\/h. Lokalnie mo\u017cliwe zawieje \u015bnie\u017cne.<\/p>\n<p>Pi\u0105tek b\u0119dzie podobny do czwartku pod wzgl\u0119dem pogody. Zachmurzenie pozostanie du\u017ce, a\u00a0na wschodzie kraju miejscami pojawi\u0105 si\u0119 mg\u0142y ograniczaj\u0105ce widzialno\u015b\u0107 do oko\u0142o 200 m. W ci\u0105gu dnia na zachodzie i\u00a0p\u00f3\u0142nocy kraju opady deszczu lub m\u017cawki, w\u00a0Tatrach po po\u0142udniu opady deszczu ze \u015bniegiem i\u00a0\u015bniegu. <\/p>\n<p>Temperatura osi\u0105gnie od 3\u00a0st. C\u00a0na p\u00f3\u0142nocy do 10 st. C\u00a0na po\u0142udniowym wschodzie.<\/p>\n<p>W stolicy w\u00a0czwartek przewiduje si\u0119 ca\u0142kowite zachmurzenie z\u00a0okresowymi przeja\u015bnieniami. Mo\u017cliwe s\u0105 opady m\u017cawki i\u00a0silne zamglenia ograniczaj\u0105ce widzialno\u015b\u0107 do 500 m. Maksymalna temperatura wyniesie 6\u00a0st. C. W\u00a0nocy zachmurzenie nie ust\u0105pi, a\u00a0temperatura spadnie do 3\u00a0st. C. Na pi\u0105tek zapowiadane s\u0105 podobne warunki \u2013\u00a0ca\u0142kowite zachmurzenie i\u00a0mo\u017cliwe opady m\u017cawki, a\u00a0temperatura wzro\u015bnie do 8\u00a0st. C. <\/p>\n","protected":false},"excerpt":{"rendered":"Polska w\u00a0najbli\u017cszych dniach b\u0119dzie pod wp\u0142ywem rozleg\u0142ego wy\u017cu znad zachodniej Rosji. To sprawi, \u017ce nad krajem zago\u015bci wilgotne&hellip;\n","protected":false},"author":2,"featured_media":132108,"comment_status":"","ping_status":"","sticky":false,"template":"","format":"standard","meta":{"footnotes":""},"categories":[5],"tags":[32,33,36,37,27,34,35,28,31,25,42,38,40,39,41,29,30,26],"class_list":{"0":"post-132107","1":"post","2":"type-post","3":"status-publish","4":"format-standard","5":"has-post-thumbnail","7":"category-naglowki","8":"tag-breaking-news","9":"tag-breakingnews","10":"tag-featured-news","11":"tag-featurednews","12":"tag-headlines","13":"tag-latest-news","14":"tag-latestnews","15":"tag-naglowki","16":"tag-najwazniejsze-artykuly","17":"tag-news","18":"tag-pl","19":"tag-poland","20":"tag-polish","21":"tag-polska","22":"tag-polski","23":"tag-top-stories","24":"tag-topstories","25":"tag-wiadomosci"},"share_on_mastodon":{"url":"https:\/\/pubeurope.com\/@pl\/115660472247677512","error":""},"_links":{"self":[{"href":"https:\/\/www.europesays.com\/pl\/wp-json\/wp\/v2\/posts\/132107","targetHints":{"allow":["GET"]}}],"collection":[{"href":"https:\/\/www.europesays.com\/pl\/wp-json\/wp\/v2\/posts"}],"about":[{"href":"https:\/\/www.europesays.com\/pl\/wp-json\/wp\/v2\/types\/post"}],"author":[{"embeddable":true,"href":"https:\/\/www.europesays.com\/pl\/wp-json\/wp\/v2\/users\/2"}],"replies":[{"embeddable":true,"href":"https:\/\/www.europesays.com\/pl\/wp-json\/wp\/v2\/comments?post=132107"}],"version-history":[{"count":0,"href":"https:\/\/www.europesays.com\/pl\/wp-json\/wp\/v2\/posts\/132107\/revisions"}],"wp:featuredmedia":[{"embeddable":true,"href":"https:\/\/www.europesays.com\/pl\/wp-json\/wp\/v2\/media\/132108"}],"wp:attachment":[{"href":"https:\/\/www.europesays.com\/pl\/wp-json\/wp\/v2\/media?parent=132107"}],"wp:term":[{"taxonomy":"category","embeddable":true,"href":"https:\/\/www.europesays.com\/pl\/wp-json\/wp\/v2\/categories?post=132107"},{"taxonomy":"post_tag","embeddable":true,"href":"https:\/\/www.europesays.com\/pl\/wp-json\/wp\/v2\/tags?post=132107"}],"curies":[{"name":"wp","href":"https:\/\/api.w.org\/{rel}","templated":true}]}}