{"id":132109,"date":"2025-12-04T08:58:14","date_gmt":"2025-12-04T08:58:14","guid":{"rendered":"https:\/\/www.europesays.com\/pl\/132109\/"},"modified":"2025-12-04T08:58:14","modified_gmt":"2025-12-04T08:58:14","slug":"alez-wiesci-media-chce-wrocic-do-barcelony","status":"publish","type":"post","link":"https:\/\/www.europesays.com\/pl\/132109\/","title":{"rendered":"Ale\u017c wie\u015bci. Media: chce wr\u00f3ci\u0107 do Barcelony"},"content":{"rendered":"\n<p class=\"contentpart contentpart--default contentpart--text\" data-position=\"0\">Odej\u015bcie <a href=\"https:\/\/sportowefakty.wp.pl\/pilka-nozna\/inigo-martinez\" rel=\"nofollow noopener\" target=\"_blank\">Inigo Martineza<\/a>\u00a0by\u0142o prawdziwym szokiem. Nikt nie spodziewa\u0142 si\u0119, \u017ce kluczowy zawodnik <a href=\"https:\/\/sportowefakty.wp.pl\/pilka-nozna\/fc-barcelona\" rel=\"nofollow noopener\" target=\"_blank\">FC Barcelony<\/a>\u00a0mo\u017ce opu\u015bci\u0107 klub. Tymczasem na pocz\u0105tku sierpnia Hiszpan przeni\u00f3s\u0142 si\u0119 do Arabii Saudyjskiej.<\/p>\n<p class=\"contentpart contentpart--default contentpart--text\" data-position=\"1\">Martinez zwi\u0105za\u0142 si\u0119 z <a href=\"https:\/\/sportowefakty.wp.pl\/pilka-nozna\/al-nassr\" rel=\"nofollow noopener\" target=\"_blank\">Al-Nassr<\/a>, w kt\u00f3rym wyst\u0119puj\u0105 takie gwiazdy jak Cristiano Ronaldo czy Sadio Mane. Odej\u015bcie do\u015bwiadczonego defensora sprawi\u0142o, \u017ce t\u0119skni za nim wielu kibic\u00f3w &#8222;Dumy Katalonii&#8221;.<\/p>\n<p> <img role=\"presentation\" src=\"https:\/\/std.wpcdn.pl\/images\/adv\/placeholder_wp.svg\" loading=\"lazy\" alt=\"\" decoding=\"async\"\/>  <\/p>\n<p class=\"contentpart contentpart--default contentpart--text\" data-position=\"2\">Teraz sensacyjne wie\u015bci ws. Hiszpana przekaza\u0142 Joan Fontes. W jednym z wpis\u00f3w na platformie X podkre\u015bli\u0142, \u017ce Martinez &#8222;oszala\u0142 na punkcie mo\u017cliwo\u015bci powrotu do Barcelony&#8221;.<\/p>\n<p class=\"contentpart contentpart--default contentpart--text\" data-position=\"3\">Informacje w tej sprawie pojawi\u0142y si\u0119 r\u00f3wnie\u017c ze strony profilu Actualite &#8211; Barca. Z powod\u00f3w osobistych Martinez mia\u0142 przekaza\u0107 swojemu agentowi, \u017ce chce opu\u015bci\u0107 Arabi\u0119 Saudyjsk\u0105 i wr\u00f3ci\u0107 do Hiszpanii.<\/p>\n<p class=\"contentpart contentpart--default contentpart--text\" data-position=\"4\">O ca\u0142ej sprawie mia\u0142a dowiedzie\u0107 si\u0119 Barca, lecz problem stanowi Finansowe Fair Play. Do tego trzeba liczy\u0107 si\u0119 z tym, \u017ce Hiszpan ma obecnie wysok\u0105 pensj\u0119 w Al-Nassr.<\/p>\n<p class=\"contentpart contentpart--default contentpart--text\" data-position=\"5\">ZOBACZ WIDEO: By\u0142a 10. sekunda meczu. Niebywa\u0142e, co zrobi\u0142 bramkarz<\/p>\n","protected":false},"excerpt":{"rendered":"Odej\u015bcie Inigo Martineza\u00a0by\u0142o prawdziwym szokiem. Nikt nie spodziewa\u0142 si\u0119, \u017ce kluczowy zawodnik FC Barcelony\u00a0mo\u017ce opu\u015bci\u0107 klub. Tymczasem na&hellip;\n","protected":false},"author":2,"featured_media":132110,"comment_status":"","ping_status":"","sticky":false,"template":"","format":"standard","meta":{"footnotes":""},"categories":[24],"tags":[15865,4494,1157,272,267,27523,989,269,540,278,42,38,40,39,41,127,126,2817],"class_list":{"0":"post-132109","1":"post","2":"type-post","3":"status-publish","4":"format-standard","5":"has-post-thumbnail","7":"category-sport","8":"tag-al-nassr","9":"tag-arabia-saudyjska","10":"tag-barcelona","11":"tag-fc-barcelona","12":"tag-hiszpania","13":"tag-inigo-martinez","14":"tag-pilka-na-swiecie","15":"tag-pilka-nozna","16":"tag-pilka-nozna-w-hiszpanii","17":"tag-pilka-w-europie","18":"tag-pl","19":"tag-poland","20":"tag-polish","21":"tag-polska","22":"tag-polski","23":"tag-sport","24":"tag-sports","25":"tag-transfery"},"share_on_mastodon":{"url":"https:\/\/pubeurope.com\/@pl\/115660476051850144","error":""},"_links":{"self":[{"href":"https:\/\/www.europesays.com\/pl\/wp-json\/wp\/v2\/posts\/132109","targetHints":{"allow":["GET"]}}],"collection":[{"href":"https:\/\/www.europesays.com\/pl\/wp-json\/wp\/v2\/posts"}],"about":[{"href":"https:\/\/www.europesays.com\/pl\/wp-json\/wp\/v2\/types\/post"}],"author":[{"embeddable":true,"href":"https:\/\/www.europesays.com\/pl\/wp-json\/wp\/v2\/users\/2"}],"replies":[{"embeddable":true,"href":"https:\/\/www.europesays.com\/pl\/wp-json\/wp\/v2\/comments?post=132109"}],"version-history":[{"count":0,"href":"https:\/\/www.europesays.com\/pl\/wp-json\/wp\/v2\/posts\/132109\/revisions"}],"wp:featuredmedia":[{"embeddable":true,"href":"https:\/\/www.europesays.com\/pl\/wp-json\/wp\/v2\/media\/132110"}],"wp:attachment":[{"href":"https:\/\/www.europesays.com\/pl\/wp-json\/wp\/v2\/media?parent=132109"}],"wp:term":[{"taxonomy":"category","embeddable":true,"href":"https:\/\/www.europesays.com\/pl\/wp-json\/wp\/v2\/categories?post=132109"},{"taxonomy":"post_tag","embeddable":true,"href":"https:\/\/www.europesays.com\/pl\/wp-json\/wp\/v2\/tags?post=132109"}],"curies":[{"name":"wp","href":"https:\/\/api.w.org\/{rel}","templated":true}]}}