{"id":132117,"date":"2025-12-04T09:02:14","date_gmt":"2025-12-04T09:02:14","guid":{"rendered":"https:\/\/www.europesays.com\/pl\/132117\/"},"modified":"2025-12-04T09:02:14","modified_gmt":"2025-12-04T09:02:14","slug":"piraci-porwali-statek-u-wybrzezy-afryki-polak-wsrod-zakladnikow-onet","status":"publish","type":"post","link":"https:\/\/www.europesays.com\/pl\/132117\/","title":{"rendered":"Piraci porwali statek u wybrze\u017cy Afryki. Polak w\u015br\u00f3d zak\u0142adnik\u00f3w &#8211; Onet"},"content":{"rendered":"<ol>\n<li><a href=\"https:\/\/news.google.com\/rss\/articles\/CBMixAFBVV95cUxQdm8tZnRac0tNME1hYjdOSS04cWYwbW1BX1hULXZHdjZHalBlRGM3LWZJUXhZZGo0aTE5dVNOQkh0cTRnWWlzT0NUSmdQb096MDNiRzlZS2RVaTZ1T1lMbGNKVkNJMW12N0lGNDRCSk9ZbFFJTUpPMFJyRDRQdGNJbHp5M0J3dWRtV1k4N3RiUEg2X1FnQUs0b0NCYWlWQUU2RFprVzBub29tY0NOdHprOUxFd1ctdFQteG80djU1WE1HeFJK?oc=5\" target=\"_blank\" rel=\"nofollow noopener\">Piraci porwali statek u wybrze\u017cy Afryki. Polak w\u015br\u00f3d zak\u0142adnik\u00f3w<\/a>&nbsp;&nbsp;Onet<\/li>\n<li><a href=\"https:\/\/news.google.com\/rss\/articles\/CBMitAFBVV95cUxPaHBnQXhDU2hGbmRQLWpKNVZqSHM2TkRwb2d0Yi15aUJ3R0o1RnhiVWpiVWExX0tOUmZSRm5QMjdmSXI4U3AtZkpKNTFZbG5hVW9IeWxHZnZ4QkZwQlpSUTJ3Vl9uV2pBSHJfc3pQWXpqWXIwRDluV0ZBcjVNZjVnSTYxUnRjM3J2aFZXak93RG9YQWFGc05EclBDUUVYZTFtdWN0VHEtOHhhUmFlMnI3UU1uVUQ?oc=5\" target=\"_blank\" rel=\"nofollow noopener\">Porwany statek u wybrze\u017cy Afryki. Na pok\u0142adzie jest Polak<\/a>&nbsp;&nbsp;Wydarzenia Interia<\/li>\n<li><a href=\"https:\/\/news.google.com\/rss\/articles\/CBMivAFBVV95cUxNaTBxd2RxbE54Xy1RWTJRclBGWVVLVUVOdVU5ampFWWloYi1ya2F4Z2RaN1ZrRzRTLU9WbjlEbmlvUmdpbjhLUGtrYnEzcjNndFYtNXRaYVg4a0NHeXBnNGFpVWpFLV8xMlUxMV9iV0N1MWRoa29aZFBMWmVVaF9FMmFraU11YVg3M3gzdmVOWTVHMURTYzc1cWpRUHRXZ24tQ3VmdElxcEV6dFhhenoyT2I2LWU1bVpHV3RNTg?oc=5\" target=\"_blank\" rel=\"nofollow noopener\">Atak na tankowiec u wybrze\u017cy Afryki. MSZ potwierdza: Polak w\u015br\u00f3d porwanych<\/a>&nbsp;&nbsp;Gazeta<\/li>\n<li><a href=\"https:\/\/news.google.com\/rss\/articles\/CBMimAFBVV95cUxNWm5IZGZkcTc2T2ctZG1BdTIwNkxKSWlyRENGT1dadkRxMEc2ZnUzMnRsaFFKSGZCWWlfc2V1TFdENWdUbF81YTN0TFZnYUc0aTRiN1hMNFBqUndfMGJFNl81MzZha1NfSTE1elhBa3VBd0FFdzVjcXVEQVVNenhEU042LXNFQmxmWlRGMDhNSERZSWtyNnQ1Sw?oc=5\" target=\"_blank\" rel=\"nofollow noopener\">Piraci porwali statek. W\u015br\u00f3d zak\u0142adnik\u00f3w Polak<\/a>&nbsp;&nbsp;PolsatNews.pl<\/li>\n<li><a href=\"https:\/\/news.google.com\/rss\/articles\/CBMinAFBVV95cUxPdFU4M290TzBaQXhJdUxMY1JaQklRQmJfaXgwMFB0YkVHZXc4S2MzcnJrUFhqU3B0cXJqVTJfcDZWNDI1RlhoeEU2RVJLN3VNbXRKUktwNy1vU3RYRDFrRVZQVGtkWF83blJGeHZnNk1SMVJfU3NVQTJ6WU5ONXoyejJfa2d0MFp2SmRsV2ltNlFRRWF1TjgtMXl4SlHSAZoBQVVfeXFMUGc4VVBuVHF1d0w2c0NyMG8wSWtQME5zNHNVc1VqclNOeHV5V1VkTFNDR0IxWGpIYlhzMGhqY0NpN0Eyc0lkMTZaTndyNFpmRjZyckU0UEh0UDVZeVVEQlY0Zjh5ajQ2YmdTa1VEZzVKM1pFSHYzNFlpNXJsSUt2STJhM1ZYLXpqYWVaSzlpbUM1cjJVSjBBdHJmQQ?oc=5\" target=\"_blank\" rel=\"nofollow noopener\">9 marynarzy porwanych przez pirat\u00f3w. Na pok\u0142adzie Polak<\/a>&nbsp;&nbsp;Wprost<\/li>\n<\/ol>\n","protected":false},"excerpt":{"rendered":"Piraci porwali statek u wybrze\u017cy Afryki. Polak w\u015br\u00f3d zak\u0142adnik\u00f3w&nbsp;&nbsp;Onet Porwany statek u wybrze\u017cy Afryki. Na pok\u0142adzie jest Polak&nbsp;&nbsp;Wydarzenia&hellip;\n","protected":false},"author":2,"featured_media":2440,"comment_status":"","ping_status":"","sticky":false,"template":"","format":"standard","meta":{"footnotes":""},"categories":[14],"tags":[11139,32,33,27525,27,34,35,1120,28,31,53,25,52,68,51,55,27524,40,2847,41,47,80,29,30,65,50,26,82,83,84],"class_list":{"0":"post-132117","1":"post","2":"type-post","3":"status-publish","4":"format-standard","5":"has-post-thumbnail","7":"category-swiat","8":"tag-afryka_kontynent","9":"tag-breaking-news","10":"tag-breakingnews","11":"tag-gwinea_rownikowa","12":"tag-headlines","13":"tag-latest-news","14":"tag-latestnews","15":"tag-msz_ministerstwo_spraw_zagranicznych","16":"tag-naglowki","17":"tag-najwazniejsze-artykuly","18":"tag-new_header","19":"tag-news","20":"tag-onet3","21":"tag-onet3d","22":"tag-onet3d_2i","23":"tag-phx","24":"tag-piraci_pirat_piractwo_morskie","25":"tag-polish","26":"tag-polska_polak_polka_polacy_polki","27":"tag-polski","28":"tag-screening_general","29":"tag-swiat","30":"tag-top-stories","31":"tag-topstories","32":"tag-update_me","33":"tag-v2021","34":"tag-wiadomosci","35":"tag-world","36":"tag-world-news","37":"tag-worldnews"},"share_on_mastodon":{"url":"","error":"Validation failed: Text character limit of 500 exceeded"},"_links":{"self":[{"href":"https:\/\/www.europesays.com\/pl\/wp-json\/wp\/v2\/posts\/132117","targetHints":{"allow":["GET"]}}],"collection":[{"href":"https:\/\/www.europesays.com\/pl\/wp-json\/wp\/v2\/posts"}],"about":[{"href":"https:\/\/www.europesays.com\/pl\/wp-json\/wp\/v2\/types\/post"}],"author":[{"embeddable":true,"href":"https:\/\/www.europesays.com\/pl\/wp-json\/wp\/v2\/users\/2"}],"replies":[{"embeddable":true,"href":"https:\/\/www.europesays.com\/pl\/wp-json\/wp\/v2\/comments?post=132117"}],"version-history":[{"count":0,"href":"https:\/\/www.europesays.com\/pl\/wp-json\/wp\/v2\/posts\/132117\/revisions"}],"wp:featuredmedia":[{"embeddable":true,"href":"https:\/\/www.europesays.com\/pl\/wp-json\/wp\/v2\/media\/2440"}],"wp:attachment":[{"href":"https:\/\/www.europesays.com\/pl\/wp-json\/wp\/v2\/media?parent=132117"}],"wp:term":[{"taxonomy":"category","embeddable":true,"href":"https:\/\/www.europesays.com\/pl\/wp-json\/wp\/v2\/categories?post=132117"},{"taxonomy":"post_tag","embeddable":true,"href":"https:\/\/www.europesays.com\/pl\/wp-json\/wp\/v2\/tags?post=132117"}],"curies":[{"name":"wp","href":"https:\/\/api.w.org\/{rel}","templated":true}]}}