{"id":132118,"date":"2025-12-04T09:03:13","date_gmt":"2025-12-04T09:03:13","guid":{"rendered":"https:\/\/www.europesays.com\/pl\/132118\/"},"modified":"2025-12-04T09:03:13","modified_gmt":"2025-12-04T09:03:13","slug":"dywersja-na-kolei-jest-decyzja-w-sprawie-ena-dla-jednego-ze-sprawcow-onet","status":"publish","type":"post","link":"https:\/\/www.europesays.com\/pl\/132118\/","title":{"rendered":"Dywersja na kolei. Jest decyzja w sprawie ENA dla jednego ze sprawc\u00f3w &#8211; Onet"},"content":{"rendered":"<ol>\n<li><a href=\"https:\/\/news.google.com\/rss\/articles\/CBMiywFBVV95cUxOemowVjR5ZHI1eUtrek0xNGlCLUZNZjdZc3ZjYTBtNzB4MUx0dWV3dDdGSzNYblFZQmZKR1FVMXBFT01VaHhDd0p2azVUN1F1ekZDdGdINHVNbzZ3em5sTjlCQ1o0Y1hsTklPUUN5OXROZEVmMjRYa1pOemxLWFFidlZjeHNJQUliQzA1OHdSaklhWExJQXlVc0dtc2xYNnUwLVJrWmx1WnBTWWFnYzdaNWNucVVkQVFOT2VYc3BvWmQzOEZ2dU9ZNzJsRQ?oc=5\" target=\"_blank\" rel=\"nofollow noopener\">Dywersja na kolei. Jest decyzja w sprawie ENA dla jednego ze sprawc\u00f3w<\/a>&nbsp;&nbsp;Onet<\/li>\n<li><a href=\"https:\/\/news.google.com\/rss\/articles\/CBMiowFBVV95cUxNUkZiLUxzM0RaZXd0OFpwSF8xUHlGOWNVSUQyQzFPUl9TOU9aX0dZX0RHTDcySHNRYXNtclBoTVZNT0ZUSmdjTTRQb3NvOXJmdlpKM2ktV3RkN1EwRzBVS3k2dWRQcmc2dzI2NEtBcVBGamlBN1Z4WXJCakVKR1U4enJfY19JTExrQ0x5dTRLaW5WRGJPejZjYmY3ZzBUZFliZi1Z?oc=5\" target=\"_blank\" rel=\"nofollow noopener\">Europejski Nakaz Aresztowania dla jednego z Ukrai\u0144c\u00f3w<\/a>&nbsp;&nbsp;RMF24<\/li>\n<li><a href=\"https:\/\/news.google.com\/rss\/articles\/CBMiqwFBVV95cUxQV0g2VzBiMnRkcTVBbVZydFFiWmNYa1htRkQybHh2M3k2eENPR1FCWmNmaVdnYnJvMW93cTktNnFEWHJkNlpya1QtSlVCWXdlc1ZKZFZCS1ZpMVYxOFdtcjU1RVVVdDBmdWM2dVRhZ2VxSWtBVjFQR2JXV08xUm5rV0F0eUprWDM5SzJZMVF0a2FHT1g1cjVIQkctQ0xOaWlMQTZBVm9TWnFwVFU?oc=5\" target=\"_blank\" rel=\"nofollow noopener\">&#8222;Sztylet Putina&#8221; wbity w Polsk\u0119? &#8222;To ju\u017c nie s\u0105 zwykli \u017co\u0142nierze&#8221;<\/a>&nbsp;&nbsp;o2.pl<\/li>\n<li><a href=\"https:\/\/news.google.com\/rss\/articles\/CBMivwFBVV95cUxQcnlucEItQjVXZHFxeER1RnNnalplRXNseVZuc21UV3pvU0JCZUxoRjlGSlVKWDdDV1BVcXpyc29mazRoMHRSSkdONlB5SnQzbk9qUmM5bWFQT1ZxRGNkalhHRThyeER1el9XdDB4Tnp6UUJmanV3UFA1eDJBeDZUU0I1WEZQZFJjbmUwdVJHekVpZHdXZW4zeDJjRlRhNC1MYWJzY0U3REtJV1ROZDQ4b1JNVVFkbVdiM2VmWWM1MA?oc=5\" target=\"_blank\" rel=\"nofollow noopener\">Polska operacja &#8222;sztyletu&#8221; W\u0142adimira Putina. Czy prezydent Rosji zleci\u0142 zamach na polsk\u0105 kolej?<\/a>&nbsp;&nbsp;Warszawa.Wyborcza.pl<\/li>\n<li><a href=\"https:\/\/news.google.com\/rss\/articles\/CBMiogFBVV95cUxQY0VHUThOQkstUmVoNjktVnNua0l1cGg3R1ZpR2g2VWprWWtZZjBad0k3b3dQc05mcGl6azFEaVgyeTVaUHREQ1dSaTRHYVI5Q2hfZHVHdU1saVMzN2dVbjcwcjlZUmpRR1J6SjB5SzF4Uzd2VHRVT1BleEdSd0J0YnFleTVVbTJwV01PeUlLXzlrRkpibVRMSmhrMHVDeE80SGc?oc=5\" target=\"_blank\" rel=\"nofollow noopener\">Miko\u0142aj Ma\u0142ecki: Dywersja, terroryzm i zbrodnia na torach<\/a>&nbsp;&nbsp;Rzeczpospolita<\/li>\n<\/ol>\n","protected":false},"excerpt":{"rendered":"Dywersja na kolei. Jest decyzja w sprawie ENA dla jednego ze sprawc\u00f3w&nbsp;&nbsp;Onet Europejski Nakaz Aresztowania dla jednego z&hellip;\n","protected":false},"author":2,"featured_media":123077,"comment_status":"","ping_status":"","sticky":false,"template":"","format":"standard","meta":{"footnotes":""},"categories":[12],"tags":[32,33,4096,4899,36,37,27,67,34,35,28,31,53,25,52,68,51,55,42,38,40,39,41,62,47,29,30,65,50,26],"class_list":{"0":"post-132118","1":"post","2":"type-post","3":"status-publish","4":"format-standard","5":"has-post-thumbnail","7":"category-polska","8":"tag-breaking-news","9":"tag-breakingnews","10":"tag-dywersja","11":"tag-ena_europejski_nakaz_aresztowania","12":"tag-featured-news","13":"tag-featurednews","14":"tag-headlines","15":"tag-intextvideo_splayer","16":"tag-latest-news","17":"tag-latestnews","18":"tag-naglowki","19":"tag-najwazniejsze-artykuly","20":"tag-new_header","21":"tag-news","22":"tag-onet3","23":"tag-onet3d","24":"tag-onet3d_2i","25":"tag-phx","26":"tag-pl","27":"tag-poland","28":"tag-polish","29":"tag-polska","30":"tag-polski","31":"tag-rosja_kraj_rosjanin_rosjanie_rosjanka_rosjanki","32":"tag-screening_general","33":"tag-top-stories","34":"tag-topstories","35":"tag-update_me","36":"tag-v2021","37":"tag-wiadomosci"},"share_on_mastodon":{"url":"https:\/\/pubeurope.com\/@pl\/115660495633205745","error":""},"_links":{"self":[{"href":"https:\/\/www.europesays.com\/pl\/wp-json\/wp\/v2\/posts\/132118","targetHints":{"allow":["GET"]}}],"collection":[{"href":"https:\/\/www.europesays.com\/pl\/wp-json\/wp\/v2\/posts"}],"about":[{"href":"https:\/\/www.europesays.com\/pl\/wp-json\/wp\/v2\/types\/post"}],"author":[{"embeddable":true,"href":"https:\/\/www.europesays.com\/pl\/wp-json\/wp\/v2\/users\/2"}],"replies":[{"embeddable":true,"href":"https:\/\/www.europesays.com\/pl\/wp-json\/wp\/v2\/comments?post=132118"}],"version-history":[{"count":0,"href":"https:\/\/www.europesays.com\/pl\/wp-json\/wp\/v2\/posts\/132118\/revisions"}],"wp:featuredmedia":[{"embeddable":true,"href":"https:\/\/www.europesays.com\/pl\/wp-json\/wp\/v2\/media\/123077"}],"wp:attachment":[{"href":"https:\/\/www.europesays.com\/pl\/wp-json\/wp\/v2\/media?parent=132118"}],"wp:term":[{"taxonomy":"category","embeddable":true,"href":"https:\/\/www.europesays.com\/pl\/wp-json\/wp\/v2\/categories?post=132118"},{"taxonomy":"post_tag","embeddable":true,"href":"https:\/\/www.europesays.com\/pl\/wp-json\/wp\/v2\/tags?post=132118"}],"curies":[{"name":"wp","href":"https:\/\/api.w.org\/{rel}","templated":true}]}}