{"id":132127,"date":"2025-12-04T09:11:11","date_gmt":"2025-12-04T09:11:11","guid":{"rendered":"https:\/\/www.europesays.com\/pl\/132127\/"},"modified":"2025-12-04T09:11:11","modified_gmt":"2025-12-04T09:11:11","slug":"zawisza-bydgoszcz-wisla-krakow-w-1-8-finalu-pucharu-polski-relacja-na-zywo-sport-w-interia-pl","status":"publish","type":"post","link":"https:\/\/www.europesays.com\/pl\/132127\/","title":{"rendered":"Zawisza Bydgoszcz &#8211; Wis\u0142a Krak\u00f3w w 1\/8 fina\u0142u Pucharu Polski. Relacja na \u017cywo &#8211; Sport w INTERIA.PL"},"content":{"rendered":"<ol>\n<li><a href=\"https:\/\/news.google.com\/rss\/articles\/CBMiyAFBVV95cUxPU0hXSzZaMUdNZFptTEtYdzlJeU5yM05RNWp4cGdfczc4YWVOYlhRY2wtdVF1VWtiVElQNThudElPYlNCTmJ1TTd1dDZjMWc1dWl1OG1RTzNzVTZ4cDJJRXRJeGxORk1qbXNLMW5Ha1I2Q0VpWVo5X1RGT0pHeUE0SnctX05lWnN6NDNCMDhRUFJ4UXN4X0JyR1k0TkNGeHVISWNEQTNQdkV0aWZZNm1ZZEloWHdWaFhtUlhsdHFrRzd3TVBWbVZQUQ?oc=5\" target=\"_blank\" rel=\"nofollow noopener\">Zawisza Bydgoszcz &#8211; Wis\u0142a Krak\u00f3w w 1\/8 fina\u0142u Pucharu Polski. Relacja na \u017cywo<\/a>&nbsp;&nbsp;Sport w INTERIA.PL<\/li>\n<li><a href=\"https:\/\/news.google.com\/rss\/articles\/CBMivAFBVV95cUxQcDZlZVlHdkpYQXVnaEV1M2VCTS1PeXNDOUFScmM4emlHeHFfTFZab2lfNkJFSE9uNWI4ZE44WkplNnpjazc5bXlmQnJrQ3U2OFhSQXJlQ3QtdGpqYjNTSk9Eazdaa09lUmptVFdpNUxOOWxhWWZVcGtYU3l5WEkyZVB5Y282SXpoS0VscUdFVTNfZ3hyWjlRZmwwT244Y1cwSTI5WmZaQ25VT1JrbS1obW4xVzJMUjFGTzd4LQ?oc=5\" target=\"_blank\" rel=\"nofollow noopener\">Zawisza Bydgoszcz gotowy do wielkiego meczu z Wis\u0142\u0105 Krak\u00f3w. Ogromne zainteresowanie szans\u0105 dla klubu<\/a>&nbsp;&nbsp;Bydgoszcz.Wyborcza.pl<\/li>\n<li><a href=\"https:\/\/news.google.com\/rss\/articles\/CBMixwFBVV95cUxQT3ZWSlYxWmxHbkJGeFQ3QzgtMVN1Z29zbS1iOWhyRUd1NHNfT2dKd1VFd0RCWFBuSkZ6SkRvU284WHByZHQ5Q2Y4U0czWmMzYUg2cjZJRllvUTZaTkpyMXdnR0NacDh6bGdyLTktcTBKcjB2WVJ5RDZweThyUXZfeXJudGU5dU1VODR5TXFMX1pvQWpsbV9nVzhDdVVxbGVWdlY4VGJEY1lVQ1VtUVVQdGxRQUFVbVozVDd3THpVZVdZdTZjYXZv?oc=5\" target=\"_blank\" rel=\"nofollow noopener\">Zawisza Bydgoszcz &#8211; Wis\u0142a Krak\u00f3w. Gdzie ogl\u0105da\u0107 mecz STS Pucharu Polski? O kt\u00f3rej pocz\u0105tek?<\/a>&nbsp;&nbsp;SportoweFakty<\/li>\n<li><a href=\"https:\/\/news.google.com\/rss\/articles\/CBMirwFBVV95cUxPRWZ2XzR5dTFQcUVRX2pULXpjREI5UVlSa29Oa0c4WmNMN3NodHpDZlJxd1VkZkN3YUNKSFFNMVhQZWRzbjFqZ1JfUTVOcjlwRm0xZXZaQVZ6QkwxUE1sT1VycW00N2ozTmllRGdsbTlNVjcxN0tOVWhJSHBhUmdobHV6ejU2T2x5NklTYWlWR09OWThIQjZKb1V0aDdGcVAyMGhRdS1fbTMzZUdWQXNv?oc=5\" target=\"_blank\" rel=\"nofollow noopener\">Mariusz Kutwa: Wis\u0142\u0119 sta\u0107 na zdobycie Pucharu Polski<\/a>&nbsp;&nbsp;\u0141\u0105czy nas pi\u0142ka<\/li>\n<li><a href=\"https:\/\/news.google.com\/rss\/articles\/CBMizwFBVV95cUxOM0N4ZkFFV2xFREhINlV6Ui00ZGdPcU1LMmlMejYyMWdDQWtTbW1aWnU0bVlXTDhDalZXTjJ1MU8xSDlXeHpPMFY3TkJ5Qi1WdWVqbmlYblk5WFJhYk1Qc2JzTkl2QVVLUE8wZnc3aXRFbTJVWkstWTN6OVFnYzRROVpuNklzWEFheGpLaEpzOUZueHRTTDdNdW9wTGhvdm56Rl8tekpCZEhQXzFGa0p2RlU2b19walNKU29uaTVHa1FrWC1wai1JVzBlY2E1NlnSAdQBQVVfeXFMUGlWaXlTdVFFdUs4TnRzeUdaSFY0UTh1MThIMjBKM0FuQk50Wk8xb3M5Vk83MUp5bnZPU1NRdkRMSS1SS0tQNzVleDQ4dE1wWWpnRFZzd1VXU1lGVjFtWXMyTUJ6eGJtdVp6UEpKYWR1SXNTSm5INzRsZFF4TnJsWklqRVVSaU1wY01iNU9ob194STQ3MEdNakJUcnpOZ1FWWDhpelNaaWlET3R0cENyaUpPa0hfX1N4YlpOVXloTmJNbDdXa0FkUmdIVVNuR2hxZGdJM1o?oc=5\" target=\"_blank\" rel=\"nofollow noopener\">Adrian Stawski, trener Zawiszy Bydgoszcz: z Wis\u0142\u0105 Krak\u00f3w musimy by\u0107 odwa\u017cni. Bez tego mo\u017cemy zej\u015b\u0107 z boiska<\/a>&nbsp;&nbsp;sport.tvp.pl<\/li>\n<\/ol>\n","protected":false},"excerpt":{"rendered":"Zawisza Bydgoszcz &#8211; Wis\u0142a Krak\u00f3w w 1\/8 fina\u0142u Pucharu Polski. Relacja na \u017cywo&nbsp;&nbsp;Sport w INTERIA.PL Zawisza Bydgoszcz gotowy&hellip;\n","protected":false},"author":2,"featured_media":132128,"comment_status":"","ping_status":"","sticky":false,"template":"","format":"standard","meta":{"footnotes":""},"categories":[5],"tags":[32,33,36,37,27,34,35,28,31,25,42,38,40,39,41,29,30,26],"class_list":{"0":"post-132127","1":"post","2":"type-post","3":"status-publish","4":"format-standard","5":"has-post-thumbnail","7":"category-naglowki","8":"tag-breaking-news","9":"tag-breakingnews","10":"tag-featured-news","11":"tag-featurednews","12":"tag-headlines","13":"tag-latest-news","14":"tag-latestnews","15":"tag-naglowki","16":"tag-najwazniejsze-artykuly","17":"tag-news","18":"tag-pl","19":"tag-poland","20":"tag-polish","21":"tag-polska","22":"tag-polski","23":"tag-top-stories","24":"tag-topstories","25":"tag-wiadomosci"},"share_on_mastodon":{"url":"https:\/\/pubeurope.com\/@pl\/115660526975073884","error":""},"_links":{"self":[{"href":"https:\/\/www.europesays.com\/pl\/wp-json\/wp\/v2\/posts\/132127","targetHints":{"allow":["GET"]}}],"collection":[{"href":"https:\/\/www.europesays.com\/pl\/wp-json\/wp\/v2\/posts"}],"about":[{"href":"https:\/\/www.europesays.com\/pl\/wp-json\/wp\/v2\/types\/post"}],"author":[{"embeddable":true,"href":"https:\/\/www.europesays.com\/pl\/wp-json\/wp\/v2\/users\/2"}],"replies":[{"embeddable":true,"href":"https:\/\/www.europesays.com\/pl\/wp-json\/wp\/v2\/comments?post=132127"}],"version-history":[{"count":0,"href":"https:\/\/www.europesays.com\/pl\/wp-json\/wp\/v2\/posts\/132127\/revisions"}],"wp:featuredmedia":[{"embeddable":true,"href":"https:\/\/www.europesays.com\/pl\/wp-json\/wp\/v2\/media\/132128"}],"wp:attachment":[{"href":"https:\/\/www.europesays.com\/pl\/wp-json\/wp\/v2\/media?parent=132127"}],"wp:term":[{"taxonomy":"category","embeddable":true,"href":"https:\/\/www.europesays.com\/pl\/wp-json\/wp\/v2\/categories?post=132127"},{"taxonomy":"post_tag","embeddable":true,"href":"https:\/\/www.europesays.com\/pl\/wp-json\/wp\/v2\/tags?post=132127"}],"curies":[{"name":"wp","href":"https:\/\/api.w.org\/{rel}","templated":true}]}}