{"id":132139,"date":"2025-12-04T09:19:13","date_gmt":"2025-12-04T09:19:13","guid":{"rendered":"https:\/\/www.europesays.com\/pl\/132139\/"},"modified":"2025-12-04T09:19:13","modified_gmt":"2025-12-04T09:19:13","slug":"chuligani-z-niemiec-sie-popisali-jakby-przewalila-sie-jakas-dzicz","status":"publish","type":"post","link":"https:\/\/www.europesays.com\/pl\/132139\/","title":{"rendered":"Chuligani z Niemiec si\u0119 &#8222;popisali&#8221;. &#8222;Jakby przewali\u0142a si\u0119 jaka\u015b dzicz&#8221;"},"content":{"rendered":"\n<p class=\"contentpart contentpart--default contentpart--text\" data-position=\"0\">Podczas meczu Pucharu Niemiec, w kt\u00f3rym <a href=\"https:\/\/sportowefakty.wp.pl\/pilka-nozna\/rb-lipsk\" rel=\"nofollow noopener\" target=\"_blank\">RB Lipsk<\/a>\u00a0zmierzy\u0142 si\u0119 z\u00a0<a href=\"https:\/\/sportowefakty.wp.pl\/pilka-nozna\/1fc-magdeburg\" rel=\"nofollow noopener\" target=\"_blank\">1.FC Magdeburg<\/a>, na stadionie dosz\u0142o do niepokoj\u0105cych incydent\u00f3w. Mimo zwyci\u0119stwa gospodarzy 3:1, wiecz\u00f3r zdominowany zosta\u0142 przez smutn\u0105 wiadomo\u015b\u0107 o \u015bmierci kibica, a tak\u017ce przez wandalizm grupy z Magdeburga.<\/p>\n<p class=\"contentpart contentpart--default contentpart--text\" data-position=\"1\">Oko\u0142o 7 tysi\u0119cy fan\u00f3w przyjecha\u0142o do Lipska, ale niestety nie wszyscy zachowywali si\u0119 zgodnie z oczekiwaniami. Kibice 1.FC Magdeburg zdemolowali stadion, niszcz\u0105c m.in. toalety oraz wyposa\u017cenie sektor\u00f3w go\u015bci.<\/p>\n<p> <img role=\"presentation\" src=\"https:\/\/std.wpcdn.pl\/images\/adv\/placeholder_wp.svg\" loading=\"lazy\" alt=\"\" decoding=\"async\"\/>  <\/p>\n<p class=\"contentpart contentpart--default contentpart--text\" data-position=\"2\">ZOBACZ WIDEO: By\u0142a 10. sekunda meczu. Niebywa\u0142e, co zrobi\u0142 bramkarz<\/p>\n<p class=\"contentpart contentpart--default contentpart--text\" data-position=\"4\">Koszty napraw oszacowano na 20 tys. euro, a RB Leipzig planuje pokry\u0107 je z nale\u017cnej Magdeburgowi cz\u0119\u015bci dochodu z bilet\u00f3w.<\/p>\n<p class=\"contentpart contentpart--default contentpart--text\" data-position=\"5\">Zarz\u0105d Magdeburga pot\u0119pi\u0142 akty wandalizmu, podkre\u015blaj\u0105c, \u017ce takie zachowania s\u0105 nie do zaakceptowania.<\/p>\n<p class=\"contentpart contentpart--default contentpart--text\" data-position=\"6\">To samo zrobili w przesz\u0142o\u015bci w Opolu (<a href=\"https:\/\/sportowefakty.wp.pl\/pilka-nozna\/1179458\/ledwo-otworzyli-stadion-a-juz-sa-zniszczenia-policja-szuka-sprawcow\" rel=\"nofollow noopener\" target=\"_blank\">wi\u0119cej TUTAJ<\/a>).\u00a0&#8222;Jakby przez stadion przewali\u0142a si\u0119 jaka\u015b dzicz!&#8221;\u00a0\u2013 pisa\u0142 w mediach spo\u0142eczno\u015bciowych Arkadiusz Wi\u015bniewski, prezydent Opola. Zniszczenia mia\u0142y miejsce podczas spotkania Odry z FC Magdeburg w marcu tego roku.<\/p>\n<p> <img role=\"presentation\" src=\"https:\/\/std.wpcdn.pl\/images\/adv\/placeholder_wp.svg\" loading=\"lazy\" alt=\"\" decoding=\"async\"\/>  <\/p>\n<p class=\"contentpart contentpart--default contentpart--text\" data-position=\"7\">RB Leipzig b\u0119dzie musia\u0142 szybko upora\u0107 si\u0119 z uszkodzeniami, by przyj\u0105\u0107 kolejnych go\u015bci ju\u017c na nadchodz\u0105cy weekend, kiedy to zmierzy si\u0119 z <a href=\"https:\/\/sportowefakty.wp.pl\/pilka-nozna\/eintracht-frankfurt\" rel=\"nofollow noopener\" target=\"_blank\">Eintrachtem Frankfurt<\/a>.<\/p>\n<p class=\"contentpart contentpart--default contentpart--text\" data-position=\"8\">Zanim rozpocz\u0119\u0142o si\u0119 spotkanie, w okolicach stadionu konieczna by\u0142a reanimacja jednego z kibic\u00f3w Magdeburga. Niestety, m\u0119\u017cczyzna zmar\u0142 w szpitalu. RB Leipzig poinformowa\u0142 o tym wydarzeniu podczas meczu.<\/p>\n","protected":false},"excerpt":{"rendered":"Podczas meczu Pucharu Niemiec, w kt\u00f3rym RB Lipsk\u00a0zmierzy\u0142 si\u0119 z\u00a01.FC Magdeburg, na stadionie dosz\u0142o do niepokoj\u0105cych incydent\u00f3w. Mimo&hellip;\n","protected":false},"author":2,"featured_media":132140,"comment_status":"","ping_status":"","sticky":false,"template":"","format":"standard","meta":{"footnotes":""},"categories":[24],"tags":[18603,295,17880,4547,269,930,278,42,38,40,39,41,18567,27526,127,126],"class_list":{"0":"post-132139","1":"post","2":"type-post","3":"status-publish","4":"format-standard","5":"has-post-thumbnail","7":"category-sport","8":"tag-1-fc-magdeburg","9":"tag-niemcy","10":"tag-odra-opole","11":"tag-opole","12":"tag-pilka-nozna","13":"tag-pilka-nozna-w-niemczech","14":"tag-pilka-w-europie","15":"tag-pl","16":"tag-poland","17":"tag-polish","18":"tag-polska","19":"tag-polski","20":"tag-puchar-niemiec","21":"tag-rb-lipsk","22":"tag-sport","23":"tag-sports"},"share_on_mastodon":{"url":"https:\/\/pubeurope.com\/@pl\/115660558563717735","error":""},"_links":{"self":[{"href":"https:\/\/www.europesays.com\/pl\/wp-json\/wp\/v2\/posts\/132139","targetHints":{"allow":["GET"]}}],"collection":[{"href":"https:\/\/www.europesays.com\/pl\/wp-json\/wp\/v2\/posts"}],"about":[{"href":"https:\/\/www.europesays.com\/pl\/wp-json\/wp\/v2\/types\/post"}],"author":[{"embeddable":true,"href":"https:\/\/www.europesays.com\/pl\/wp-json\/wp\/v2\/users\/2"}],"replies":[{"embeddable":true,"href":"https:\/\/www.europesays.com\/pl\/wp-json\/wp\/v2\/comments?post=132139"}],"version-history":[{"count":0,"href":"https:\/\/www.europesays.com\/pl\/wp-json\/wp\/v2\/posts\/132139\/revisions"}],"wp:featuredmedia":[{"embeddable":true,"href":"https:\/\/www.europesays.com\/pl\/wp-json\/wp\/v2\/media\/132140"}],"wp:attachment":[{"href":"https:\/\/www.europesays.com\/pl\/wp-json\/wp\/v2\/media?parent=132139"}],"wp:term":[{"taxonomy":"category","embeddable":true,"href":"https:\/\/www.europesays.com\/pl\/wp-json\/wp\/v2\/categories?post=132139"},{"taxonomy":"post_tag","embeddable":true,"href":"https:\/\/www.europesays.com\/pl\/wp-json\/wp\/v2\/tags?post=132139"}],"curies":[{"name":"wp","href":"https:\/\/api.w.org\/{rel}","templated":true}]}}