{"id":132176,"date":"2025-12-04T09:49:08","date_gmt":"2025-12-04T09:49:08","guid":{"rendered":"https:\/\/www.europesays.com\/pl\/132176\/"},"modified":"2025-12-04T09:49:08","modified_gmt":"2025-12-04T09:49:08","slug":"telefon-wybuchl-w-rekach-16-latka-osiem-osob-trafilo-do-szpitala-onet","status":"publish","type":"post","link":"https:\/\/www.europesays.com\/pl\/132176\/","title":{"rendered":"Telefon wybuch\u0142 w r\u0119kach 16-latka. Osiem os\u00f3b trafi\u0142o do szpitala &#8211; Onet"},"content":{"rendered":"<ol>\n<li><a href=\"https:\/\/news.google.com\/rss\/articles\/CBMi0wFBVV95cUxPTC1iSnljZ3VlZkhmZVZyZ2k5SUZJc3pfVV9Na196NVlnbmFmR0lsNWhXbGFqMjJwQ0R5X3RON1lqbWpXWGVMR0EwZGlxb2ljOVBTckhRX2NnbDBnXzREQnk0TExOT1ctT3o0NDNtZ2x1RF9yYWZ5VTFlcURxaXpNX1h6S1E4RUNDaktEZXJDOW85TGtFdGtZeVdxVGJDZzRKQUFfbUN3Q0dOb2ktREdRWFliVVhQcXFYV3laU3J5aWE3MHBoUjNka0lyckY5WGFfY3Rn?oc=5\" target=\"_blank\" rel=\"nofollow noopener\">Telefon wybuch\u0142 w r\u0119kach 16-latka. Osiem os\u00f3b trafi\u0142o do szpitala<\/a>&nbsp;&nbsp;Onet<\/li>\n<li><a href=\"https:\/\/news.google.com\/rss\/articles\/CBMioAFBVV95cUxNODNDdkRIZmlEM01fZ3VjZnlDZjNTRVRQVXVoTjNRMEpSZF9PUFc3LWMyZkVLb010cEh2WXFuODNteDlGVkMwckdrOEFOeHMxYTlHckY5Y2w3VVpueFZkNWlHUEpfZGlwU1NCYl81UDJubU9McldsemlsWGJhWGRMWE9TUThPTjVab3hnU0lFUlo2STVUUzh6UnZRZkRueGVH?oc=5\" target=\"_blank\" rel=\"nofollow noopener\">Ropczyce. W r\u0119kach 16-latka wybuch\u0142 telefon, osiem os\u00f3b w szpitalu<\/a>&nbsp;&nbsp;TVN24<\/li>\n<li><a href=\"https:\/\/news.google.com\/rss\/articles\/CBMi0wFBVV95cUxQZmVzTVdUU253eWFQN1BmMlRRdUZXeU02Y1g1dVl6U0dkM2NqZXk0b0Nmd21aZ2RsWlJ2UkczNGc5ZEVyNGRHNENpdWxZOW1NeVpEcXkzYm5Ga3ZCZVBmNDJ2bHpOcG0xN2NEVHRMMVlUa2w1Mk50UDFwcVhqSjJMaW1jczNMLVZZQV93Uk1CNlNFaGV5cGl0UFRJWFY5bW84cVhLMXBYY1hrdjgwMF9VcEwtV1oxUzBWNDlhOHBSZjJBUEMyd3NyWk1BejNJRVV5UVRj?oc=5\" target=\"_blank\" rel=\"nofollow noopener\">Telefon eksplodowa\u0142 w r\u0119kach 16-latka. Ewakuowano mieszka\u0144c\u00f3w internatu<\/a>&nbsp;&nbsp;Onet<\/li>\n<li><a href=\"https:\/\/news.google.com\/rss\/articles\/CBMiqAFBVV95cUxOUnNIVVNoZ1hLbWt6aEsxVERoSzBldTU2dENFelllU0pCY0JGS0VxNkZna2VCM2hkZTVCRlltY2Nrb2tGQVZUcEZFNG9aUnVhMVhFWWF0RGFtWVNpNEdkcGNndUhkbmNxSFRpOXFBaUNSSmZVSkZRUEF2OHpoZ21FS3VIdUlLZTVudmpfRWk4YklqcjJZQUNaaW9ZRXltVUZTeTEwSndLZkE?oc=5\" target=\"_blank\" rel=\"nofollow noopener\">Eksplozja telefonu na Podkarpaciu. Bateria wybuch\u0142a w r\u0119kach 16-latka<\/a>&nbsp;&nbsp;WP Tech<\/li>\n<li><a href=\"https:\/\/news.google.com\/rss\/articles\/CBMiqgFBVV95cUxOZF9yUUYyWlJkNzFJN1R1aEhqek9mczI0c09XcU1fZEdEaDZpRjhQaGlHb3VEUWFMeElwWndqb0NKMWwzTzE1OVc5Q19jdl8xTDV5d1ZGYk5abWw2RjdjM0RhNVZOLXVfRF9lek5ZWHlkOW9hbjRoU2tNVWNwaGZjR0lyOGFCbTNFM3NGODQ5WmZDdUVDZWo2d3hkTWY5WmM1NHhYcjg1Zm5YUQ?oc=5\" target=\"_blank\" rel=\"nofollow noopener\">Wybuch telefonu w internacie na Podkarpaciu. S\u0105 ranni<\/a>&nbsp;&nbsp;RMF24<\/li>\n<\/ol>\n","protected":false},"excerpt":{"rendered":"Telefon wybuch\u0142 w r\u0119kach 16-latka. Osiem os\u00f3b trafi\u0142o do szpitala&nbsp;&nbsp;Onet Ropczyce. W r\u0119kach 16-latka wybuch\u0142 telefon, osiem os\u00f3b&hellip;\n","protected":false},"author":2,"featured_media":132177,"comment_status":"","ping_status":"","sticky":false,"template":"","format":"standard","meta":{"footnotes":""},"categories":[12],"tags":[32,33,27532,36,37,27,67,34,35,28,31,53,25,52,68,51,55,42,38,40,39,41,27531,47,5425,29,30,65,50,26,8249],"class_list":{"0":"post-132176","1":"post","2":"type-post","3":"status-publish","4":"format-standard","5":"has-post-thumbnail","7":"category-polska","8":"tag-breaking-news","9":"tag-breakingnews","10":"tag-eksplozja_smartfona","11":"tag-featured-news","12":"tag-featurednews","13":"tag-headlines","14":"tag-intextvideo_splayer","15":"tag-latest-news","16":"tag-latestnews","17":"tag-naglowki","18":"tag-najwazniejsze-artykuly","19":"tag-new_header","20":"tag-news","21":"tag-onet3","22":"tag-onet3d","23":"tag-onet3d_2i","24":"tag-phx","25":"tag-pl","26":"tag-poland","27":"tag-polish","28":"tag-polska","29":"tag-polski","30":"tag-ropczyce","31":"tag-screening_general","32":"tag-straz_pozarna_strazak_strazacy_osp_psp","33":"tag-top-stories","34":"tag-topstories","35":"tag-update_me","36":"tag-v2021","37":"tag-wiadomosci","38":"tag-wojewodztwo_podkarpackie"},"share_on_mastodon":{"url":"https:\/\/pubeurope.com\/@pl\/115660676516737865","error":""},"_links":{"self":[{"href":"https:\/\/www.europesays.com\/pl\/wp-json\/wp\/v2\/posts\/132176","targetHints":{"allow":["GET"]}}],"collection":[{"href":"https:\/\/www.europesays.com\/pl\/wp-json\/wp\/v2\/posts"}],"about":[{"href":"https:\/\/www.europesays.com\/pl\/wp-json\/wp\/v2\/types\/post"}],"author":[{"embeddable":true,"href":"https:\/\/www.europesays.com\/pl\/wp-json\/wp\/v2\/users\/2"}],"replies":[{"embeddable":true,"href":"https:\/\/www.europesays.com\/pl\/wp-json\/wp\/v2\/comments?post=132176"}],"version-history":[{"count":0,"href":"https:\/\/www.europesays.com\/pl\/wp-json\/wp\/v2\/posts\/132176\/revisions"}],"wp:featuredmedia":[{"embeddable":true,"href":"https:\/\/www.europesays.com\/pl\/wp-json\/wp\/v2\/media\/132177"}],"wp:attachment":[{"href":"https:\/\/www.europesays.com\/pl\/wp-json\/wp\/v2\/media?parent=132176"}],"wp:term":[{"taxonomy":"category","embeddable":true,"href":"https:\/\/www.europesays.com\/pl\/wp-json\/wp\/v2\/categories?post=132176"},{"taxonomy":"post_tag","embeddable":true,"href":"https:\/\/www.europesays.com\/pl\/wp-json\/wp\/v2\/tags?post=132176"}],"curies":[{"name":"wp","href":"https:\/\/api.w.org\/{rel}","templated":true}]}}