{"id":132193,"date":"2025-12-04T09:58:06","date_gmt":"2025-12-04T09:58:06","guid":{"rendered":"https:\/\/www.europesays.com\/pl\/132193\/"},"modified":"2025-12-04T09:58:06","modified_gmt":"2025-12-04T09:58:06","slug":"kwota-zwala-z-nog-tyle-swiatek-zarobila-w-tym-roku","status":"publish","type":"post","link":"https:\/\/www.europesays.com\/pl\/132193\/","title":{"rendered":"Kwota zwala z n\u00f3g. Tyle \u015awi\u0105tek zarobi\u0142a w tym roku"},"content":{"rendered":"\n<p class=\"contentpart contentpart--default contentpart--text\" data-position=\"0\">Za <a href=\"https:\/\/sportowefakty.wp.pl\/tenis\/iga-swiatek\" rel=\"nofollow noopener\" target=\"_blank\">Ig\u0105 \u015awi\u0105tek<\/a>\u00a0pierwszy pe\u0142ny rok pracy z nowym trenerem <a href=\"https:\/\/sportowefakty.wp.pl\/tenis\/wim-fissette\" rel=\"nofollow noopener\" target=\"_blank\">Wimem Fissette<\/a>. Nie wszystko u\u0142o\u017cy\u0142o si\u0119 po my\u015bli Polki i Belga, ale generalnie 24-latka mo\u017ce uzna\u0107 2025 rok za udany.<\/p>\n<p class=\"contentpart contentpart--default contentpart--text\" data-position=\"1\">Najwi\u0119kszym sukcesem \u015awi\u0105tek w minionym sezonie jest wygranie Wimbledonu. Polka triumfowa\u0142a te\u017c w presti\u017cowym turnieju w Cincinnati. W ca\u0142ym sezonie wygra\u0142a \u0142\u0105cznie 64 spotkania i zako\u0144czy\u0142a go jako wiceliderka rankingu <a href=\"https:\/\/sportowefakty.wp.pl\/tenis\/wta\" rel=\"nofollow noopener\" target=\"_blank\">WTA<\/a>.<\/p>\n<p> <img role=\"presentation\" src=\"https:\/\/std.wpcdn.pl\/images\/adv\/placeholder_wp.svg\" loading=\"lazy\" alt=\"\" decoding=\"async\"\/>  <\/p>\n<p class=\"contentpart contentpart--default contentpart--text\" data-position=\"2\">ZOBACZ WIDEO: By\u0142a Miss Polski nadal zachwyca. W\u0142a\u015bnie odnios\u0142a sukces<\/p>\n<p class=\"contentpart contentpart--default contentpart--text\" data-position=\"4\">Dobre wyniki sportowe id\u0105 w parze z zarobkami na korcie. Portal sportico.com przygotowa\u0142 zestawienie pi\u0119tnastu najlepiej zarabiaj\u0105cych sportsmenek w 2025 roku. Co ciekawe, ca\u0142e podium nale\u017ca\u0142o do tenisistek.<\/p>\n<p class=\"contentpart contentpart--default contentpart--text\" data-position=\"5\">Trzecie miejsce w tym zestawieniu zaj\u0119\u0142a \u015awi\u0105tek. W 2025 roku Polka zarobi\u0142a 23,1 mln dolar\u00f3w. Na t\u0105 kwot\u0119 z\u0142o\u017cy\u0142o si\u0119 10,1 mln dolar\u00f3w z nagr\u00f3d turniejowych oraz 13 mln z przychod\u00f3w reklamowych i innych \u017ar\u00f3de\u0142.<\/p>\n<p class=\"contentpart contentpart--default contentpart--text\" data-position=\"6\">Najwi\u0119cej, 31 mln dolar\u00f3w, zarobi\u0142a w ko\u0144cz\u0105cym si\u0119 roku Amerykanka <a href=\"https:\/\/sportowefakty.wp.pl\/tenis\/cori-gauff\" rel=\"nofollow noopener\" target=\"_blank\">Coco Gauff<\/a>. Imponuj\u0105co wygl\u0105daj\u0105 r\u00f3wnie\u017c zarobki <a href=\"https:\/\/sportowefakty.wp.pl\/tenis\/aryna-sabalenka\" rel=\"nofollow noopener\" target=\"_blank\">Aryna Sabalenki<\/a>. Lidera rankingu zarobi\u0142a 30 mln dolar\u00f3w. Najlepiej zarabiaj\u0105c\u0105 sportsmenk\u0105 spoza tenisistek jest narciarka dowolna Elieen Gu (23 mln dolar\u00f3w).<\/p>\n","protected":false},"excerpt":{"rendered":"Za Ig\u0105 \u015awi\u0105tek\u00a0pierwszy pe\u0142ny rok pracy z nowym trenerem Wimem Fissette. Nie wszystko u\u0142o\u017cy\u0142o si\u0119 po my\u015bli Polki&hellip;\n","protected":false},"author":2,"featured_media":132194,"comment_status":"","ping_status":"","sticky":false,"template":"","format":"standard","meta":{"footnotes":""},"categories":[24],"tags":[517,3881,158,42,38,40,39,41,127,268,126,156,157],"class_list":{"0":"post-132193","1":"post","2":"type-post","3":"status-publish","4":"format-standard","5":"has-post-thumbnail","7":"category-sport","8":"tag-aryna-sabalenka","9":"tag-coco-gauff","10":"tag-iga-swiatek","11":"tag-pl","12":"tag-poland","13":"tag-polish","14":"tag-polska","15":"tag-polski","16":"tag-sport","17":"tag-sportowybar","18":"tag-sports","19":"tag-tenis","20":"tag-wta"},"share_on_mastodon":{"url":"https:\/\/pubeurope.com\/@pl\/115660712222208637","error":""},"_links":{"self":[{"href":"https:\/\/www.europesays.com\/pl\/wp-json\/wp\/v2\/posts\/132193","targetHints":{"allow":["GET"]}}],"collection":[{"href":"https:\/\/www.europesays.com\/pl\/wp-json\/wp\/v2\/posts"}],"about":[{"href":"https:\/\/www.europesays.com\/pl\/wp-json\/wp\/v2\/types\/post"}],"author":[{"embeddable":true,"href":"https:\/\/www.europesays.com\/pl\/wp-json\/wp\/v2\/users\/2"}],"replies":[{"embeddable":true,"href":"https:\/\/www.europesays.com\/pl\/wp-json\/wp\/v2\/comments?post=132193"}],"version-history":[{"count":0,"href":"https:\/\/www.europesays.com\/pl\/wp-json\/wp\/v2\/posts\/132193\/revisions"}],"wp:featuredmedia":[{"embeddable":true,"href":"https:\/\/www.europesays.com\/pl\/wp-json\/wp\/v2\/media\/132194"}],"wp:attachment":[{"href":"https:\/\/www.europesays.com\/pl\/wp-json\/wp\/v2\/media?parent=132193"}],"wp:term":[{"taxonomy":"category","embeddable":true,"href":"https:\/\/www.europesays.com\/pl\/wp-json\/wp\/v2\/categories?post=132193"},{"taxonomy":"post_tag","embeddable":true,"href":"https:\/\/www.europesays.com\/pl\/wp-json\/wp\/v2\/tags?post=132193"}],"curies":[{"name":"wp","href":"https:\/\/api.w.org\/{rel}","templated":true}]}}