{"id":132195,"date":"2025-12-04T09:59:27","date_gmt":"2025-12-04T09:59:27","guid":{"rendered":"https:\/\/www.europesays.com\/pl\/132195\/"},"modified":"2025-12-04T09:59:27","modified_gmt":"2025-12-04T09:59:27","slug":"swiateczna-impreza-magazynu-vogue-najlepsze-stylizacje-gwiazd","status":"publish","type":"post","link":"https:\/\/www.europesays.com\/pl\/132195\/","title":{"rendered":"\u015awi\u0105teczna impreza magazynu &#8222;Vogue&#8221;. Najlepsze stylizacje gwiazd"},"content":{"rendered":"<p>Gwiazdy na imprezie \u015bwi\u0105tecznej polskiego &#8222;Vogue\u2019a&#8221;<\/p>\n<p class=\"ods-c-paragraph \">W zwi\u0105zku ze zbli\u017caj\u0105cymi si\u0119 \u015bwi\u0119tami redakcja polskiej edycji magazynu &#8222;Vogue&#8221; zorganizowa\u0142a uroczysty toast. Na wydarzeniu nie zabrak\u0142o rodzimych gwiazd i influencer\u00f3w. W\u015br\u00f3d nich pojawi\u0142a si\u0119 mi\u0119dzy innymi Magdalena Boczarska, kt\u00f3ra kilka miesi\u0119cy temu pozowa\u0142a na ok\u0142adce jednego z numer\u00f3w. Tego wieczoru towarzyszy\u0142 jej ukochany \u2014 Mateusz Banasiuk. Ch\u0119tnie pozowali razem na \u015bciance.<\/p>\n<p>Dalszy ci\u0105g artyku\u0142u pod materia\u0142em wideo<\/p>\n<p> Kt\u00f3re gwiazdy wzi\u0119\u0142y udzia\u0142 w \u015bwi\u0105tecznej imprezie magazynu Vogue? <\/p>\n<p> Jakie kolory sukienek wybra\u0142y gwiazdy na imprez\u0119? <\/p>\n<p> Kto towarzyszy\u0142 Magdalenie Boczarskiej na \u015bciance? <\/p>\n<p> Jakie stylizacje mia\u0142a Joanna Horody\u0144ska? <\/p>\n<p>  Najlepsze stylizacje gwiazd na imprezie &#8222;Vogue\u2019a&#8221;<\/p>\n<p class=\"ods-c-paragraph \">Wspomniana aktorka zachwyci\u0142a w czarnej, po\u0142yskuj\u0105cej sukience, kt\u00f3r\u0105 zestawi\u0142a z eleganck\u0105 torebk\u0105 i szykownymi klapkami na obcasie. Jessica Mercedes, Katarzyna Zieli\u0144ska, Zosia \u015alota\u0142a oraz Natalia Klimas r\u00f3wnie\u017c wybra\u0142y ten kolor.<\/p>\n<p class=\"ods-c-paragraph \">Joanna Horody\u0144ska stan\u0119\u0142a w kontrze do wieczorowej klasyki. Opr\u00f3cz czerni postawi\u0142a na mocny r\u00f3\u017c i panterk\u0119, jednak tym razem nie na ubraniach, a na butach. Lara Gessler zdecydowa\u0142a si\u0119 na granat w i\u015bcie \u015bwi\u0105tecznym wydaniu.<\/p>\n<p class=\"ods-c-paragraph \">Z kolei Marta Dyks, jedna z najpopularniejszych modelek w Polsce, uzna\u0142a, \u017ce br\u0105z b\u0119dzie odpowiednim wyborem. Odcienie czekoladowe rzeczywi\u015bcie maj\u0105 teraz sw\u00f3j moment.<\/p>\n<p class=\"ods-c-paragraph \">Co ciekawe, na modow\u0105 imprez\u0119 wybra\u0142a si\u0119 r\u00f3wnie\u017c Ilona Ostrowska, kt\u00f3ra wcze\u015bniej zjawi\u0142a si\u0119 tak\u017ce na gali Viva! People Power 2025.<\/p>\n<p> Galeria zdj\u0119\u0107    Magdalena Boczarska    <img src=\"https:\/\/www.europesays.com\/pl\/wp-content\/uploads\/2025\/12\/pFak9lBaHR0cHM6Ly9vY2RuLmV1L3B1bHNjbXMvTURBXy9hOGE2ODg4OGVjNDJkYzlkZTE4NDE2MDZiZDFmMjgyOC5qcGeRlQLNA.jpeg\" height=\"529\" width=\"940\" alt=\"Magdalena Boczarska\" loading=\"lazy\" decoding=\"async\" class=\"ods-c-image__img ods-c-image__img--placeholder\"\/>     1\/16   <\/p>\n<p>AKPA<\/p>\n<p>        Katarzyna Zieli\u0144ska    <img src=\"https:\/\/www.europesays.com\/pl\/wp-content\/uploads\/2025\/12\/Pd7k9lBaHR0cHM6Ly9vY2RuLmV1L3B1bHNjbXMvTURBXy81MzA1NjNlOTM4Mzk0NDVjYTA3YzUzOTU1MWVlMWIxNi5qcGeRlQLNA.jpeg\" height=\"529\" width=\"940\" alt=\"Katarzyna Zieli\u0144ska\" loading=\"lazy\" decoding=\"async\" class=\"ods-c-image__img ods-c-image__img--placeholder\"\/>     2\/16   <\/p>\n<p>AKPA<\/p>\n<p>           Jakub J\u00f3zef Orli\u0144ski    <img src=\"https:\/\/www.europesays.com\/pl\/wp-content\/uploads\/2025\/12\/8HBk9lBaHR0cHM6Ly9vY2RuLmV1L3B1bHNjbXMvTURBXy8wYzJiNTUzYmJhNDdhM2M0YmZkMGM4YjcxZjMyMGJmNi5qcGeRlQLNA.jpeg\" height=\"529\" width=\"940\" alt=\"Jakub J\u00f3zef Orli\u0144ski\" loading=\"lazy\" decoding=\"async\" class=\"ods-c-image__img ods-c-image__img--placeholder\"\/>     3\/16   <\/p>\n<p>AKPA<\/p>\n<p>        Jessica Mercedes    <img src=\"https:\/\/www.europesays.com\/pl\/wp-content\/uploads\/2025\/12\/dBgk9lBaHR0cHM6Ly9vY2RuLmV1L3B1bHNjbXMvTURBXy9lNzQxNmJkZGNhYTczMjBkYWE2OTI0YTg1Y2QxMzY4NS5qcGeRlQLNA.jpeg\" height=\"529\" width=\"940\" alt=\"Jessica Mercedes\" loading=\"lazy\" decoding=\"async\" class=\"ods-c-image__img ods-c-image__img--placeholder\"\/>     4\/16   <\/p>\n<p>AKPA<\/p>\n<p>           Natalia Klimas    <img src=\"https:\/\/www.europesays.com\/pl\/wp-content\/uploads\/2025\/12\/XAFk9lBaHR0cHM6Ly9vY2RuLmV1L3B1bHNjbXMvTURBXy8xMmQ5ZWFjMWEzMmQyY2IyMzZhYzcxNmVhYmRkM2VjMC5qcGeRlQLNA.jpeg\" height=\"529\" width=\"940\" alt=\"Natalia Klimas\" loading=\"lazy\" decoding=\"async\" class=\"ods-c-image__img ods-c-image__img--placeholder\"\/>     5\/16   <\/p>\n<p>AKPA<\/p>\n<p>        Lara Gessler i Piotr Szel\u0105g    <img src=\"https:\/\/www.europesays.com\/pl\/wp-content\/uploads\/2025\/12\/NUYk9lBaHR0cHM6Ly9vY2RuLmV1L3B1bHNjbXMvTURBXy80ZTU0NzMwNWYzNjRjYWEzNTdlYjA4ZWU3MzM2N2QwMS5qcGeRlQLNA.jpeg\" height=\"529\" width=\"940\" alt=\"Lara Gessler i Piotr Szel\u0105g\" loading=\"lazy\" decoding=\"async\" class=\"ods-c-image__img ods-c-image__img--placeholder\"\/>     6\/16   <\/p>\n<p>AKPA<\/p>\n<p>           Ada Fija\u0142    <img src=\"https:\/\/www.europesays.com\/pl\/wp-content\/uploads\/2025\/12\/AxWk9lBaHR0cHM6Ly9vY2RuLmV1L3B1bHNjbXMvTURBXy80ZDVkODQ3ZWRhMjBiYTkxYzQ3NzUxZTA2ZjczZjNmMy5qcGeRlQLNA.jpeg\" height=\"529\" width=\"940\" alt=\"Ada Fija\u0142\" loading=\"lazy\" decoding=\"async\" class=\"ods-c-image__img ods-c-image__img--placeholder\"\/>     7\/16   <\/p>\n<p>AKPA<\/p>\n<p>        Joanna Horody\u0144ska    <img src=\"https:\/\/www.europesays.com\/pl\/wp-content\/uploads\/2025\/12\/_NWk9lBaHR0cHM6Ly9vY2RuLmV1L3B1bHNjbXMvTURBXy83OGY4ZDg5ZDQwN2Y5MDZiNTFjNjM4N2ExYTYyOTQxNy5qcGeRlQLNA.jpeg\" height=\"529\" width=\"940\" alt=\"Joanna Horody\u0144ska\" loading=\"lazy\" decoding=\"async\" class=\"ods-c-image__img ods-c-image__img--placeholder\"\/>     8\/16   <\/p>\n<p>AKPA<\/p>\n<p>           Zosia \u015alota\u0142a    <img src=\"https:\/\/www.europesays.com\/pl\/wp-content\/uploads\/2025\/12\/6wok9lBaHR0cHM6Ly9vY2RuLmV1L3B1bHNjbXMvTURBXy8zYWRlYmVhYWY5NzQ1NDE4YTI4ZTJhMGEyYjFhM2JmOS5qcGeRlQLNA.jpeg\" height=\"529\" width=\"940\" alt=\"Zosia \u015alota\u0142a\" loading=\"lazy\" decoding=\"async\" class=\"ods-c-image__img ods-c-image__img--placeholder\"\/>     9\/16   <\/p>\n<p>AKPA<\/p>\n<p>        Mateusz Banasiuk    <img src=\"https:\/\/www.europesays.com\/pl\/wp-content\/uploads\/2025\/12\/rlgk9lBaHR0cHM6Ly9vY2RuLmV1L3B1bHNjbXMvTURBXy9lYjFmMzQ3YWQ3YTllZTExOTljOWQzMWVmYWFkY2JjNy5qcGeRlQLNA.jpeg\" height=\"529\" width=\"940\" alt=\"Mateusz Banasiuk\" loading=\"lazy\" decoding=\"async\" class=\"ods-c-image__img ods-c-image__img--placeholder\"\/>     10\/16   <\/p>\n<p>AKPA<\/p>\n<p>           Orina Krajewska    <img src=\"https:\/\/www.europesays.com\/pl\/wp-content\/uploads\/2025\/12\/WRCk9lBaHR0cHM6Ly9vY2RuLmV1L3B1bHNjbXMvTURBXy85MWM1NTEyMzFmZGJmZGZlOWJiY2ZhNWQ5YWMzMTYxYy5qcGeRlQLNA.jpeg\" height=\"529\" width=\"940\" alt=\"Orina Krajewska\" loading=\"lazy\" decoding=\"async\" class=\"ods-c-image__img ods-c-image__img--placeholder\"\/>     11\/16   <\/p>\n<p>AKPA<\/p>\n<p>        Mary i Szymon Komasowie    <img src=\"https:\/\/www.europesays.com\/pl\/wp-content\/uploads\/2025\/12\/45lk9lBaHR0cHM6Ly9vY2RuLmV1L3B1bHNjbXMvTURBXy8yOWRhNzFkZGM0NjJlZWI2M2NkMjE1MmU2M2YzYTQwYy5qcGeRlQLNA.jpeg\" height=\"529\" width=\"940\" alt=\"Mary i Szymon Komasowie\" loading=\"lazy\" decoding=\"async\" class=\"ods-c-image__img ods-c-image__img--placeholder\"\/>     12\/16   <\/p>\n<p>AKPA<\/p>\n<p>           Katarzyna Zawadzka    <img src=\"https:\/\/www.europesays.com\/pl\/wp-content\/uploads\/2025\/12\/B5Qk9lBaHR0cHM6Ly9vY2RuLmV1L3B1bHNjbXMvTURBXy80MjkyZmY5NWE5Mzg0YmM5YjZhYWVlZDMzMjFhZWY4Yy5qcGeRlQLNA.jpeg\" height=\"529\" width=\"940\" alt=\"Katarzyna Zawadzka\" loading=\"lazy\" decoding=\"async\" class=\"ods-c-image__img ods-c-image__img--placeholder\"\/>     13\/16   <\/p>\n<p>AKPA<\/p>\n<p>        Jagna Niedzielska i Jacek Jelonek    <img src=\"https:\/\/www.europesays.com\/pl\/wp-content\/uploads\/2025\/12\/3Hfk9lBaHR0cHM6Ly9vY2RuLmV1L3B1bHNjbXMvTURBXy85ZDYxMmRiM2I5M2Q5ZTAxZjNhYmVlZmJlMWJjNGRkOS5qcGeRlQLNA.jpeg\" height=\"529\" width=\"940\" alt=\"Jagna Niedzielska i Jacek Jelonek\" loading=\"lazy\" decoding=\"async\" class=\"ods-c-image__img ods-c-image__img--placeholder\"\/>     14\/16   <\/p>\n<p>AKPA<\/p>\n<p>           Ilona Ostrowska    <img src=\"https:\/\/www.europesays.com\/pl\/wp-content\/uploads\/2025\/12\/j6Gk9lBaHR0cHM6Ly9vY2RuLmV1L3B1bHNjbXMvTURBXy83Yzk4Y2NhNzlhNTQ4YjIzYzc1ODBiNmVhM2E5OTgwMy5qcGeRlQLNA.jpeg\" height=\"529\" width=\"940\" alt=\"Ilona Ostrowska\" loading=\"lazy\" decoding=\"async\" class=\"ods-c-image__img ods-c-image__img--placeholder\"\/>     15\/16   <\/p>\n<p>AKPA<\/p>\n<p>        akpa2025 12 03 vogue 31    <img src=\"https:\/\/www.europesays.com\/pl\/wp-content\/uploads\/2025\/12\/nXDk9lBaHR0cHM6Ly9vY2RuLmV1L3B1bHNjbXMvTURBXy9hMjFlODgxZjJjMWM4MmUxNThmODYxOTc3Y2U2MTIzOS5qcGeRlQLNA.jpeg\" height=\"529\" width=\"940\" alt=\"akpa2025 12 03 vogue 31\" loading=\"lazy\" decoding=\"async\" class=\"ods-c-image__img ods-c-image__img--placeholder\"\/>     16\/16   <\/p>\n<p>AKPA<\/p>\n","protected":false},"excerpt":{"rendered":"Gwiazdy na imprezie \u015bwi\u0105tecznej polskiego &#8222;Vogue\u2019a&#8221; W zwi\u0105zku ze zbli\u017caj\u0105cymi si\u0119 \u015bwi\u0119tami redakcja polskiej edycji magazynu &#8222;Vogue&#8221; zorganizowa\u0142a&hellip;\n","protected":false},"author":2,"featured_media":132196,"comment_status":"","ping_status":"","sticky":false,"template":"","format":"standard","meta":{"footnotes":""},"categories":[22],"tags":[122,9861,2119,1142,27534,48,27533,46,42,38,40,39,41,123,47,10522,4874],"class_list":{"0":"post-132195","1":"post","2":"type-post","3":"status-publish","4":"format-standard","5":"has-post-thumbnail","7":"category-rozrywka","8":"tag-entertainment","9":"tag-lara_gessler","10":"tag-magdalena_boczarska","11":"tag-moda","12":"tag-najlepsze_stylizacje_gwiazd","13":"tag-nat_styl","14":"tag-natalia_klimas","15":"tag-omp","16":"tag-pl","17":"tag-poland","18":"tag-polish","19":"tag-polska","20":"tag-polski","21":"tag-rozrywka","22":"tag-screening_general","23":"tag-stylizacje_gwiazd","24":"tag-vogue"},"share_on_mastodon":{"url":"https:\/\/pubeurope.com\/@pl\/115660716764115335","error":""},"_links":{"self":[{"href":"https:\/\/www.europesays.com\/pl\/wp-json\/wp\/v2\/posts\/132195","targetHints":{"allow":["GET"]}}],"collection":[{"href":"https:\/\/www.europesays.com\/pl\/wp-json\/wp\/v2\/posts"}],"about":[{"href":"https:\/\/www.europesays.com\/pl\/wp-json\/wp\/v2\/types\/post"}],"author":[{"embeddable":true,"href":"https:\/\/www.europesays.com\/pl\/wp-json\/wp\/v2\/users\/2"}],"replies":[{"embeddable":true,"href":"https:\/\/www.europesays.com\/pl\/wp-json\/wp\/v2\/comments?post=132195"}],"version-history":[{"count":0,"href":"https:\/\/www.europesays.com\/pl\/wp-json\/wp\/v2\/posts\/132195\/revisions"}],"wp:featuredmedia":[{"embeddable":true,"href":"https:\/\/www.europesays.com\/pl\/wp-json\/wp\/v2\/media\/132196"}],"wp:attachment":[{"href":"https:\/\/www.europesays.com\/pl\/wp-json\/wp\/v2\/media?parent=132195"}],"wp:term":[{"taxonomy":"category","embeddable":true,"href":"https:\/\/www.europesays.com\/pl\/wp-json\/wp\/v2\/categories?post=132195"},{"taxonomy":"post_tag","embeddable":true,"href":"https:\/\/www.europesays.com\/pl\/wp-json\/wp\/v2\/tags?post=132195"}],"curies":[{"name":"wp","href":"https:\/\/api.w.org\/{rel}","templated":true}]}}