{"id":132198,"date":"2025-12-04T10:01:11","date_gmt":"2025-12-04T10:01:11","guid":{"rendered":"https:\/\/www.europesays.com\/pl\/132198\/"},"modified":"2025-12-04T10:01:11","modified_gmt":"2025-12-04T10:01:11","slug":"tesciowa-po-smierci-meza-zmienila-zycie-rodzina-w-szoku-przez-wydatki","status":"publish","type":"post","link":"https:\/\/www.europesays.com\/pl\/132198\/","title":{"rendered":"Te\u015bciowa po \u015bmierci m\u0119\u017ca zmieni\u0142a \u017cycie. Rodzina w szoku przez wydatki"},"content":{"rendered":"<p class=\"Paragraph_desktopParagraph__U31Gm\">Pocz\u0105tkowo wszyscy byli przekonani, \u017ce te\u015bciowa prowadzi skromne \u017cycie i korzysta wy\u0142\u0105cznie z najpotrzebniejszych rzeczy. Wierzyli, \u017ce cz\u0119\u015b\u0107 maj\u0105tku zostanie zachowana dla kolejnych pokole\u0144, a pieni\u0105dze b\u0119d\u0105 rozs\u0105dnie wydawane. Z czasem jednak okaza\u0142o si\u0119, \u017ce rzeczywisto\u015b\u0107 odbiega od tych oczekiwa\u0144.<\/p>\n<p class=\"VideoPlayerText_videoPlayerText__iDwyz\">Dalszy ci\u0105g materia\u0142u pod wideo<\/p>\n<p class=\"Paragraph_desktopParagraph__U31Gm\">Wkr\u00f3tce po \u015bmierci m\u0119\u017ca te\u015bciowa zacz\u0119\u0142a pozwala\u0107 sobie na zakupy, kt\u00f3rych wcze\u015bniej unika\u0142a. Nowoczesny sprz\u0119t elektroniczny, kosztowne wyjazdy wakacyjne czy regularne wizyty w salonach kosmetycznych sta\u0142y si\u0119 cz\u0119\u015bci\u0105 jej codzienno\u015bci. T\u0142umaczy\u0142a rodzinie, \u017ce to nagroda za lata po\u015bwi\u0119cone wsp\u00f3lnemu \u017cyciu z te\u015bciem.<\/p>\n<ul class=\"OchatFollowUps_wrapper__1ry7X\">\n<li class=\"OchatFollowUps_item__Dhyly OchatFollowUps_itemDesktop__R6aBv\">Dlaczego te\u015bciowa nie zamierza ubiega\u0107 si\u0119 o emerytur\u0119?<\/li>\n<li class=\"OchatFollowUps_item__Dhyly OchatFollowUps_itemDesktop__R6aBv\">Jak te\u015bciowa wydaje swoje oszcz\u0119dno\u015bci?<\/li>\n<li class=\"OchatFollowUps_item__Dhyly OchatFollowUps_itemDesktop__R6aBv\">Co zaniepokoi\u0142o jednego z cz\u0142onk\u00f3w rodziny?<\/li>\n<li class=\"OchatFollowUps_item__Dhyly OchatFollowUps_itemDesktop__R6aBv\">Jak te\u015bciowa zareagowa\u0142a na rozmow\u0119 o finansach?<\/li>\n<\/ul>\n<p class=\"Paragraph_desktopParagraph__U31Gm\">Gdy zosta\u0142a zapytana o emerytur\u0119, wyja\u015bni\u0142a, \u017ce nie zamierza si\u0119 o ni\u0105 ubiega\u0107, poniewa\u017c \u2014 jej zdaniem \u2014 pa\u0144stwo &#8222;nie ma jej nic do zaoferowania&#8221;. Rodzina zacz\u0119\u0142a dostrzega\u0107, \u017ce taki styl \u017cycia nie b\u0119dzie mo\u017cliwy do utrzymania przez d\u0142u\u017cszy czas, a ka\u017cda wydana z\u0142ot\u00f3wka zmniejsza \u015brodki, kt\u00f3re mog\u0142yby kiedy\u015b trafi\u0107 do dzieci.<\/p>\n<p>Trudna rozmowa o finansach <\/p>\n<p class=\"Paragraph_desktopParagraph__U31Gm\">Zaniepokojony sytuacj\u0105, jeden z cz\u0142onk\u00f3w rodziny postanowi\u0142 porozmawia\u0107 z te\u015bciow\u0105 o jej finansach. Chcia\u0142 pozna\u0107 jej perspektyw\u0119, nie zamierza\u0142 jej krytykowa\u0107. Gdy wyrazi\u0142 obawy dotycz\u0105ce przysz\u0142o\u015bci i mo\u017cliwo\u015bci utraty \u015brodk\u00f3w do \u017cycia, te\u015bciowa zareagowa\u0142a z irytacj\u0105.<\/p>\n<p class=\"Paragraph_desktopParagraph__U31Gm\">&#8222;Podkre\u015bli\u0142a, \u017ce pieni\u0105dze nale\u017c\u0105 do niej i ma prawo wydawa\u0107 je wed\u0142ug w\u0142asnego uznania. Doda\u0142a r\u00f3wnie\u017c, \u017ce m\u0142odsze pokolenie nie powinno liczy\u0107 na spadek&#8221; \u2014 relacjonowa\u0142 cz\u0142onek rodziny. Jej stanowczy ton sprawi\u0142, \u017ce rozmowa nie przynios\u0142a oczekiwanych rezultat\u00f3w, a temat finans\u00f3w sta\u0142 si\u0119 \u017ar\u00f3d\u0142em napi\u0119\u0107 w rodzinie.<\/p>\n<p class=\"Paragraph_desktopParagraph__U31Gm\">Obecnie rodzina unika powrotu do rozm\u00f3w o pieni\u0105dzach, wiedz\u0105c, \u017ce prowadz\u0105 one do konflikt\u00f3w. &#8222;Te\u015bciowa pozostaje przy swoim stanowisku i kontynuuje wybrany styl \u017cycia. Obserwujemy, jak jej oszcz\u0119dno\u015bci stopniowo si\u0119 kurcz\u0105, mimo \u017ce emerytura mog\u0142aby pokry\u0107 znaczn\u0105 cz\u0119\u015b\u0107 bie\u017c\u0105cych wydatk\u00f3w&#8221; \u2014 pisze cz\u0142onek rodziny w tek\u015bcie dla czeskiego portalu Seznam.<\/p>\n","protected":false},"excerpt":{"rendered":"Pocz\u0105tkowo wszyscy byli przekonani, \u017ce te\u015bciowa prowadzi skromne \u017cycie i korzysta wy\u0142\u0105cznie z najpotrzebniejszych rzeczy. Wierzyli, \u017ce cz\u0119\u015b\u0107&hellip;\n","protected":false},"author":2,"featured_media":132199,"comment_status":"","ping_status":"","sticky":false,"template":"","format":"standard","meta":{"footnotes":""},"categories":[16],"tags":[113,112,4287,67,53,52,68,51,55,42,38,40,39,41,47,27535,196,19117,65,50],"class_list":{"0":"post-132198","1":"post","2":"type-post","3":"status-publish","4":"format-standard","5":"has-post-thumbnail","7":"category-biznes","8":"tag-biznes","9":"tag-business","10":"tag-emerytury","11":"tag-intextvideo_splayer","12":"tag-new_header","13":"tag-onet3","14":"tag-onet3d","15":"tag-onet3d_2i","16":"tag-phx","17":"tag-pl","18":"tag-poland","19":"tag-polish","20":"tag-polska","21":"tag-polski","22":"tag-screening_general","23":"tag-spadek_dziedziczenie","24":"tag-styl_zycia","25":"tag-tesciowa","26":"tag-update_me","27":"tag-v2021"},"share_on_mastodon":{"url":"https:\/\/pubeurope.com\/@pl\/115660724166341510","error":""},"_links":{"self":[{"href":"https:\/\/www.europesays.com\/pl\/wp-json\/wp\/v2\/posts\/132198","targetHints":{"allow":["GET"]}}],"collection":[{"href":"https:\/\/www.europesays.com\/pl\/wp-json\/wp\/v2\/posts"}],"about":[{"href":"https:\/\/www.europesays.com\/pl\/wp-json\/wp\/v2\/types\/post"}],"author":[{"embeddable":true,"href":"https:\/\/www.europesays.com\/pl\/wp-json\/wp\/v2\/users\/2"}],"replies":[{"embeddable":true,"href":"https:\/\/www.europesays.com\/pl\/wp-json\/wp\/v2\/comments?post=132198"}],"version-history":[{"count":0,"href":"https:\/\/www.europesays.com\/pl\/wp-json\/wp\/v2\/posts\/132198\/revisions"}],"wp:featuredmedia":[{"embeddable":true,"href":"https:\/\/www.europesays.com\/pl\/wp-json\/wp\/v2\/media\/132199"}],"wp:attachment":[{"href":"https:\/\/www.europesays.com\/pl\/wp-json\/wp\/v2\/media?parent=132198"}],"wp:term":[{"taxonomy":"category","embeddable":true,"href":"https:\/\/www.europesays.com\/pl\/wp-json\/wp\/v2\/categories?post=132198"},{"taxonomy":"post_tag","embeddable":true,"href":"https:\/\/www.europesays.com\/pl\/wp-json\/wp\/v2\/tags?post=132198"}],"curies":[{"name":"wp","href":"https:\/\/api.w.org\/{rel}","templated":true}]}}