{"id":132307,"date":"2025-12-04T11:02:12","date_gmt":"2025-12-04T11:02:12","guid":{"rendered":"https:\/\/www.europesays.com\/pl\/132307\/"},"modified":"2025-12-04T11:02:12","modified_gmt":"2025-12-04T11:02:12","slug":"powiadomienie-marszalka-sejmu-rp-ws-bylych-czlonkow-rady-ministrow-w-trybie-art-2-ust-4a-ustawy-o-trybunale-stanu-prokuratura-krajowa","status":"publish","type":"post","link":"https:\/\/www.europesays.com\/pl\/132307\/","title":{"rendered":"Powiadomienie Marsza\u0142ka Sejmu RP ws. by\u0142ych cz\u0142onk\u00f3w Rady Ministr\u00f3w w trybie art. 2 ust. 4a ustawy o Trybunale Stanu &#8211; Prokuratura Krajowa"},"content":{"rendered":"<p>Prokurator Generalny Waldemar \u017burek przekaza\u0142 dzi\u015b Marsza\u0142kowi Sejmu Rzeczypospolitej Polskiej W\u0142odzimierzowi Czarzastemu informacje dotycz\u0105ce przedstawienia Mateuszowi M., Mariuszowi B. i Krzysztofowi A. &#8211; cz\u0142onkom Rady Ministr\u00f3w -zarzut\u00f3w pope\u0142nienia przest\u0119pstw zwi\u0105zanych z zajmowanymi przez nich stanowiskami.\u00a0<\/p>\n<p>Podstaw\u0119 przekazania tych informacji stanowi art. 2 ust 4a ustawy z dnia 26 marca 1982 r. o Trybunale Stanu z dnia 26 marca 1982 r. (Dz. U.2022.762 tj.), kt\u00f3ry nak\u0142ada na prokuratora obowi\u0105zek powiadomienia Marsza\u0142ka Sejmu Rzeczypospolitej Polskiej o prowadzeniu post\u0119powania karnego przeciwko cz\u0142onkowi Rady Ministr\u00f3w.<\/p>\n<p>Przedstawienie wskazanym osobom, korzystaj\u0105cym z ochrony immunitetowej, zarzut\u00f3w pope\u0142nienia przest\u0119pstw urz\u0119dniczych by\u0142o mo\u017cliwe po wyra\u017ceniu przez Sejm Rzeczypospolitej Polskiej zgody na poci\u0105gni\u0119cie ich do odpowiedzialno\u015bci karnej za czyny zabronione opisane we wnioskach prokuratora.\u00a0<\/p>\n<p>W toku prowadzonych post\u0119powa\u0144 karnych:<\/p>\n<ul style=\"margin-left:40px\">\n<li>Mateusz M. uzyska\u0142 status podejrzanego w post\u0119powaniu Prokuratury Okr\u0119gowej w Warszawie o sygn. 3041-1.Ds.172.2022, w nast\u0119pstwie przedstawienia mu zarzutu pope\u0142nienia czyn\u00f3w z art. 231 \u00a7 1 kk i z art. 18 \u00a7 2 kk w zw. z art. 107 ustawy z dnia 10 maja 2018 r. o ochronie danych osobowych, pozostaj\u0105cych w zwi\u0105zku z zajmowaniym stanowiska Prezesa Rady Ministr\u00f3w,\u00a0<\/li>\n<li>Mariusz B. uzyska\u0142 status podejrzanego w post\u0119powaniu Prokuratury Okr\u0119gowej w Warszawie Wydzia\u0142 do Spraw Wojskowych o sygn. 3041-8 Ds.115.2024, w nast\u0119pstwie przedstawienia mu zarzutu pope\u0142nienia czynu z art. 231 \u00a7 1 kk w zb. z art. 265 \u00a7 1 kk w zw. z art. 11 \u00a7 2 kk, pozostaj\u0105cego w zwi\u0105zku z zajmowanym stanowiskiem Ministra Obrony Narodowej. Obecnie Mariusz B. ma w tej sprawie status oskar\u017conego.\u00a0<\/li>\n<li>Krzysztof Jan A. uzyska\u0142 status podejrzanego w post\u0119powaniu Prokuratury Regionalnej w Warszawie o sygn. RP I Ds. 20.2019, w nast\u0119pstwie przedstawienia mu zarzutu pope\u0142nienia czynu z art. 231 \u00a7 2 kk w zw. z art. 12 kk, pozostaj\u0105cego w zwi\u0105zku z zajmowanym stanowiskiem Ministra Rolnictwa i Rozwoju Wsi.\u00a0<\/li>\n<\/ul>\n<p>W my\u015bl z art. 156 ust. 1 Konstytucji Rzeczypospolitej Polskiej cz\u0142onkowie Rady Ministr\u00f3w ponosz\u0105 odpowiedzialno\u015b\u0107 konstytucyjn\u0105 przed Trybuna\u0142em Stanu za naruszenie Konstytucji lub ustaw, w zwi\u0105zku z zajmowanym stanowiskiem lub w zakresie urz\u0119dowania.<\/p>\n<p>Sejm Rzeczypospolitej Polskiej, rozpoznaj\u0105c wnioski prokuratora o uchylenie immunitetu Mateuszowi M., Mariuszowi B. i Krzysztofowi A., wypowiedzia\u0142 si\u0119 wy\u0142\u0105cznie w zakresie wyra\u017cenia zgody na poci\u0105gni\u0119cie tych os\u00f3b do odpowiedzialno\u015bci karnej, nie zajmuj\u0105c stanowiska co do ewentualnej ich odpowiedzialno\u015bci konstytucyjnej.\u00a0<\/p>\n<p>Przekazanie Marsza\u0142kowi Sejmu Rzeczypospolitej Polskiej informacji w trybie art. 2 ust. 4a ustawy o Trybunale Stanu mo\u017ce zatem stanowi\u0107 podstaw\u0119 do rozwa\u017cenia przez Sejm, czy opisane w postanowieniach o przedstawieniu zarzut\u00f3w naruszenia prawa, dokonane w zwi\u0105zku z zajmowanymi stanowiskami w Radzie Ministr\u00f3w, mog\u0105 wype\u0142nia\u0107 znamiona deliktu konstytucyjnego, a tym samym czy zachodz\u0105 przes\u0142anki do ewentualnego poci\u0105gni\u0119cia Mateusza M., Mariusza B. i Krzysztofa A. do odpowiedzialno\u015bci konstytucyjnej przed Trybuna\u0142em Stanu na podstawie art. 156 ust. 1 Konstytucji Rzeczypospolitej Polskiej.\u00a0<\/p>\n<p>prok. Anna Adamiak<br \/>Rzecznik Prasowy<br \/>Prokuratora Generalnego<\/p>\n","protected":false},"excerpt":{"rendered":"Prokurator Generalny Waldemar \u017burek przekaza\u0142 dzi\u015b Marsza\u0142kowi Sejmu Rzeczypospolitej Polskiej W\u0142odzimierzowi Czarzastemu informacje dotycz\u0105ce przedstawienia Mateuszowi M., Mariuszowi&hellip;\n","protected":false},"author":2,"featured_media":132308,"comment_status":"","ping_status":"","sticky":false,"template":"","format":"standard","meta":{"footnotes":""},"categories":[5],"tags":[32,33,36,37,27,34,35,28,31,25,42,38,40,39,41,29,30,26],"class_list":{"0":"post-132307","1":"post","2":"type-post","3":"status-publish","4":"format-standard","5":"has-post-thumbnail","7":"category-naglowki","8":"tag-breaking-news","9":"tag-breakingnews","10":"tag-featured-news","11":"tag-featurednews","12":"tag-headlines","13":"tag-latest-news","14":"tag-latestnews","15":"tag-naglowki","16":"tag-najwazniejsze-artykuly","17":"tag-news","18":"tag-pl","19":"tag-poland","20":"tag-polish","21":"tag-polska","22":"tag-polski","23":"tag-top-stories","24":"tag-topstories","25":"tag-wiadomosci"},"share_on_mastodon":{"url":"https:\/\/pubeurope.com\/@pl\/115660963685548793","error":""},"_links":{"self":[{"href":"https:\/\/www.europesays.com\/pl\/wp-json\/wp\/v2\/posts\/132307","targetHints":{"allow":["GET"]}}],"collection":[{"href":"https:\/\/www.europesays.com\/pl\/wp-json\/wp\/v2\/posts"}],"about":[{"href":"https:\/\/www.europesays.com\/pl\/wp-json\/wp\/v2\/types\/post"}],"author":[{"embeddable":true,"href":"https:\/\/www.europesays.com\/pl\/wp-json\/wp\/v2\/users\/2"}],"replies":[{"embeddable":true,"href":"https:\/\/www.europesays.com\/pl\/wp-json\/wp\/v2\/comments?post=132307"}],"version-history":[{"count":0,"href":"https:\/\/www.europesays.com\/pl\/wp-json\/wp\/v2\/posts\/132307\/revisions"}],"wp:featuredmedia":[{"embeddable":true,"href":"https:\/\/www.europesays.com\/pl\/wp-json\/wp\/v2\/media\/132308"}],"wp:attachment":[{"href":"https:\/\/www.europesays.com\/pl\/wp-json\/wp\/v2\/media?parent=132307"}],"wp:term":[{"taxonomy":"category","embeddable":true,"href":"https:\/\/www.europesays.com\/pl\/wp-json\/wp\/v2\/categories?post=132307"},{"taxonomy":"post_tag","embeddable":true,"href":"https:\/\/www.europesays.com\/pl\/wp-json\/wp\/v2\/tags?post=132307"}],"curies":[{"name":"wp","href":"https:\/\/api.w.org\/{rel}","templated":true}]}}