{"id":132320,"date":"2025-12-04T11:10:10","date_gmt":"2025-12-04T11:10:10","guid":{"rendered":"https:\/\/www.europesays.com\/pl\/132320\/"},"modified":"2025-12-04T11:10:10","modified_gmt":"2025-12-04T11:10:10","slug":"mbappe-moze-pobic-kolejny-rekord-cristiano-w-realu-madryt","status":"publish","type":"post","link":"https:\/\/www.europesays.com\/pl\/132320\/","title":{"rendered":"Mbapp\u00e9 mo\u017ce pobi\u0107 kolejny rekord Cristiano w Realu Madryt"},"content":{"rendered":"<p>Kylian Mbapp\u00e9 jest got\u00f3w pod\u0105\u017ca\u0107 \u015bladami Cristiano. Upiera si\u0119 przy tym, by i\u015b\u0107 w\u0142asn\u0105 drog\u0105, ale jego strzelecka seria wr\u0119cz zmusza do por\u00f3wna\u0144, bo \u2013 tak jak Portugalczyk w koszulce Kr\u00f3lewskich \u2013 utrzymuje \u015bredni\u0105 ponad jednego gola na mecz. Jego ostatni popis, tym razem dublet na San Mam\u00e9s, tylko potwierdza, \u017ce jest dzi\u015b najbardziej rozp\u0119dzonym zawodnikiem na \u015bwiecie. W tym sezonie ma ju\u017c na koncie 30 goli i 7 asyst w 24 spotkaniach, licz\u0105c wyst\u0119py w Realu Madryt (25 goli i 4 asysty) oraz w reprezentacji Francji (5 goli i 3 asysty), opisuje dziennik MARCA.<\/p>\n<p>By\u0142y pi\u0142karz PSG notuje te\u017c najlepszy pocz\u0105tek sezonu w swojej ju\u017c d\u0142ugiej karierze. W po\u0142\u0105czeniu z tym, \u017ce w poprzednich rozgrywkach od stycznia rozszala\u0142 si\u0119 u Ancelottiego, sprawia to, \u017ce Kylian zagra\u017ca jednemu z najlepszych rekord\u00f3w CR7 w Realu Madryt. W 2025 roku Francuz mo\u017ce wyprzedzi\u0107 Portugalczyka jako najskuteczniejszy strzelec w historii klubu w jednym roku kalendarzowym. Cristiano wysoko zawiesi\u0142 poprzeczk\u0119, zdobywaj\u0105c 59 goli w 2013 roku, przypomina MARCA.<\/p>\n<p>Nie b\u0119dzie \u0142atwo, ale patrz\u0105c na jego \u015bredni\u0105, bardzo rozs\u0105dnie jest zak\u0142ada\u0107, \u017ce Francuz mo\u017ce przed ko\u0144cem roku zosta\u0107 pi\u0142karzem z najwi\u0119ksz\u0105 liczb\u0105 bramek w historii klubu w jednym roku kalendarzowym.<\/p>\n<p>Mbapp\u00e9 po dublecie na San Mam\u00e9s ma obecnie 55 goli od pocz\u0105tku 2025 roku w 55 spotkaniach, a do ko\u0144ca roku zosta\u0142o mu pi\u0119\u0107 mecz\u00f3w, by ten rekord wyr\u00f3wna\u0107\u2026 albo pobi\u0107, je\u015bli do\u0142o\u017cy co najmniej pi\u0119\u0107 kolejnych trafie\u0144. Przed nim Celta na Bernab\u00e9u, potem u siebie zn\u00f3w City, wyjazd na mecz z Alav\u00e9s, a na koniec Sevilla na Bernab\u00e9u, a do tego dochodzi jeszcze pi\u0105ty mecz Pucharu Kr\u00f3la, kt\u00f3rego rywala Real pozna w losowaniu 9 grudnia i z kt\u00f3rym zagra tydzie\u0144 p\u00f3\u017aniej, jednak trudno przypuszcza\u0107, by Francuz zagra\u0142 w tym spotkaniu.<\/p>\n<p>W tym 2025 roku w wykonaniu Mbapp\u00e9 uwag\u0119 zwracaj\u0105 nie tylko gole, ale tak\u017ce fakt, \u017ce zdobywa\u0142 je w\u0142a\u015bnie w 55 meczach, licz\u0105c starcie na San Mam\u00e9s \u2013 dok\u0142adnie gol na spotkanie. Cristiano ma w Realu praktycznie wszystkie strzeleckie rekordy w uj\u0119ciu roku kalendarzowego. Mbapp\u00e9 wyprzedzi\u0142 ju\u017c CR7 pod wzgl\u0119dem 46 goli z 2010 roku, 42 z 2016, 41 z 2017 i 44 z 2018. Zr\u00f3wna\u0142 si\u0119 te\u017c z dorobkiem Portugalczyka z 2011 roku, a do pobicia pozostaj\u0105 mu jeszcze serie Cristiano: 54 gole z 2015, 56 z 2014 i 58 z 2012, wylicza MARCA.<\/p>\n<p>To ju\u017c jego najskuteczniejszy rok kalendarzowy<br \/>&#13;<br \/>\nPatrz\u0105c ca\u0142o\u015bciowo, aktualny zdobywca Z\u0142otego Buta (kt\u00f3ry prowadzi te\u017c w obecnej klasyfikacji, przed Haalandem) i Pichichi ko\u0144czy w\u0142a\u015bnie najbardziej bramkowy rok w swojej karierze, odk\u0105d dziesi\u0119\u0107 lat temu zadebiutowa\u0142 w Monaco. I jest bardzo blisko, by zamkn\u0105\u0107 go ze \u015bredni\u0105 co najmniej jednego gola na mecz, a mo\u017ce nawet wy\u017csz\u0105. Licz\u0105c siedem trafie\u0144 w barwach reprezentacji, ma \u0142\u0105cznie 62 gole w 62 spotkaniach, czyli r\u00f3wno gol na mecz. Jego drugi najlepszy rok to 2022: 56 goli (44 w PSG i 12 w reprezentacji Francji) w 56 meczach, r\u00f3wnie\u017c ze \u015bredni\u0105 jednego trafienia na spotkanie, podsumowuje MARCA.<\/p>\n","protected":false},"excerpt":{"rendered":"Kylian Mbapp\u00e9 jest got\u00f3w pod\u0105\u017ca\u0107 \u015bladami Cristiano. Upiera si\u0119 przy tym, by i\u015b\u0107 w\u0142asn\u0105 drog\u0105, ale jego strzelecka&hellip;\n","protected":false},"author":2,"featured_media":132321,"comment_status":"","ping_status":"","sticky":false,"template":"","format":"standard","meta":{"footnotes":""},"categories":[24],"tags":[42,38,40,39,41,127,126],"class_list":{"0":"post-132320","1":"post","2":"type-post","3":"status-publish","4":"format-standard","5":"has-post-thumbnail","7":"category-sport","8":"tag-pl","9":"tag-poland","10":"tag-polish","11":"tag-polska","12":"tag-polski","13":"tag-sport","14":"tag-sports"},"share_on_mastodon":{"url":"https:\/\/pubeurope.com\/@pl\/115660995161003875","error":""},"_links":{"self":[{"href":"https:\/\/www.europesays.com\/pl\/wp-json\/wp\/v2\/posts\/132320","targetHints":{"allow":["GET"]}}],"collection":[{"href":"https:\/\/www.europesays.com\/pl\/wp-json\/wp\/v2\/posts"}],"about":[{"href":"https:\/\/www.europesays.com\/pl\/wp-json\/wp\/v2\/types\/post"}],"author":[{"embeddable":true,"href":"https:\/\/www.europesays.com\/pl\/wp-json\/wp\/v2\/users\/2"}],"replies":[{"embeddable":true,"href":"https:\/\/www.europesays.com\/pl\/wp-json\/wp\/v2\/comments?post=132320"}],"version-history":[{"count":0,"href":"https:\/\/www.europesays.com\/pl\/wp-json\/wp\/v2\/posts\/132320\/revisions"}],"wp:featuredmedia":[{"embeddable":true,"href":"https:\/\/www.europesays.com\/pl\/wp-json\/wp\/v2\/media\/132321"}],"wp:attachment":[{"href":"https:\/\/www.europesays.com\/pl\/wp-json\/wp\/v2\/media?parent=132320"}],"wp:term":[{"taxonomy":"category","embeddable":true,"href":"https:\/\/www.europesays.com\/pl\/wp-json\/wp\/v2\/categories?post=132320"},{"taxonomy":"post_tag","embeddable":true,"href":"https:\/\/www.europesays.com\/pl\/wp-json\/wp\/v2\/tags?post=132320"}],"curies":[{"name":"wp","href":"https:\/\/api.w.org\/{rel}","templated":true}]}}