{"id":132394,"date":"2025-12-04T11:55:10","date_gmt":"2025-12-04T11:55:10","guid":{"rendered":"https:\/\/www.europesays.com\/pl\/132394\/"},"modified":"2025-12-04T11:55:10","modified_gmt":"2025-12-04T11:55:10","slug":"mateusz-morawiecki-reaguje-na-ruch-ministra-zurka-zalosne-onet","status":"publish","type":"post","link":"https:\/\/www.europesays.com\/pl\/132394\/","title":{"rendered":"Mateusz Morawiecki reaguje na ruch ministra \u017burka. &quot;\u017ba\u0142osne&quot; &#8211; Onet"},"content":{"rendered":"<ol>\n<li><a href=\"https:\/\/news.google.com\/rss\/articles\/CBMivAFBVV95cUxNNFd1Q2FJTzdWVnZJNnhaTjM3VXRSVWRBRkRCTG95ZHdJVUYtLXdIT2MwMGRia29zaWFUbTE3cW5jNGhKa3FySXNQWDloaERJdDNrbklFdW1xOENwYnlYaUJDZWo3dDE4OUY3c1VxQUZPbnBGOVpwYlIxVWt3RzBFdUg2LUFlb0JmNFlMQlRPUEZwWVJKcFc0Z3pkSlE4NHlxZEpleFR2dEJTRy1KNmQ5YlJweFRDUjVDUmRmZw?oc=5\" target=\"_blank\" rel=\"nofollow noopener\">Mateusz Morawiecki reaguje na ruch ministra \u017burka. &#8222;\u017ba\u0142osne&#8221;<\/a>&nbsp;&nbsp;Onet<\/li>\n<li><a href=\"https:\/\/news.google.com\/rss\/articles\/CBMixAFBVV95cUxOY0RpLWNheDdaT1ZWY3ZKbGg0WHJXSEh1bzZheTkwSlI0TWZlQVRueHlCUEJVTEJEUGZlaUJGdkNtajVLcnc1bl9zbHY5QksxNU9VVHRpd3E5emxvaGtuNi1ua0dfVWNiUVZTQ1Frdm16VzVBdV80WUJVZU52Q1NCWTdOY0FoZ2MwNUJ3bHF2RXI1Zkp1czJDdUJOTUJDSGlFVzdVRkdWYmU5VUt0dG43Q1pja0JxUFY3RExodUtiSjBjRHZy?oc=5\" target=\"_blank\" rel=\"nofollow noopener\">&#8222;Informacja o zarzutach&#8221; dla Morawieckiego i B\u0142aszczaka. Pismo od prokuratury<\/a>&nbsp;&nbsp;TVN24<\/li>\n<li><a href=\"https:\/\/news.google.com\/rss\/articles\/CBMi7AFBVV95cUxQS01CUFdQczRiSldCWEd2emNjdlRUODYzUm9lcExZaUZzUnA3NGtQTUUtbjdRNkswQ0V6bUdCU21GZWdtWnBtYzVsX0lmSk5SNkxrRGdXZ1ZaN09QOVVGbDBlckpSNUlJTkExa1pVMFE4dGxONnFoa0JSdFZfWWpkVHJkcWFZd3U3eXF1REE1TVR5N3RqSXZyQjE3M2pqNEdpV0RqYThQaDRBRlUyUXE1aU9SRnZjUEg4SFoxQWFXTzVMdTBMdllxZDQzM2R5N0JLbWd0Qm5YODBzVGRSeUpuOTRKQjE1ZFZkeFV6cg?oc=5\" target=\"_blank\" rel=\"nofollow noopener\">Powiadomienie Marsza\u0142ka Sejmu RP ws. by\u0142ych cz\u0142onk\u00f3w Rady Ministr\u00f3w w trybie art. 2 ust. 4a ustawy o Trybunale Stanu<\/a>&nbsp;&nbsp;Gov.pl<\/li>\n<li><a href=\"https:\/\/news.google.com\/rss\/articles\/CBMirAFBVV95cUxNR2JRcDlQOHBKTUphdllld2lKdHFQWVZwWTRDOXQyclRER3V3ZnRhNlpHY2pTWkJGQkRqM0lCa0kyZDNlZGlPb2lBYnFTU3Njak9uVWtzNXpxRGEwbEIzcFdIWHcwSEhoTURfM092RGV4emwxTk1neUtnUVpwYTBDQmVvSUlRdXptd0IxZ0k0YVl3YXJTcGNpSlNKOEJCNFZMbnBFQS14cmdJWElI?oc=5\" target=\"_blank\" rel=\"nofollow noopener\">Zarzuty dla Morawieckiego, B\u0142aszczaka i Ardanowskiego. Jest ruch \u017burka<\/a>&nbsp;&nbsp;Onet Wiadomo\u015bci<\/li>\n<li><a href=\"https:\/\/news.google.com\/rss\/articles\/CBMikwFBVV95cUxPRDhWRm1zRG1UZjc3VmxmRkxPV0JreHhHMWVXbF9kN205d0Z3bnp3Y0lwcFdtTTQ5b2tjYVJXQ0VxbVI1UlZRTzIzcXlGRVIyOElTMl8yMWFGclNRNXJJQ3BYUUY3SDJoamZVU2MxT0l2RHlDSGlWX19abVZUSnIxOG9sNWVQNm5FdWxhZE5SelFUY0E?oc=5\" target=\"_blank\" rel=\"nofollow noopener\">Morawiecki reaguje na ruch prokuratury. &#8222;\u017ba\u0142osne&#8221;<\/a>&nbsp;&nbsp;WP Wiadomo\u015bci<\/li>\n<\/ol>\n","protected":false},"excerpt":{"rendered":"Mateusz Morawiecki reaguje na ruch ministra \u017burka. &#8222;\u017ba\u0142osne&#8221;&nbsp;&nbsp;Onet &#8222;Informacja o zarzutach&#8221; dla Morawieckiego i B\u0142aszczaka. Pismo od prokuratury&nbsp;&nbsp;TVN24&hellip;\n","protected":false},"author":2,"featured_media":132395,"comment_status":"","ping_status":"","sticky":false,"template":"","format":"standard","meta":{"footnotes":""},"categories":[12],"tags":[32,33,36,37,27,34,35,1656,28,31,53,25,52,68,51,55,42,38,40,39,41,47,29,30,65,50,793,26],"class_list":{"0":"post-132394","1":"post","2":"type-post","3":"status-publish","4":"format-standard","5":"has-post-thumbnail","7":"category-polska","8":"tag-breaking-news","9":"tag-breakingnews","10":"tag-featured-news","11":"tag-featurednews","12":"tag-headlines","13":"tag-latest-news","14":"tag-latestnews","15":"tag-mateusz_morawiecki_polityk","16":"tag-naglowki","17":"tag-najwazniejsze-artykuly","18":"tag-new_header","19":"tag-news","20":"tag-onet3","21":"tag-onet3d","22":"tag-onet3d_2i","23":"tag-phx","24":"tag-pl","25":"tag-poland","26":"tag-polish","27":"tag-polska","28":"tag-polski","29":"tag-screening_general","30":"tag-top-stories","31":"tag-topstories","32":"tag-update_me","33":"tag-v2021","34":"tag-waldemar_zurek","35":"tag-wiadomosci"},"share_on_mastodon":{"url":"https:\/\/pubeurope.com\/@pl\/115661171983032448","error":""},"_links":{"self":[{"href":"https:\/\/www.europesays.com\/pl\/wp-json\/wp\/v2\/posts\/132394","targetHints":{"allow":["GET"]}}],"collection":[{"href":"https:\/\/www.europesays.com\/pl\/wp-json\/wp\/v2\/posts"}],"about":[{"href":"https:\/\/www.europesays.com\/pl\/wp-json\/wp\/v2\/types\/post"}],"author":[{"embeddable":true,"href":"https:\/\/www.europesays.com\/pl\/wp-json\/wp\/v2\/users\/2"}],"replies":[{"embeddable":true,"href":"https:\/\/www.europesays.com\/pl\/wp-json\/wp\/v2\/comments?post=132394"}],"version-history":[{"count":0,"href":"https:\/\/www.europesays.com\/pl\/wp-json\/wp\/v2\/posts\/132394\/revisions"}],"wp:featuredmedia":[{"embeddable":true,"href":"https:\/\/www.europesays.com\/pl\/wp-json\/wp\/v2\/media\/132395"}],"wp:attachment":[{"href":"https:\/\/www.europesays.com\/pl\/wp-json\/wp\/v2\/media?parent=132394"}],"wp:term":[{"taxonomy":"category","embeddable":true,"href":"https:\/\/www.europesays.com\/pl\/wp-json\/wp\/v2\/categories?post=132394"},{"taxonomy":"post_tag","embeddable":true,"href":"https:\/\/www.europesays.com\/pl\/wp-json\/wp\/v2\/tags?post=132394"}],"curies":[{"name":"wp","href":"https:\/\/api.w.org\/{rel}","templated":true}]}}