{"id":132396,"date":"2025-12-04T11:56:09","date_gmt":"2025-12-04T11:56:09","guid":{"rendered":"https:\/\/www.europesays.com\/pl\/132396\/"},"modified":"2025-12-04T11:56:09","modified_gmt":"2025-12-04T11:56:09","slug":"ropczyce-eksplozja-telefonu-w-internacie-kilka-osob-poszkodowanych","status":"publish","type":"post","link":"https:\/\/www.europesays.com\/pl\/132396\/","title":{"rendered":"Ropczyce. Eksplozja telefonu w internacie, kilka os\u00f3b poszkodowanych"},"content":{"rendered":"<p>&#13;<br \/>\n        \tTelefon kom\u00f3rkowy wybuch\u0142 w d\u0142oniach mieszka\u0144ca internatu w Ropczycach. Plac\u00f3wka zosta\u0142a ewakuowana, a na miejscu pojawi\u0142a si\u0119 stra\u017c po\u017carna. Bezpo\u015bredni poszkodowany oraz kilka innych os\u00f3b, kt\u00f3re by\u0142y obecne na miejscu w czasie eksplozji wymaga\u0142o hospitalizacji.&#13;\n        \t<\/p>\n<p>Stra\u017c po\u017carna i pogotowie ratunkowe na miejscu zdarzenia w nocy po wybuchu telefonu<\/p>\n<p>Do zdarzenia w ropczyckim internacie dosz\u0142o kilka minut po p\u00f3\u0142nocy. Jeden z mieszka\u0144c\u00f3w budynku obs\u0142ugiwa\u0142 telefon kom\u00f3rkowy, gdy niespodziewanie znajduj\u0105ca si\u0119 w nim bateria eksplodowa\u0142a, doprowadzaj\u0105c do obra\u017ce\u0144 d\u0142o\u0144 i r\u0105k.<\/p>\n<p>\u00a0<\/p>\n<p>Na miejsce przyby\u0142a policja, pogotowie i stra\u017c po\u017carna. Zadecydowano o ewakuowaniu 41 os\u00f3b, kt\u00f3re znajdowa\u0142y si\u0119 w budynku.<\/p>\n<p>Wybuch telefonu w internacie. Osiem os\u00f3b trafi\u0142o do szpitala<\/p>\n<p>&#8211; Stra\u017cacy weszli do pomieszcze\u0144, sprawdzili je. Nie by\u0142o tam po\u017caru, nie by\u0142o te\u017c ju\u017c zadymienia, personel obiektu przewietrza\u0142 pomieszczenia &#8211; powiedzia\u0142 w rozmowie z polsatnews.pl bryg. Bogus\u0142aw Drozd z Komendy Powiatowej Pa\u0144stwowej Stra\u017cy Po\u017carnej w Ropczycach.<\/p>\n<p>\u00a0<\/p>\n<p>Poza u\u017cytkownikiem telefonu, pomocy medycznej wymaga\u0142o tak\u017ce siedem innych os\u00f3b, kt\u00f3re znajdowa\u0142y si\u0119 w budynku w chwili eksplozji. Uskar\u017ca\u0142y si\u0119 na z\u0142e samopoczucie. Ratownicy zadecydowali o przewiezieniu wszystkich do szpitala.<\/p>\n<p>\u00a0<\/p>\n<p>ZOBACZ: <a href=\"https:\/\/www.polsatnews.pl\/wiadomosc\/2025-12-04\/paraliz-lotniska-w-krakowie-samoloty-nie-laduja-i-nie-startuja\/\" rel=\"nofollow noopener\" target=\"_blank\">Parali\u017c lotniska w Krakowie. Samoloty nie l\u0105duj\u0105 i nie startuj\u0105<\/a><\/p>\n<p>\u00a0<\/p>\n<p>Dzia\u0142ania stra\u017cy po\u017carnej zosta\u0142y zako\u0144czone o godz. 1:30. 10 minut wcze\u015bniej wydano decyzj\u0119 o umo\u017cliwieniu powrotu mieszka\u0144c\u00f3w internatu do wn\u0119trza budynku. &#8222;Finalnie, nikt nie odni\u00f3s\u0142 powa\u017cniejszych obra\u017ce\u0144&#8221; &#8211; poinformowano w komunikacie wydanym przez policj\u0119.<\/p>\n<p>\u00a0<\/p>\n<p>Widzia\u0142e\u015b co\u015b wa\u017cnego? Przy\u015blij zdj\u0119cie, film lub napisz, co si\u0119 sta\u0142o. Skorzystaj z naszej <a href=\"https:\/\/www.polsatnews.pl\/platforma-widzow\/\" target=\"_blank\" rel=\"noopener noreferrer nofollow\">Wrzutni<\/a><\/p>\n<p>                <img decoding=\"async\" src=\"https:\/\/www.europesays.com\/pl\/wp-content\/uploads\/2025\/12\/v8fha9e2thtyf751xjdtwjwu3d3gtyyc.jpg\" alt=\"\" itemprop=\"contentUrl\" style=\"position:absolute; width: 100%; max-height: 100%;\"\/><video controls=\"\" controlslist=\"nodownload\" poster=\"https:\/\/www.europesays.com\/pl\/wp-content\/uploads\/2025\/12\/v8fha9e2thtyf751xjdtwjwu3d3gtyyc.jpg\" class=\"videoPlayer player6855357 news__video\" data-id=\"6855357\">Twoja przegl\u0105darka nie wspiera odtwarzacza wideo&#8230;<\/video><\/p>\n<p>                <a class=\"news__read-more-button\" href=\"https:\/\/www.polsatnews.pl\/\" rel=\"nofollow noopener\" target=\"_blank\">Czytaj wi\u0119cej<\/a><\/p>\n<p>\t\t\tChcesz by\u0107 na bie\u017c\u0105co z najnowszymi newsami?<\/p>\n<p class=\"app-ad__preview\">Jeste\u015bmy w aplikacji na Tw\u00f3j telefon. Sprawd\u017a\u00a0nas!<\/p>\n","protected":false},"excerpt":{"rendered":"&#13; Telefon kom\u00f3rkowy wybuch\u0142 w d\u0142oniach mieszka\u0144ca internatu w Ropczycach. Plac\u00f3wka zosta\u0142a ewakuowana, a na miejscu pojawi\u0142a si\u0119&hellip;\n","protected":false},"author":2,"featured_media":132397,"comment_status":"","ping_status":"","sticky":false,"template":"","format":"standard","meta":{"footnotes":""},"categories":[5],"tags":[32,33,36,37,27,34,35,28,31,25,42,38,40,39,41,29,30,26],"class_list":{"0":"post-132396","1":"post","2":"type-post","3":"status-publish","4":"format-standard","5":"has-post-thumbnail","7":"category-naglowki","8":"tag-breaking-news","9":"tag-breakingnews","10":"tag-featured-news","11":"tag-featurednews","12":"tag-headlines","13":"tag-latest-news","14":"tag-latestnews","15":"tag-naglowki","16":"tag-najwazniejsze-artykuly","17":"tag-news","18":"tag-pl","19":"tag-poland","20":"tag-polish","21":"tag-polska","22":"tag-polski","23":"tag-top-stories","24":"tag-topstories","25":"tag-wiadomosci"},"share_on_mastodon":{"url":"https:\/\/pubeurope.com\/@pl\/115661176063322384","error":""},"_links":{"self":[{"href":"https:\/\/www.europesays.com\/pl\/wp-json\/wp\/v2\/posts\/132396","targetHints":{"allow":["GET"]}}],"collection":[{"href":"https:\/\/www.europesays.com\/pl\/wp-json\/wp\/v2\/posts"}],"about":[{"href":"https:\/\/www.europesays.com\/pl\/wp-json\/wp\/v2\/types\/post"}],"author":[{"embeddable":true,"href":"https:\/\/www.europesays.com\/pl\/wp-json\/wp\/v2\/users\/2"}],"replies":[{"embeddable":true,"href":"https:\/\/www.europesays.com\/pl\/wp-json\/wp\/v2\/comments?post=132396"}],"version-history":[{"count":0,"href":"https:\/\/www.europesays.com\/pl\/wp-json\/wp\/v2\/posts\/132396\/revisions"}],"wp:featuredmedia":[{"embeddable":true,"href":"https:\/\/www.europesays.com\/pl\/wp-json\/wp\/v2\/media\/132397"}],"wp:attachment":[{"href":"https:\/\/www.europesays.com\/pl\/wp-json\/wp\/v2\/media?parent=132396"}],"wp:term":[{"taxonomy":"category","embeddable":true,"href":"https:\/\/www.europesays.com\/pl\/wp-json\/wp\/v2\/categories?post=132396"},{"taxonomy":"post_tag","embeddable":true,"href":"https:\/\/www.europesays.com\/pl\/wp-json\/wp\/v2\/tags?post=132396"}],"curies":[{"name":"wp","href":"https:\/\/api.w.org\/{rel}","templated":true}]}}