{"id":132429,"date":"2025-12-04T12:14:13","date_gmt":"2025-12-04T12:14:13","guid":{"rendered":"https:\/\/www.europesays.com\/pl\/132429\/"},"modified":"2025-12-04T12:14:13","modified_gmt":"2025-12-04T12:14:13","slug":"micron-wycofuje-marke-crucial-z-rynku-konsumenckiego-kierujac-uwage-i-inwestycje-w-rosnacy-sektor-sztucznej-inteligencji","status":"publish","type":"post","link":"https:\/\/www.europesays.com\/pl\/132429\/","title":{"rendered":"Micron wycofuje mark\u0119 Crucial z rynku konsumenckiego, kieruj\u0105c uwag\u0119 i inwestycje w rosn\u0105cy sektor sztucznej inteligencji"},"content":{"rendered":"<p><img decoding=\"async\" class=\"teaserfoto\" src=\"https:\/\/www.europesays.com\/pl\/wp-content\/uploads\/2025\/12\/49145.png\" alt=\"Micron wycofuje mark\u0119 Crucial z rynku konsumenckiego, kieruj\u0105c uwag\u0119 i inwestycje w rosn\u0105cy sektor sztucznej inteligencji\"\/>Micron od lat jest w\u0142a\u015bcicielem marki Crucial, pod kt\u00f3r\u0105 sprzedaje pami\u0119ci RAM i ko\u015bci NAND dla rynku konsumenckiego, korporacyjnego oraz sektora AI. Dzi\u015b jednak historia ta zmienia kierunek, zarz\u0105d Microna zdecydowa\u0142 o wycofaniu marki z rynku konsumenckiego. Oznacza to, \u017ce nie b\u0119dzie ju\u017c dost\u0119pnych bud\u017cetowych modu\u0142\u00f3w RAM, a produkty Crucial nie trafi\u0105 do notebook\u00f3w, co kontrastuje z wprowadzeniem modu\u0142\u00f3w LPCAMM2 w pa\u017adzierniku 2025 roku.<\/p>\n<p>Micron wycofuje mark\u0119 Crucial z rynku konsumenckiego, koncentruj\u0105c si\u0119 na rosn\u0105cym sektorze sztucznej inteligencji. Firma planuje zako\u0144czy\u0107 wszelkie dostawy dla rynku konsumenckiego do lutego 2026 roku.<\/p>\n<p><a class=\"colorbox\" href=\"https:\/\/www.purepc.pl\/image\/news\/2025\/12\/03_micron_wycofuje_marke_crucial_z_rynku_konsumenckiego_kierujac_uwage_i_inwestycje_w_rosnacy_sektor_sztucznej_inteligencji_0_b.jpg\" rel=\"nofollow noopener\" target=\"_blank\"><img decoding=\"async\" src=\"https:\/\/www.europesays.com\/pl\/wp-content\/uploads\/2025\/12\/03_micron_wycofuje_marke_crucial_z_rynku_konsumenckiego_kierujac_uwage_i_inwestycje_w_rosnacy_sektor.jpeg\" alt=\"Micron wycofuje mark\u0119 Crucial z rynku konsumenckiego, kieruj\u0105c uwag\u0119 i inwestycje w rosn\u0105cy sektor sztucznej inteligencji [1]\"\/><\/a><\/p>\n<p><a title=\"Samsung i SK Hynix odmawiaj\u0105 zwi\u0119kszenia mocy produkcyjnych DRAM mimo niedobor\u00f3w i astronomicznych cen\" href=\"https:\/\/www.purepc.pl\/samsung-sk-hynix-pamieci-dram-nie-zwieksza-mocy-produkcyjnej-rozuduja-fabryk-niedobor-ceny-beda-rosly\" rel=\"nofollow noopener\" target=\"_blank\">Samsung i SK Hynix odmawiaj\u0105 zwi\u0119kszenia mocy produkcyjnych DRAM mimo niedobor\u00f3w i astronomicznych cen<\/a><\/p>\n<p>Micron og\u0142osi\u0142 dzi\u015b (3 grudnia 2025 roku), \u017ce\u00a0wycofuje mark\u0119 <a href=\"https:\/\/www.purepc.pl\/tagi\/crucial\" target=\"_blank\" rel=\"nofollow noopener\">Crucial<\/a> z rynku konsumenckiego, koncentruj\u0105c si\u0119 wy\u0142\u0105cznie na dostawach <a href=\"https:\/\/www.purepc.pl\/newsy\/pamieci-ram\" target=\"_blank\" rel=\"nofollow noopener\">pami\u0119ci RAM<\/a> i ko\u015bci NAND dla klient\u00f3w korporacyjnych oraz sektora sztucznej inteligencji. Firma b\u0119dzie realizowa\u0107 dostawy kluczowych produkt\u00f3w konsumenckich do ko\u0144ca drugiego kwarta\u0142u roku fiskalnego, czyli lutego 2026 roku. Jednocze\u015bnie Micron zapewnia \u015bcis\u0142\u0105 wsp\u00f3\u0142prac\u0119 z partnerami i klientami, gwarantuj\u0105c ci\u0105g\u0142y serwis i wsparcie gwarancyjne dla istniej\u0105cych produkt\u00f3w Crucial. Decyzja o wycofaniu si\u0119 z rynku konsumenckiego ma mie\u0107 minimalny wp\u0142yw na pracownik\u00f3w, firma planuje przeniesienie zespo\u0142y na dost\u0119pne stanowiska w innych dzia\u0142ach.<\/p>\n<p><a class=\"colorbox\" href=\"https:\/\/www.purepc.pl\/image\/news\/2025\/12\/03_micron_wycofuje_marke_crucial_z_rynku_konsumenckiego_kierujac_uwage_i_inwestycje_w_rosnacy_sektor_sztucznej_inteligencji_1_b.jpg\" rel=\"nofollow noopener\" target=\"_blank\"><img decoding=\"async\" src=\"https:\/\/www.europesays.com\/pl\/wp-content\/uploads\/2025\/12\/1764850453_251_03_micron_wycofuje_marke_crucial_z_rynku_konsumenckiego_kierujac_uwage_i_inwestycje_w_rosnacy_sektor.jpeg\" alt=\"Micron wycofuje mark\u0119 Crucial z rynku konsumenckiego, kieruj\u0105c uwag\u0119 i inwestycje w rosn\u0105cy sektor sztucznej inteligencji [2]\"\/><\/a><\/p>\n<p><a title=\"Crucial MX500 nie b\u0119dzie ju\u017c produkowany. Zas\u0142u\u017cony dysk SSD wykorzystuj\u0105cy z\u0142\u0105cze SATA 6 Gb\/s odchodzi na emerytur\u0119\" href=\"https:\/\/www.purepc.pl\/crucial-mx500-nie-bedzie-juz-produkowany-zasluzony-dysk-ssd-wykorzystujacy-zlacze-sata-6-gbs-odchodzi-na-emeryture\" rel=\"nofollow noopener\" target=\"_blank\">Crucial MX500 nie b\u0119dzie ju\u017c produkowany. Zas\u0142u\u017cony dysk SSD wykorzystuj\u0105cy z\u0142\u0105cze SATA 6 Gb\/s odchodzi na emerytur\u0119<\/a><\/p>\n<p>Decyzja ta zapad\u0142a w zwi\u0105zku z trwaj\u0105c\u0105 transformacj\u0105 portfela firmy <a href=\"https:\/\/www.purepc.pl\/tagi\/Micron\" target=\"_blank\" rel=\"nofollow noopener\">Micron<\/a> oraz konieczno\u015bci\u0105 skierowania zasob\u00f3w na bardziej dochodowe segmenty w obszarze pami\u0119ci i przechowywania danych. Skupiaj\u0105c si\u0119 na kluczowych sektorach przedsi\u0119biorstw i handlu, Micron d\u0105\u017cy do poprawy d\u0142ugoterminowych wynik\u00f3w biznesowych oraz tworzenia warto\u015bci dla strategicznych klient\u00f3w i interesariuszy. \u201eDzi\u0119ki pe\u0142nej pasji spo\u0142eczno\u015bci konsument\u00f3w marka Crucial sta\u0142a si\u0119 synonimem przyw\u00f3dztwa technicznego, jako\u015bci i niezawodno\u015bci najnowocze\u015bniejszych produkt\u00f3w pami\u0119ci i pami\u0119ci masowej. Chcieliby\u015bmy podzi\u0119kowa\u0107 milionom naszych klient\u00f3w, setkom partner\u00f3w oraz wszystkim cz\u0142onkom zespo\u0142u Micron, kt\u00f3rzy wspierali podr\u00f3\u017c Crucial przez ostatnie 29 lat.\u201d\u00a0\u2013 powiedzia\u0142 Sumit Sadana, wiceprezes wykonawczy i dyrektor biznesowy w Micron Technology.\u00a0Wskazuje to, \u017ce rynek coraz wyra\u017aniej kieruje si\u0119 w stron\u0119 sektora AI. Pozostaje mie\u0107 nadziej\u0119, \u017ce <a href=\"https:\/\/www.purepc.pl\/pamiec-ram-ddr5-wzorst-cen-zestaw-dwukrotnie-drozszy-analiza\" target=\"_blank\" rel=\"nofollow noopener\">kryzys pami\u0119ci RAM<\/a> na rynku konsumenckim nie doprowadzi do podobnych decyzji w przypadku innych marek.<\/p>\n<p>\u0179r\u00f3d\u0142o: Micron<\/p>\n","protected":false},"excerpt":{"rendered":"Micron od lat jest w\u0142a\u015bcicielem marki Crucial, pod kt\u00f3r\u0105 sprzedaje pami\u0119ci RAM i ko\u015bci NAND dla rynku konsumenckiego,&hellip;\n","protected":false},"author":2,"featured_media":132430,"comment_status":"","ping_status":"","sticky":false,"template":"","format":"standard","meta":{"footnotes":""},"categories":[16],"tags":[113,112,27568,399,5632,4037,10581,3863,444,42,38,40,39,41,27569,26,14066],"class_list":{"0":"post-132429","1":"post","2":"type-post","3":"status-publish","4":"format-standard","5":"has-post-thumbnail","7":"category-biznes","8":"tag-biznes","9":"tag-business","10":"tag-crucial","11":"tag-informacje","12":"tag-likwidacja","13":"tag-marka","14":"tag-micron","15":"tag-pamiec-ram","16":"tag-pc","17":"tag-pl","18":"tag-poland","19":"tag-polish","20":"tag-polska","21":"tag-polski","22":"tag-rynek-komputerowy","23":"tag-wiadomosci","24":"tag-zamkniecie"},"share_on_mastodon":{"url":"https:\/\/pubeurope.com\/@pl\/115661246878568386","error":""},"_links":{"self":[{"href":"https:\/\/www.europesays.com\/pl\/wp-json\/wp\/v2\/posts\/132429","targetHints":{"allow":["GET"]}}],"collection":[{"href":"https:\/\/www.europesays.com\/pl\/wp-json\/wp\/v2\/posts"}],"about":[{"href":"https:\/\/www.europesays.com\/pl\/wp-json\/wp\/v2\/types\/post"}],"author":[{"embeddable":true,"href":"https:\/\/www.europesays.com\/pl\/wp-json\/wp\/v2\/users\/2"}],"replies":[{"embeddable":true,"href":"https:\/\/www.europesays.com\/pl\/wp-json\/wp\/v2\/comments?post=132429"}],"version-history":[{"count":0,"href":"https:\/\/www.europesays.com\/pl\/wp-json\/wp\/v2\/posts\/132429\/revisions"}],"wp:featuredmedia":[{"embeddable":true,"href":"https:\/\/www.europesays.com\/pl\/wp-json\/wp\/v2\/media\/132430"}],"wp:attachment":[{"href":"https:\/\/www.europesays.com\/pl\/wp-json\/wp\/v2\/media?parent=132429"}],"wp:term":[{"taxonomy":"category","embeddable":true,"href":"https:\/\/www.europesays.com\/pl\/wp-json\/wp\/v2\/categories?post=132429"},{"taxonomy":"post_tag","embeddable":true,"href":"https:\/\/www.europesays.com\/pl\/wp-json\/wp\/v2\/tags?post=132429"}],"curies":[{"name":"wp","href":"https:\/\/api.w.org\/{rel}","templated":true}]}}