{"id":132459,"date":"2025-12-04T12:32:19","date_gmt":"2025-12-04T12:32:19","guid":{"rendered":"https:\/\/www.europesays.com\/pl\/132459\/"},"modified":"2025-12-04T12:32:19","modified_gmt":"2025-12-04T12:32:19","slug":"koszmar-zawodnika-lecha-to-moze-byc-powazna-kontuzja-kolana","status":"publish","type":"post","link":"https:\/\/www.europesays.com\/pl\/132459\/","title":{"rendered":"Koszmar zawodnika Lecha. To mo\u017ce by\u0107 powa\u017cna kontuzja kolana"},"content":{"rendered":"<p class=\"typography ids-typeset-body ids-typeset-body--preset-large link paragraph ids-paragraph ids-paragraph--default\">W \u015brod\u0119 zawodnicy Lecha Pozna\u0144 walczyli na wyje\u017adzie o awans do \u0107wier\u0107fina\u0142u STS Pucharu Polski. Mistrz Polski mierzy\u0142 si\u0119 z\u00a0Piastem Gliwice, dru\u017cyn\u0105 powoli odradzaj\u0105c\u0105 si\u0119 pod wodz\u0105 nowego trenera <a href=\"https:\/\/sport.interia.pl\/pilka-nozna\/profil-daniel-mysliwiec,sppi,19449\" rel=\"nofollow noopener\" target=\"_blank\">Daniela My\u015bliwca<\/a>. Trener &#8222;Kolejorza&#8221;\u00a0<a href=\"https:\/\/sport.interia.pl\/pilka-nozna\/profil-niels-frederiksen,sppi,1211\" rel=\"nofollow noopener\" target=\"_blank\">Niels Frederiksen<\/a> nie mia\u0142 zamiaru oszcz\u0119dza\u0107 swoich zawodnik\u00f3w i w Gliwicach do boju pos\u0142a\u0142 spor\u0105 cz\u0119\u015b\u0107 swoich najwa\u017cniejszych zawodnik\u00f3w.<\/p>\n<p class=\"typography ids-typeset-body ids-typeset-body--preset-large link paragraph ids-paragraph ids-paragraph--default\">Szybko okaza\u0142o si\u0119, \u017ce potyczka z ostatni\u0105 dru\u017cyn\u0105 w tabeli Ekstraklasy nie b\u0119dzie dla Lecha spacerkiem. Pi\u0142karzom obu dru\u017cyn nie pomaga\u0142 r\u00f3wnie\u017c nienajlepszy stan murawy. Lech wyszed\u0142 na prowadzenie dopiero tu\u017c przed przerw\u0105. Frantiska Placha finezyjnym uderzeniem g\u0142ow\u0105 pokona\u0142 <a href=\"https:\/\/sport.interia.pl\/pilka-nozna\/profil-mikael-ishak,sppi,20157\" rel=\"nofollow noopener\" target=\"_blank\">Mikael Ishak<\/a>. W drugiej po\u0142owie Lech skonstruowa\u0142 jedn\u0105, bardzo \u0142adn\u0105 dla oka akcj\u0119. Ca\u0142o\u015b\u0107 wyko\u0144czy\u0142 wprowadzony z \u0142awki Yannick Agnero. <a href=\"https:\/\/sport.interia.pl\/pilka-nozna\/puchar-polski\/news-triumf-okupiony-stratami-boj-lecha-w-gliwicach-sprawa-awansu,nId,22463536\" target=\"_blank\" rel=\"nofollow noopener\">Lech pokona\u0142 Piasta 2:0 i wzgl\u0119dnie pewnie awansowa\u0142 do \u0107wier\u0107fina\u0142u STS Pucharu Polski<\/a>.<\/p>\n<p>Powa\u017cny problem Lecha. Gro\u017anie wygl\u0105daj\u0105ca kontuzja. Frederiksen nie mia\u0142 w\u0105tpliwo\u015bci<\/p>\n<p class=\"typography ids-typeset-body ids-typeset-body--preset-large link paragraph ids-paragraph ids-paragraph--default\">Lech w trakcie spotkania mia\u0142 sporo problem\u00f3w ze zdrowiem zawodnik\u00f3w. Muraw\u0119 ju\u017c w 24. minucie z powodu urazu opu\u015bci\u0142 <a href=\"https:\/\/sport.interia.pl\/pilka-nozna\/profil-filip-jagiello,sppi,7194\" rel=\"nofollow noopener\" target=\"_blank\">Filip Jagie\u0142\u0142o<\/a>. Co ciekawe, trener mistrza Polski \u015bci\u0105gn\u0105\u0142 z boiska w tym samym momencie Timothy&#8217;ego Oum\u0119. Jak sam przyzna\u0142 po meczu Frederiksen, zrobi\u0142 to z powodu ryzyka czerwonej kartki dla reprezentanta Kenii. Du\u0144czyk mia\u0142 w pami\u0119ci ostatni\u0105 tak\u0105 sytuacj\u0119, gdy Ouma po chwili zarobi\u0142 drugie &#8222;\u017c\u00f3\u0142tko&#8221; i os\u0142abi\u0142 sw\u00f3j zesp\u00f3\u0142.<\/p>\n<p class=\"typography ids-typeset-body ids-typeset-body--preset-large link paragraph ids-paragraph ids-paragraph--default\">Frederiksen by\u0142 przekonany, \u017ce uraz Jagie\u0142\u0142y nie jest powa\u017cny i \u015brodkowy pomocnik nie b\u0119dzie potrzebowa\u0142 d\u0142u\u017cszego rozbratu z futbolem. Zupe\u0142nie inaczej wygl\u0105da sytuacja z Gislim Thordarsonem. Islandczyk w jednej z akcji straci\u0142 r\u00f3wnowag\u0119 na grz\u0105skiej murawie, po czym pad\u0142 jak ra\u017cony piorunem. Powt\u00f3rki telewizyjne jasno wskaza\u0142y nienaturalnie wygi\u0119te kolano. Fizjoterapeuci momentalnie podbiegli do pi\u0142karza i ju\u017c po chwili wskazali na konieczno\u015b\u0107 przeprowadzenia zmiany. Ich miny jasno wskazywa\u0142y, \u017ce sta\u0142o si\u0119 co\u015b powa\u017cnego.<\/p>\n<p class=\"typography ids-typeset-body ids-typeset-body--preset-large link paragraph ids-paragraph ids-paragraph--default\">Trener Frederiksen po zako\u0144czeniu spotkania nie ukrywa\u0142 zaniepokojenia, m\u00f3wi\u0105c o stanie zdrowia Thordarsona. Jednocze\u015bnie wstrzyma\u0142 si\u0119 od ferowania dok\u0142adniejszych wyrok\u00f3w, czekaj\u0105c na dok\u0142adniejsze badania i ostateczn\u0105 diagnoz\u0119. &#8211; Gorzej wygl\u0105da\u0142o to u Gisliego Thordarsona. Wiemy, \u017ce chodzi o kolano, ale na razie trudno okre\u015bli\u0107, ile potrwa pauza. Za 2-3 dni b\u0119dziemy wiedzie\u0107 wi\u0119cej, jak Gisli przejdzie szczeg\u00f3\u0142owe badania &#8211; rzek\u0142 Frederiksen na konferencji prasowej cytowany przez oficjaln\u0105 witryn\u0119 Lecha.<\/p>\n<p class=\"typography ids-typeset-body ids-typeset-body--preset-large link paragraph ids-paragraph ids-paragraph--default\">Du\u0144ski szkoleniowiec wypowiedzia\u0142 si\u0119 r\u00f3wnie\u017c o stanie murawy, okre\u015blaj\u0105c j\u0105 mianem &#8222;bardzo, bardzo, bardzo z\u0142ej&#8221;. Zdecydowanie bardziej kategorycznie o boisku, na kt\u00f3rym pi\u0142karze musieli gra\u0107, wypowiadali si\u0119 kibice i eksperci w mediach spo\u0142eczno\u015bciowych. Niekt\u00f3rzy otwarcie obwiniali Piasta za stan murawy, a co za tym idzie, za kontuzj\u0119 Thordarsona.<\/p>\n<p class=\"typography ids-typeset-body ids-typeset-body--preset-large link paragraph ids-paragraph ids-paragraph--default\">Lech Pozna\u0144 w 2025 roku rozegra jeszcze trzy spotkania. Na zako\u0144czenie zmaga\u0144 ligowych Lecha czeka wypad do Ma\u0142opolski i potyczka z Cracovi\u0105. Po &#8222;meczu przyja\u017ani&#8221; Lecha czekaj\u0105 dwa starcia w Lidze Konferencji. Przeciwnikami b\u0119d\u0105 niemieckie Mainz oraz czeska Sigma O\u0142omuniec.<\/p>\n<p>Roman Ko\u0142to\u0144: Ja nazywam nasz\u0105 ekstraklas\u0119 &#8222;crazy&#8221;. WIDEOPolsat SportPolsat Sport<\/p>\n<p><img decoding=\"async\" class=\"ids-image-holder__img\" loading=\"lazy\" alt=\"Ratownicy medyczni w odblaskowych kamizelkach udzielaj\u0105 pomocy kontuzjowanemu pi\u0142karzowi podczas meczu, przenosz\u0105c go na noszach po boisku stadionu.\" title=\"Mecz z Piastem Gliwice zako\u0144czy\u0142 si\u0119 dla Gisliego Thordarsona bolesn\u0105 kontuzj\u0105\" width=\"3051\" height=\"2038\" src=\"https:\/\/www.europesays.com\/pl\/wp-content\/uploads\/2025\/12\/000M0YQQN4NXPPJK-C322-F4.webp.webp\"\/><\/p>\n<p>Mecz z Piastem Gliwice zako\u0144czy\u0142 si\u0119 dla Gisliego Thordarsona bolesn\u0105 kontuzj\u0105Michal Chwieduk\/Arena AkcjiNewspix.pl<\/p>\n<p><img decoding=\"async\" class=\"ids-image-holder__img\" loading=\"lazy\" alt=\"Grupa pi\u0142karzy w niebieskich strojach dyskutuje z s\u0119dzi\u0105 w \u017c\u00f3\u0142tym stroju podczas meczu pi\u0142karskiego, w tle wida\u0107 t\u0142um kibic\u00f3w na stadionie.\" title=\"Lech Pozna\u0144\" width=\"2000\" height=\"1333\" src=\"https:\/\/www.europesays.com\/pl\/wp-content\/uploads\/2025\/12\/000LFQ1VSSJD80F2-C322-F4.webp.webp\"\/><\/p>\n<p>Lech Pozna\u0144Monika Wanto\u0142aINTERIA.PL<\/p>\n<p><img decoding=\"async\" class=\"ids-image-holder__img\" loading=\"lazy\" alt=\"Starszy m\u0119\u017cczyzna o powa\u017cnym wyrazie twarzy siedzi na stadionowej \u0142awce trenerskiej, ubrany w jasnoniebiesk\u0105 koszul\u0119, w tle widoczne s\u0105 logo klubu pi\u0142karskiego Lech Pozna\u0144 na oparciach foteli.\" title=\"Trener Lecha Pozna\u0144 Niels Frederiksen\" width=\"2000\" height=\"1333\" src=\"https:\/\/www.europesays.com\/pl\/wp-content\/uploads\/2025\/12\/000LJ0RW5ELTB4O3-C322-F4.webp.webp\"\/><\/p>\n<p>Trener Lecha Pozna\u0144 Niels FrederiksenLukasz GdakEast News<\/p>\n<p><a class=\"ids-undecorated-link source ids-page-info--source__link\" href=\"https:\/\/www.interia.pl\" rel=\"nofollow noopener\" target=\"_blank\"><img decoding=\"async\" class=\"ids-image-holder__img\" loading=\"lazy\" alt=\"\" title=\"\" height=\"24px\" src=\"https:\/\/www.europesays.com\/pl\/wp-content\/uploads\/2025\/12\/1764732975_102_0009A60QQ5I2TYF7-C202-F4.webp.webp\"\/><\/a><\/p>\n<p>Masz sugestie, uwagi albo widzisz b\u0142\u0105d? Napisz do nas<\/p>\n","protected":false},"excerpt":{"rendered":"W \u015brod\u0119 zawodnicy Lecha Pozna\u0144 walczyli na wyje\u017adzie o awans do \u0107wier\u0107fina\u0142u STS Pucharu Polski. Mistrz Polski mierzy\u0142&hellip;\n","protected":false},"author":2,"featured_media":132460,"comment_status":"","ping_status":"","sticky":false,"template":"","format":"standard","meta":{"footnotes":""},"categories":[5],"tags":[32,33,36,37,27,34,35,28,31,25,42,38,40,39,41,29,30,26],"class_list":{"0":"post-132459","1":"post","2":"type-post","3":"status-publish","4":"format-standard","5":"has-post-thumbnail","7":"category-naglowki","8":"tag-breaking-news","9":"tag-breakingnews","10":"tag-featured-news","11":"tag-featurednews","12":"tag-headlines","13":"tag-latest-news","14":"tag-latestnews","15":"tag-naglowki","16":"tag-najwazniejsze-artykuly","17":"tag-news","18":"tag-pl","19":"tag-poland","20":"tag-polish","21":"tag-polska","22":"tag-polski","23":"tag-top-stories","24":"tag-topstories","25":"tag-wiadomosci"},"share_on_mastodon":{"url":"https:\/\/pubeurope.com\/@pl\/115661317583543504","error":""},"_links":{"self":[{"href":"https:\/\/www.europesays.com\/pl\/wp-json\/wp\/v2\/posts\/132459","targetHints":{"allow":["GET"]}}],"collection":[{"href":"https:\/\/www.europesays.com\/pl\/wp-json\/wp\/v2\/posts"}],"about":[{"href":"https:\/\/www.europesays.com\/pl\/wp-json\/wp\/v2\/types\/post"}],"author":[{"embeddable":true,"href":"https:\/\/www.europesays.com\/pl\/wp-json\/wp\/v2\/users\/2"}],"replies":[{"embeddable":true,"href":"https:\/\/www.europesays.com\/pl\/wp-json\/wp\/v2\/comments?post=132459"}],"version-history":[{"count":0,"href":"https:\/\/www.europesays.com\/pl\/wp-json\/wp\/v2\/posts\/132459\/revisions"}],"wp:featuredmedia":[{"embeddable":true,"href":"https:\/\/www.europesays.com\/pl\/wp-json\/wp\/v2\/media\/132460"}],"wp:attachment":[{"href":"https:\/\/www.europesays.com\/pl\/wp-json\/wp\/v2\/media?parent=132459"}],"wp:term":[{"taxonomy":"category","embeddable":true,"href":"https:\/\/www.europesays.com\/pl\/wp-json\/wp\/v2\/categories?post=132459"},{"taxonomy":"post_tag","embeddable":true,"href":"https:\/\/www.europesays.com\/pl\/wp-json\/wp\/v2\/tags?post=132459"}],"curies":[{"name":"wp","href":"https:\/\/api.w.org\/{rel}","templated":true}]}}