{"id":132470,"date":"2025-12-04T12:38:08","date_gmt":"2025-12-04T12:38:08","guid":{"rendered":"https:\/\/www.europesays.com\/pl\/132470\/"},"modified":"2025-12-04T12:38:08","modified_gmt":"2025-12-04T12:38:08","slug":"tragiczny-final-ucieczki-z-wiezienia-osadzony-nie-zyje-wp-wiadomosci","status":"publish","type":"post","link":"https:\/\/www.europesays.com\/pl\/132470\/","title":{"rendered":"Tragiczny fina\u0142 ucieczki z wi\u0119zienia. Osadzony nie \u017cyje &#8211; WP Wiadomo\u015bci"},"content":{"rendered":"<ol>\n<li><a href=\"https:\/\/news.google.com\/rss\/articles\/CBMingFBVV95cUxOQmdWOWpiTUtWUmNBRWgtUzRCV1ZIaWJ0Nm1qa2NVS3lyQ25wWklZS3NsSkFNZ3lUb2dObDBzSk5hRXRRbjJoU0JzQmZVRXRsLVJpX29SS29kY1Rsa1NVRk5tMDFuWXp6X3h4bGZoNk96WjBJMUx4Smp6MlVpek5oX3hlSDdqWllKcEZnMkpJcVZoQWFyOVRBaWprb2oyZw?oc=5\" target=\"_blank\" rel=\"nofollow noopener\">Tragiczny fina\u0142 ucieczki z wi\u0119zienia. Osadzony nie \u017cyje<\/a>&nbsp;&nbsp;WP Wiadomo\u015bci<\/li>\n<li><a href=\"https:\/\/news.google.com\/rss\/articles\/CBMisgFBVV95cUxQVWNNcjg2ZnNWdkRkWjlYZEloNEdqUkZPekZUczNya2tkUS1HR19FdWZBVXlLcFdEWHEtaF9UWHI4QWZhLVFZTVdmaG52RjBXSkpXVVFLR0RWZmI3dGpVUzlsOGhIZTFUUkR2UnRhcmREVTBnTWg4OXBCc2VHbERrLUtaUnlPVEhiVkpXVUkxMGVWbjlSN05aSHlBNVlVZ21yQ0N1VGMzUEMwVm1rVGgxY1Nn?oc=5\" target=\"_blank\" rel=\"nofollow noopener\">Pr\u00f3bowa\u0142 uciec z aresztu w Zielonej G\u00f3rze. M\u0119\u017cczyzna zmar\u0142 w szpitalu<\/a>&nbsp;&nbsp;Onet Wiadomo\u015bci<\/li>\n<li><a href=\"https:\/\/news.google.com\/rss\/articles\/CBMiqgFBVV95cUxQNHNkQVFCTFlMQk1oaGNKa0lLM1BTQ3VUTHZWRS1pV3lpTzRTb3RlWjREaVBKXzBHaE5jMzdsSzN2VE9heHdycHJ6bWtQdVBtTFAwMFdvNF9SMUFjTWNKUlhqZ0ZsNU5rRDV1TGZHZTFZeFA3TzUyQ0xVc3VXN1JCekJPMVlfSzZlUzdxTWFCTk43ZUdkUUJlVlR3OUlMZ0t2emtUME1LdnRUUQ?oc=5\" target=\"_blank\" rel=\"nofollow noopener\">Ucieczka z aresztu zako\u0144czona wypadkiem. Osadzony w stanie krytycznym<\/a>&nbsp;&nbsp;RMF24<\/li>\n<li><a href=\"https:\/\/news.google.com\/rss\/articles\/CBMivAFBVV95cUxNbUFndUkxSWhaaGtZX1JfZkJaNEhUQVFSLVFGYk5tV1ZuZlo1M3Q4VUVIRlJjTjVJODVjc0lTT1lGelNGNWZDWDh2cXgxVXFwaVVLRkttenZ3ektEZG9Mb2pRSVRQcVpBb3dXeW9sSUtiZDhQOUY1OXpUUGkyRFdudllYWkRPOG9YU0tlUnctcUhTamd0eTI0VUdYenhSNHZ3SVBpT3BfZEE1YnNQbjk2QVZINllFdWVkQ3pxMg?oc=5\" target=\"_blank\" rel=\"nofollow noopener\">Ucieczka z aresztu sko\u0144czy\u0142a si\u0119 w szpitalu. Pechowiec spad\u0142, bo p\u0119k\u0142a lina<\/a>&nbsp;&nbsp;TVP Info<\/li>\n<li><a href=\"https:\/\/news.google.com\/rss\/articles\/CBMirAFBVV95cUxOYkx3N21oN3ZsNENKWGhJZFhUM3ZyQUpMS3N6cDJpc0pVa0ZXb0J4bnpycHBCOHdpcE80cHFqajZkclF6bHA3c1lpQjFZV1BfQmJMZmh1QVRDcF9GTkVlUUlvT1JEN1VzbDhkYzc0cnZMdUlhX19LWXdEeV9VM3dXZnVJdHFoN0lBTlcwTjdtQkNiNFI2eWtyN2xBTmY2REFLSjIyZXJHSVoxYXFU?oc=5\" target=\"_blank\" rel=\"nofollow noopener\">Zielona G\u00f3ra. Nie \u017cyje m\u0119\u017cczyzna, kt\u00f3ry pr\u00f3bowa\u0142 uciec z aresztu \u015bledczego<\/a>&nbsp;&nbsp;TVN24<\/li>\n<\/ol>\n","protected":false},"excerpt":{"rendered":"Tragiczny fina\u0142 ucieczki z wi\u0119zienia. Osadzony nie \u017cyje&nbsp;&nbsp;WP Wiadomo\u015bci Pr\u00f3bowa\u0142 uciec z aresztu w Zielonej G\u00f3rze. M\u0119\u017cczyzna zmar\u0142&hellip;\n","protected":false},"author":2,"featured_media":132471,"comment_status":"","ping_status":"","sticky":false,"template":"","format":"standard","meta":{"footnotes":""},"categories":[12],"tags":[32,33,36,37,27,34,35,28,31,25,42,38,40,39,41,29,30,26],"class_list":{"0":"post-132470","1":"post","2":"type-post","3":"status-publish","4":"format-standard","5":"has-post-thumbnail","7":"category-polska","8":"tag-breaking-news","9":"tag-breakingnews","10":"tag-featured-news","11":"tag-featurednews","12":"tag-headlines","13":"tag-latest-news","14":"tag-latestnews","15":"tag-naglowki","16":"tag-najwazniejsze-artykuly","17":"tag-news","18":"tag-pl","19":"tag-poland","20":"tag-polish","21":"tag-polska","22":"tag-polski","23":"tag-top-stories","24":"tag-topstories","25":"tag-wiadomosci"},"share_on_mastodon":{"url":"https:\/\/pubeurope.com\/@pl\/115661341054734233","error":""},"_links":{"self":[{"href":"https:\/\/www.europesays.com\/pl\/wp-json\/wp\/v2\/posts\/132470","targetHints":{"allow":["GET"]}}],"collection":[{"href":"https:\/\/www.europesays.com\/pl\/wp-json\/wp\/v2\/posts"}],"about":[{"href":"https:\/\/www.europesays.com\/pl\/wp-json\/wp\/v2\/types\/post"}],"author":[{"embeddable":true,"href":"https:\/\/www.europesays.com\/pl\/wp-json\/wp\/v2\/users\/2"}],"replies":[{"embeddable":true,"href":"https:\/\/www.europesays.com\/pl\/wp-json\/wp\/v2\/comments?post=132470"}],"version-history":[{"count":0,"href":"https:\/\/www.europesays.com\/pl\/wp-json\/wp\/v2\/posts\/132470\/revisions"}],"wp:featuredmedia":[{"embeddable":true,"href":"https:\/\/www.europesays.com\/pl\/wp-json\/wp\/v2\/media\/132471"}],"wp:attachment":[{"href":"https:\/\/www.europesays.com\/pl\/wp-json\/wp\/v2\/media?parent=132470"}],"wp:term":[{"taxonomy":"category","embeddable":true,"href":"https:\/\/www.europesays.com\/pl\/wp-json\/wp\/v2\/categories?post=132470"},{"taxonomy":"post_tag","embeddable":true,"href":"https:\/\/www.europesays.com\/pl\/wp-json\/wp\/v2\/tags?post=132470"}],"curies":[{"name":"wp","href":"https:\/\/api.w.org\/{rel}","templated":true}]}}