{"id":132658,"date":"2025-12-04T14:25:07","date_gmt":"2025-12-04T14:25:07","guid":{"rendered":"https:\/\/www.europesays.com\/pl\/132658\/"},"modified":"2025-12-04T14:25:07","modified_gmt":"2025-12-04T14:25:07","slug":"wycofuje-sie-z-kupna-polskiego-klubu-nerwowe-wpisy-prezydenta","status":"publish","type":"post","link":"https:\/\/www.europesays.com\/pl\/132658\/","title":{"rendered":"Wycofuje si\u0119 z kupna polskiego klubu. &#8222;Nerwowe wpisy prezydenta&#8221;"},"content":{"rendered":"\n<p class=\"contentpart contentpart--default contentpart--text\" data-position=\"0\">By\u0142y reprezentant Polski, <a href=\"https:\/\/sportowefakty.wp.pl\/pilka-nozna\/marek-kozminski\" rel=\"nofollow noopener\" target=\"_blank\">Marek Ko\u017ami\u0144ski<\/a>, zrezygnowa\u0142 z plan\u00f3w zakupu <a href=\"https:\/\/sportowefakty.wp.pl\/pilka-nozna\/zaglebie-sosnowiec\" rel=\"nofollow noopener\" target=\"_blank\">Zag\u0142\u0119bia Sosnowiec<\/a>. Swoj\u0105 decyzj\u0119, dotycz\u0105c\u0105 klubu zajmuj\u0105cego obecnie 13. miejsce w <a href=\"https:\/\/sportowefakty.wp.pl\/pilka-nozna\/betclic-ii-liga\" rel=\"nofollow noopener\" target=\"_blank\">Betclic II lidze<\/a>, og\u0142osi\u0142 w czwartek, 4 grudnia, na portalu X.<\/p>\n<p class=\"contentpart contentpart--default contentpart--text\" data-position=\"1\">Ko\u017ami\u0144ski, znany z wyst\u0119p\u00f3w m.in. w <a href=\"https:\/\/sportowefakty.wp.pl\/pilka-nozna\/paok-saloniki\" rel=\"nofollow noopener\" target=\"_blank\">PAOK Saloniki<\/a>\u00a0czy <a href=\"https:\/\/sportowefakty.wp.pl\/pilka-nozna\/udinese-calcio\" rel=\"nofollow noopener\" target=\"_blank\">Udinese Calcio<\/a>, argumentowa\u0142 swoj\u0105 rezygnacj\u0119, wskazuj\u0105c na aktywno\u015b\u0107 w mediach spo\u0142eczno\u015bciowych prezydenta Sosnowca,\u00a0Arkadiusza Ch\u0119ci\u0144skiego,\u00a0po niedawnej pora\u017cce Zag\u0142\u0119bia z Resovi\u0105 (0:3 &#8211; <a href=\"https:\/\/sportowefakty.wp.pl\/pilka-nozna\/1222222\/jaka-runda-taki-ostatni-mecz-kleska-zaglebia-sosnowiec\" rel=\"nofollow noopener\" target=\"blank\">WI\u0118CEJ TUTAJ<\/a>).<\/p>\n<p> <img role=\"presentation\" src=\"https:\/\/std.wpcdn.pl\/images\/adv\/placeholder_wp.svg\" loading=\"lazy\" alt=\"\" decoding=\"async\"\/>  <\/p>\n<p class=\"contentpart contentpart--default contentpart--text\" data-position=\"2\">ZOBACZ WIDEO: &#8222;Spr\u00f3bujcie go powstrzyma\u0107&#8221;. Z pi\u0142k\u0105 wyczynia cuda<\/p>\n<p class=\"contentpart contentpart--default contentpart--text\" data-position=\"4\">Jak podkre\u015bli\u0142, &#8222;nerwowe wpisy Prezydenta&#8221; by\u0142y dla niego sygna\u0142em do przemy\u015blenia swojego zaanga\u017cowania.<\/p>\n<p class=\"contentpart contentpart--default contentpart--text\" data-position=\"5\">&#8222;Od feralnego dla Zag\u0142\u0119bia Sosnowiec pi\u0105tku, kiedy to dosz\u0142o do kompletnej kompromitacji w meczu z Resovi\u0105, \u015bledzi\u0142em aktywno\u015b\u0107 Pana Prezydenta w mediach spo\u0142eczno\u015bciowych i d\u0142ugo zastanawia\u0142em si\u0119 nad decyzj\u0105 w sprawie mojego zaanga\u017cowania w ten klub. Nerwowe wpisy Prezydenta nie s\u0105 dla mnie zaskoczeniem w sytuacji, w jakiej klub si\u0119 znajduje i nie odbieram osobi\u015bcie wpis\u00f3w zamieszczanych pod wp\u0142ywem emocji. Podj\u0105\u0142em decyzj\u0119 o wycofaniu si\u0119 ze stara\u0144 o nabycie pakietu kontrolnego w Zag\u0142\u0119biu Sosnowiec&#8221; &#8211; doda\u0142 54-letni Ko\u017ami\u0144ski.<\/p>\n<p class=\"contentpart contentpart--default contentpart--text\" data-position=\"6\">W swoim o\u015bwiadczeniu Ko\u017ami\u0144ski wyrazi\u0142 nadziej\u0119, \u017ce je\u015bli prezydent uwa\u017ca, i\u017c klub b\u0119dzie lepiej zarz\u0105dzany pod jego kierownictwem, a sukcesy s\u0105 mo\u017cliwe bez proponowanej przez niego rewolucji, to powinien kontynuowa\u0107 zarz\u0105dzanie.<\/p>\n<p> <img role=\"presentation\" src=\"https:\/\/std.wpcdn.pl\/images\/adv\/placeholder_wp.svg\" loading=\"lazy\" alt=\"\" decoding=\"async\"\/>  <\/p>\n<p class=\"contentpart contentpart--default contentpart--text\" data-position=\"7\">&#8222;Pi\u0142ka jest uzale\u017cniaj\u0105ca i to dotykaj\u0105ce r\u00f3wnie\u017c mnie uzale\u017cnienie, w zaawansowanym stadium obserwuj\u0119 u Pana Prezydenta. Powodzenia. Prosz\u0119 jednak przy podejmowaniu decyzji nie zapomina\u0107 o kibicach, kt\u00f3rym nale\u017cy si\u0119 Zag\u0142\u0119bie w Ekstraklasie, a nie eksperymenty na Zag\u0142\u0119biu&#8221; &#8211; podsumowa\u0142 45-krotny reprezentant Polski w latach 1992-2002.<\/p>\n<p class=\"contentpart contentpart--default contentpart--text\" data-position=\"8\">W odpowiedzi na te s\u0142owa, prezydent Ch\u0119ci\u0144ski zamie\u015bci\u0142 wpis na X: &#8222;\u017bycie polega na podejmowaniu decyzji, dobrych, zdarza si\u0119, \u017ce r\u00f3wnie\u017c z\u0142ych, ale trzeba mie\u0107 odwag\u0119 je komunikowa\u0107, nie szukaj\u0105c winy wsz\u0119dzie, ale nie u siebie. B\u0119d\u0119 chcia\u0142 jak najszybciej (mam nadziej\u0119 jutro) pokaza\u0107 ca\u0142\u0105 prawd\u0119. Raczej b\u0119d\u0105 zaskoczenia&#8221;.<\/p>\n<p class=\"contentpart contentpart--default contentpart--text\" data-position=\"9\">Kilka dni wcze\u015bniej, po fatalnej pora\u017cce Zag\u0142\u0119bia z Resovi\u0105, w\u0142odarz Sosnowca nie kry\u0142 swojego oburzenia i frustracji.<\/p>\n<p class=\"contentpart contentpart--default contentpart--text\" data-position=\"10\">&#8222;To, co wydarzy\u0142o si\u0119 w Rzeszowie, by\u0142o kompromitacj\u0105. Wstydem, kt\u00f3ry zdarza si\u0119 po raz kolejny. Barwy Zag\u0142\u0119bia Sosnowiec to nie dekoracja na koszulkach, tylko zobowi\u0105zanie. Do walki, charakteru i szacunku dla historii, kt\u00f3r\u0105 budowali pokolenia kibic\u00f3w i pi\u0142karzy. Ale niech nikt, absolutnie nikt, niech nie my\u015bli, \u017ce pod wp\u0142ywem presji odpu\u015bcimy i oddamy klub w niepowo\u0142ane r\u0119ce. Zag\u0142\u0119bie to klub regionu, to\u017csamo\u015bci, dumy. To jeden z filar\u00f3w tego miasta. Zas\u0142ugujecie na walk\u0119 o klub i decyzje podejmowane z podniesion\u0105 g\u0142ow\u0105. I dok\u0142adnie to ode mnie dostaniecie&#8221; &#8211; zadeklarowa\u0142 na Facebooku.<\/p>\n","protected":false},"excerpt":{"rendered":"By\u0142y reprezentant Polski, Marek Ko\u017ami\u0144ski, zrezygnowa\u0142 z plan\u00f3w zakupu Zag\u0142\u0119bia Sosnowiec. Swoj\u0105 decyzj\u0119, dotycz\u0105c\u0105 klubu zajmuj\u0105cego obecnie 13.&hellip;\n","protected":false},"author":2,"featured_media":132659,"comment_status":"","ping_status":"","sticky":false,"template":"","format":"standard","meta":{"footnotes":""},"categories":[24],"tags":[464,14200,269,42,38,40,39,41,3831,6829,127,126,14201],"class_list":{"0":"post-132658","1":"post","2":"type-post","3":"status-publish","4":"format-standard","5":"has-post-thumbnail","7":"category-sport","8":"tag-betclic-ii-liga","9":"tag-marek-kozminski","10":"tag-pilka-nozna","11":"tag-pl","12":"tag-poland","13":"tag-polish","14":"tag-polska","15":"tag-polski","16":"tag-pozostale-rozgrywki","17":"tag-sosnowiec","18":"tag-sport","19":"tag-sports","20":"tag-zaglebie-sosnowiec"},"share_on_mastodon":{"url":"","error":""},"_links":{"self":[{"href":"https:\/\/www.europesays.com\/pl\/wp-json\/wp\/v2\/posts\/132658","targetHints":{"allow":["GET"]}}],"collection":[{"href":"https:\/\/www.europesays.com\/pl\/wp-json\/wp\/v2\/posts"}],"about":[{"href":"https:\/\/www.europesays.com\/pl\/wp-json\/wp\/v2\/types\/post"}],"author":[{"embeddable":true,"href":"https:\/\/www.europesays.com\/pl\/wp-json\/wp\/v2\/users\/2"}],"replies":[{"embeddable":true,"href":"https:\/\/www.europesays.com\/pl\/wp-json\/wp\/v2\/comments?post=132658"}],"version-history":[{"count":0,"href":"https:\/\/www.europesays.com\/pl\/wp-json\/wp\/v2\/posts\/132658\/revisions"}],"wp:featuredmedia":[{"embeddable":true,"href":"https:\/\/www.europesays.com\/pl\/wp-json\/wp\/v2\/media\/132659"}],"wp:attachment":[{"href":"https:\/\/www.europesays.com\/pl\/wp-json\/wp\/v2\/media?parent=132658"}],"wp:term":[{"taxonomy":"category","embeddable":true,"href":"https:\/\/www.europesays.com\/pl\/wp-json\/wp\/v2\/categories?post=132658"},{"taxonomy":"post_tag","embeddable":true,"href":"https:\/\/www.europesays.com\/pl\/wp-json\/wp\/v2\/tags?post=132658"}],"curies":[{"name":"wp","href":"https:\/\/api.w.org\/{rel}","templated":true}]}}