{"id":132668,"date":"2025-12-04T14:30:24","date_gmt":"2025-12-04T14:30:24","guid":{"rendered":"https:\/\/www.europesays.com\/pl\/132668\/"},"modified":"2025-12-04T14:30:24","modified_gmt":"2025-12-04T14:30:24","slug":"goraco-w-sadzie-najwyzszym-przyjeto-kontrowersyjna-uchwale-onet","status":"publish","type":"post","link":"https:\/\/www.europesays.com\/pl\/132668\/","title":{"rendered":"Gor\u0105co w S\u0105dzie Najwy\u017cszym. Przyj\u0119to kontrowersyjn\u0105 uchwa\u0142\u0119 &#8211; Onet"},"content":{"rendered":"<ol>\n<li><a href=\"https:\/\/news.google.com\/rss\/articles\/CBMivgFBVV95cUxOVGlwZDNObXR1VGY4bVJxXzY3MmNFZG95QzhQb1lnQVpwU2Z2QzJDOFVRR1FkZTZSMDdIQ0FPUGNLNDF5X3lHVHhyLWlITlJDMEFka3JhYTczU21UT3pSN282TlpGT1R4Y1gyeGxyQUZDdExFM2s2UExmZ1ZLRXQyYVN4bklNRmliNERhMDFNTnV1a21PaHBXZko0OVduUjFkQ05PbW1wTUFkNDdEdFR3dGZUUU1lelhkNmEwTmtR?oc=5\" target=\"_blank\" rel=\"nofollow noopener\">Gor\u0105co w S\u0105dzie Najwy\u017cszym. Przyj\u0119to kontrowersyjn\u0105 uchwa\u0142\u0119<\/a>&nbsp;&nbsp;Onet<\/li>\n<li><a href=\"https:\/\/news.google.com\/rss\/articles\/CBMitwFBVV95cUxPOEprUlBPbWg5Q0c1cDU2TUFUQ1dXMDlIbW5SOHY1RWhnMjRobldWeUh6M0I2Nk9GUHpNMGZZZjdGUUctX2JmVHV4cHNleTBzbGZIMWRUNm80XzlZV19IQ1FXQ1ltME5QM095dlAyWG4yNHdkZEJ1UXM5ZnVIdVZMSlg1RURVVm1xakdQRndhdkhBa2JGcGItZWxNMmJYQXpLZkJuU2E1V3JuZUFBZUloVGdKUm1DTnM?oc=5\" target=\"_blank\" rel=\"nofollow noopener\">Antyunijna uchwa\u0142a w S\u0105dzie Najwy\u017cszym. &#8222;Zastanawiam si\u0119, czy to \u017cart&#8221;<\/a>&nbsp;&nbsp;Onet Wiadomo\u015bci<\/li>\n<li><a href=\"https:\/\/news.google.com\/rss\/articles\/CBMiqAFBVV95cUxOVGlLc1gxbjRsZnRhVUx6VHJwdXprN3N4TVdmMHg0V2dpUjlRWS1oRklXRUNMUFZSSVBfVjVUbERLRUE1bUc1dDVxTi1rdkdEWlNaTUk5b2V1TGNHWlJtQnBhSDl4SWwtSndZT3p3VFdoQ2tScmFSQ3VXSmdpQXlTQTd0Ql9nUjRBRHpnWVl1ZVROYzg3a2FaZ01VNXZCT01LV1dRbW43bUQ?oc=5\" target=\"_blank\" rel=\"nofollow noopener\">Neos\u0119dziowie podj\u0119li uchwa\u0142\u0119 w swojej sprawie. Ale to 'orzeczenie nieistniej\u0105ce&#8217;. By\u0142y protesty i interwencja policji<\/a>&nbsp;&nbsp;Wyborcza.pl<\/li>\n<li><a href=\"https:\/\/news.google.com\/rss\/articles\/CBMinAFBVV95cUxNSnJmbW9ubi1zeXZSUjduaVM5YkM4ZERVZDBodHNycXppQnhjQ3owQXFPRGxmbS00OEVHeHVXb0Y1YnRNcVAzZFFvOTNCeWtfYlB1c0pXMk1kNEJNVWowVzBublpoeE9VQnR4V0VVN01ZYUdwVVFFMW9wN2ZnbHc0QURRZ3NZS092NDM0R2JVbDFvbkFIdjFRVHZ2T3A?oc=5\" target=\"_blank\" rel=\"nofollow noopener\">Kontrowersyjna uchwa\u0142a w SN. &#8222;To b\u0119dzie kolejny problem&#8221;<\/a>&nbsp;&nbsp;WP Wiadomo\u015bci<\/li>\n<li><a href=\"https:\/\/news.google.com\/rss\/articles\/CBMi1AFBVV95cUxOUHB2RWx2SXpVWm1OeHR6anVFNHIxVFhfd3MyanBSM1NmWTNmSjhiYmFPZV96WDZ5a1lWajFZWU5RbjNDekc2UWpVb3pzam1JMXVxRTc4U3BqUHd2TXJJLXd1SXBFS0FGVlZsSFp3eUN2SUZLLV9oRmNWU0tQd21nQXRvXzJZUVZydEs0UFBESjVLdkNXbGhPZ2pCeHBzVFVTS0tKcnBKVVlEY3hZaTVKTzZqVXNIb2hMWnZZMHFrMnNDR002d29tZWRoSkZUTkVOVTNMTQ?oc=5\" target=\"_blank\" rel=\"nofollow noopener\">Wyroki neos\u0119dzi\u00f3w niepodwa\u017calne? S\u0105d Najwy\u017cszy obali\u0142 zasad\u0119 prawn\u0105 i uderzy\u0142 w europejskie trybuna\u0142y<\/a>&nbsp;&nbsp;Rzeczpospolita<\/li>\n<\/ol>\n","protected":false},"excerpt":{"rendered":"Gor\u0105co w S\u0105dzie Najwy\u017cszym. Przyj\u0119to kontrowersyjn\u0105 uchwa\u0142\u0119&nbsp;&nbsp;Onet Antyunijna uchwa\u0142a w S\u0105dzie Najwy\u017cszym. &#8222;Zastanawiam si\u0119, czy to \u017cart&#8221;&nbsp;&nbsp;Onet Wiadomo\u015bci&hellip;\n","protected":false},"author":2,"featured_media":132669,"comment_status":"","ping_status":"","sticky":false,"template":"","format":"standard","meta":{"footnotes":""},"categories":[12],"tags":[32,33,36,37,27,67,27389,34,35,28,31,1382,53,25,52,68,51,55,42,38,40,39,41,47,1274,29,30,65,50,26],"class_list":{"0":"post-132668","1":"post","2":"type-post","3":"status-publish","4":"format-standard","5":"has-post-thumbnail","7":"category-polska","8":"tag-breaking-news","9":"tag-breakingnews","10":"tag-featured-news","11":"tag-featurednews","12":"tag-headlines","13":"tag-intextvideo_splayer","14":"tag-izba_kontroli_nadzwyczajnej_sadu_najwyzszego","15":"tag-latest-news","16":"tag-latestnews","17":"tag-naglowki","18":"tag-najwazniejsze-artykuly","19":"tag-neosedziowie","20":"tag-new_header","21":"tag-news","22":"tag-onet3","23":"tag-onet3d","24":"tag-onet3d_2i","25":"tag-phx","26":"tag-pl","27":"tag-poland","28":"tag-polish","29":"tag-polska","30":"tag-polski","31":"tag-screening_general","32":"tag-sn_sad_najwyzszy","33":"tag-top-stories","34":"tag-topstories","35":"tag-update_me","36":"tag-v2021","37":"tag-wiadomosci"},"share_on_mastodon":{"url":"https:\/\/pubeurope.com\/@pl\/115661781459828904","error":""},"_links":{"self":[{"href":"https:\/\/www.europesays.com\/pl\/wp-json\/wp\/v2\/posts\/132668","targetHints":{"allow":["GET"]}}],"collection":[{"href":"https:\/\/www.europesays.com\/pl\/wp-json\/wp\/v2\/posts"}],"about":[{"href":"https:\/\/www.europesays.com\/pl\/wp-json\/wp\/v2\/types\/post"}],"author":[{"embeddable":true,"href":"https:\/\/www.europesays.com\/pl\/wp-json\/wp\/v2\/users\/2"}],"replies":[{"embeddable":true,"href":"https:\/\/www.europesays.com\/pl\/wp-json\/wp\/v2\/comments?post=132668"}],"version-history":[{"count":0,"href":"https:\/\/www.europesays.com\/pl\/wp-json\/wp\/v2\/posts\/132668\/revisions"}],"wp:featuredmedia":[{"embeddable":true,"href":"https:\/\/www.europesays.com\/pl\/wp-json\/wp\/v2\/media\/132669"}],"wp:attachment":[{"href":"https:\/\/www.europesays.com\/pl\/wp-json\/wp\/v2\/media?parent=132668"}],"wp:term":[{"taxonomy":"category","embeddable":true,"href":"https:\/\/www.europesays.com\/pl\/wp-json\/wp\/v2\/categories?post=132668"},{"taxonomy":"post_tag","embeddable":true,"href":"https:\/\/www.europesays.com\/pl\/wp-json\/wp\/v2\/tags?post=132668"}],"curies":[{"name":"wp","href":"https:\/\/api.w.org\/{rel}","templated":true}]}}