{"id":132681,"date":"2025-12-04T14:38:13","date_gmt":"2025-12-04T14:38:13","guid":{"rendered":"https:\/\/www.europesays.com\/pl\/132681\/"},"modified":"2025-12-04T14:38:13","modified_gmt":"2025-12-04T14:38:13","slug":"padl-wyrok-w-zwiazku-ze-smiercia-matthew-perryego-lekarz-pojdzie-do-wiezienia","status":"publish","type":"post","link":"https:\/\/www.europesays.com\/pl\/132681\/","title":{"rendered":"Pad\u0142 wyrok w zwi\u0105zku ze \u015bmierci\u0105 Matthew Perry&#8217;ego. Lekarz p\u00f3jdzie do wi\u0119zienia"},"content":{"rendered":"<p class=\"art_paragraph\"><a href=\"https:\/\/www.plotek.pl\/matthew-perry\" class=\"art_link\" rel=\"nofollow noopener\" target=\"_blank\">Matthew Perry<\/a> zmar\u0142 28 pa\u017adziernika 2023 roku w wieku 54 lat. Odnaleziono go w jacuzzi w jego domu w Los Angeles. Wed\u0142ug wynik\u00f3w sekcji zw\u0142ok przyczyn\u0105 \u015bmierci by\u0142o ostre zatrucie ketamin\u0105, a dodatkowo przyczyni\u0142y si\u0119 do niej utoni\u0119cie, choroba wie\u0144cowa oraz obecno\u015b\u0107 buprenorfiny. Teraz pad\u0142 pierwszy wyrok w tej sprawie.\u00a0W \u015brod\u0119, 4 grudnia, federalny s\u0105d w Los Angeles wymierzy\u0142 lekarzowi Salvadorowi Plasencii kar\u0119 30 miesi\u0119cy pozbawienia wolno\u015bci\u00a0za nielegalne dostarczanie ketaminy Matthew Perry\u2019emu. S\u0119dzia Sherilyn Peace Garnett podkre\u015bli\u0142a, \u017ce cho\u0107 m\u0119\u017cczyzna nie przekaza\u0142 dawki, kt\u00f3ra doprowadzi\u0142a do \u015bmierci aktora, to ponosi win\u0119 za podtrzymywanie jego uzale\u017cnienia.<\/p>\n<p>\n    Zobacz wideo Zagadkowa \u015bmier\u0107 Jolanty Brzeskiej. Po 14 latach od tragedii dotarli\u015bmy do akt sprawy\n  <\/p>\n<p> Lekarz us\u0142ysza\u0142 wyrok w sprawie Matthew Perry&#8217;ego. P\u00f3jdzie do wi\u0119zienia<\/p>\n<p class=\"art_paragraph\">S\u0119dzia wydawa\u0142a wyrok w sprawie Salbadora Plasencii. &#8222;Ty i inni pomogli\u015bcie panu Perry\u2019emu na drodze do takiego ko\u0144ca, podsycaj\u0105c jego uzale\u017cnienie od ketaminy. Wykorzystali\u015bcie uzale\u017cnienie pana Perry\u2019ego dla w\u0142asnego zysku&#8221; &#8211; m\u00f3wi\u0142a w s\u0105dzie.\u00a0Matthew Perry wcze\u015bniej korzysta\u0142 z ketaminy zgodnie z prawem w ramach terapii depresji. Gdy jednak jego lekarz odm\u00f3wi\u0142 wypisania kolejnych dawek, zwr\u00f3ci\u0142 si\u0119 do Salvadora Plasencii. Skazany ju\u017c lekarz przyzna\u0142, \u017ce mimo tego, \u017ce wiedzia\u0142 o uzale\u017cnieniu aktora, nadal dostarcza\u0142 mu ketamin\u0119. Ujawniono te\u017c, \u017ce w wiadomo\u015bciach do innego lekarza okre\u015bla\u0142 Perry\u2019ego jako &#8222;idiot\u0119&#8221;, kt\u00f3rego mo\u017cna wykorzysta\u0107 finansowo.<\/p>\n<p class=\"art_paragraph\">Wed\u0142ug Associated Press, w ramach ugody, lekarz przyzna\u0142 si\u0119 do czterech zarzut\u00f3w dotycz\u0105cych dystrybucji ketaminy. W ten spos\u00f3b pi\u0119\u0107 pozosta\u0142ych zosta\u0142o wycofanych. W rezultacie, opr\u00f3cz kary wi\u0119zienia, medyk dobrowolnie zrezygnowa\u0142 z prawa do wykonywania zawodu.<\/p>\n<p> Matthew Perry wspominany przez bliskich. Mocne s\u0142owa<\/p>\n<p class=\"art_paragraph\"><a href=\"https:\/\/www.plotek.pl\/najnowsze-plotki\/7,194210,32186012,ujawnila-co-widziala-w-dniu-smierci-matthew-perry-ego-bylam.html\" class=\"art_link\" rel=\"dofollow noopener\" target=\"_blank\">Po \u015bmierci Matthew Perry&#8217;ego &#8222;Hello!&#8221;\u00a0porozmawia\u0142 z siostr\u0105 aktora, Caitlin oraz\u00a0ojczymem Keithem,<\/a> kt\u00f3rzy powspominali zmar\u0142ego aktora.\u00a0&#8222;Mia\u0142 zdolno\u015b\u0107 wype\u0142niania pokoju \u015bwiat\u0142em. Kiedy ludzie byli z nim w pokoju, to by\u0142a tam ta magnetyczna energia. Wszyscy po prostu mieli u\u015bmiech na twarzy i kurczowo trzymali si\u0119 wszystkiego, co m\u00f3wi\u0142&#8221; &#8211; m\u00f3wi\u0142 ojczym. \u015amier\u0107 by\u0142a ogromnym ciosem.\u00a0&#8222;Ka\u017cdy, kto straci\u0142\u00a0dziecko, powie ci, \u017ce nawet je\u015bli jeste\u015b w jaki\u015b spos\u00f3b przygotowany na tak\u0105 mo\u017cliwo\u015b\u0107, to jest to druzgoc\u0105ce. Postanowili\u015bmy trzyma\u0107 si\u0119 tej determinacji i spr\u00f3bowa\u0107 zrobi\u0107 co\u015b po\u017cytecznego&#8221; &#8211; mogli\u015bmy w\u00f3wczas przeczyta\u0107.<\/p>\n","protected":false},"excerpt":{"rendered":"Matthew Perry zmar\u0142 28 pa\u017adziernika 2023 roku w wieku 54 lat. Odnaleziono go w jacuzzi w jego domu&hellip;\n","protected":false},"author":2,"featured_media":132682,"comment_status":"","ping_status":"","sticky":false,"template":"","format":"standard","meta":{"footnotes":""},"categories":[5],"tags":[32,33,36,37,27,34,35,28,31,25,42,38,40,39,41,29,30,26],"class_list":{"0":"post-132681","1":"post","2":"type-post","3":"status-publish","4":"format-standard","5":"has-post-thumbnail","7":"category-naglowki","8":"tag-breaking-news","9":"tag-breakingnews","10":"tag-featured-news","11":"tag-featurednews","12":"tag-headlines","13":"tag-latest-news","14":"tag-latestnews","15":"tag-naglowki","16":"tag-najwazniejsze-artykuly","17":"tag-news","18":"tag-pl","19":"tag-poland","20":"tag-polish","21":"tag-polska","22":"tag-polski","23":"tag-top-stories","24":"tag-topstories","25":"tag-wiadomosci"},"share_on_mastodon":{"url":"https:\/\/pubeurope.com\/@pl\/115661812771083890","error":""},"_links":{"self":[{"href":"https:\/\/www.europesays.com\/pl\/wp-json\/wp\/v2\/posts\/132681","targetHints":{"allow":["GET"]}}],"collection":[{"href":"https:\/\/www.europesays.com\/pl\/wp-json\/wp\/v2\/posts"}],"about":[{"href":"https:\/\/www.europesays.com\/pl\/wp-json\/wp\/v2\/types\/post"}],"author":[{"embeddable":true,"href":"https:\/\/www.europesays.com\/pl\/wp-json\/wp\/v2\/users\/2"}],"replies":[{"embeddable":true,"href":"https:\/\/www.europesays.com\/pl\/wp-json\/wp\/v2\/comments?post=132681"}],"version-history":[{"count":0,"href":"https:\/\/www.europesays.com\/pl\/wp-json\/wp\/v2\/posts\/132681\/revisions"}],"wp:featuredmedia":[{"embeddable":true,"href":"https:\/\/www.europesays.com\/pl\/wp-json\/wp\/v2\/media\/132682"}],"wp:attachment":[{"href":"https:\/\/www.europesays.com\/pl\/wp-json\/wp\/v2\/media?parent=132681"}],"wp:term":[{"taxonomy":"category","embeddable":true,"href":"https:\/\/www.europesays.com\/pl\/wp-json\/wp\/v2\/categories?post=132681"},{"taxonomy":"post_tag","embeddable":true,"href":"https:\/\/www.europesays.com\/pl\/wp-json\/wp\/v2\/tags?post=132681"}],"curies":[{"name":"wp","href":"https:\/\/api.w.org\/{rel}","templated":true}]}}