{"id":132703,"date":"2025-12-04T14:51:09","date_gmt":"2025-12-04T14:51:09","guid":{"rendered":"https:\/\/www.europesays.com\/pl\/132703\/"},"modified":"2025-12-04T14:51:09","modified_gmt":"2025-12-04T14:51:09","slug":"zbigniew-ziobro-opuscil-wegry-zabral-glos-z-brukseli","status":"publish","type":"post","link":"https:\/\/www.europesays.com\/pl\/132703\/","title":{"rendered":"Zbigniew Ziobro opu\u015bci\u0142 W\u0119gry. Zabra\u0142 g\u0142os z Brukseli"},"content":{"rendered":"<ul class=\"UnorderedList_container__nmfSl\">\n<li class=\"UnorderedList_listElement__Py7xi\" data-id=\"ai-summary-link\">Du\u017co czytania, a ma\u0142o czasu? Sprawd\u017a\u00a0skr\u00f3t\u00a0artyku\u0142u<\/li>\n<\/ul>\n<p class=\"Paragraph_desktopParagraph__U31Gm\">\u2014 Zdecydowa\u0142em si\u0119 przyjecha\u0107 do Brukseli, dlatego, \u017ce rozmawiam z politykami i mediami na tematskali narusze\u0144 prawa w Polsce przez rz\u0105d Donalda Tuska. Jest to temat, kt\u00f3ry sta\u0142 si\u0119 du\u017co bardziej ciekawy, kiedy rz\u0105d zdecydowa\u0142 si\u0119 bezprawnie skierowa\u0107 wobec mnie wniosek o tymczasowe aresztowanie \u2014 powiedzia\u0142 Zbigniew Ziobro.<\/p>\n<p class=\"VideoPlayerText_videoPlayerText__iDwyz\">Dalszy ci\u0105g materia\u0142u pod wideo<\/p>\n<p class=\"Paragraph_desktopParagraph__U31Gm\">\u2014 Gdybym chcia\u0142 odwo\u0142a\u0107 si\u0119 od zarzut\u00f3w, tre\u015bci uzasadnienia, nie mog\u0119 tego zrobi\u0107, bo Prokurator Krajowy si\u0142\u0105 zosta\u0142 usuni\u0119ty i nie mo\u017ce wykonywa\u0107 swoich obowi\u0105zk\u00f3w. Pan Dariusz Korneluk nie jest Prokuratorem Krajowym, wypowiedzia\u0142 si\u0119 na ten temat TK, wypowiedzia\u0142y si\u0119 wczoraj dwie izby S\u0105du Najwy\u017cszego \u2014 powiedzia\u0142 Zbigniew Ziobro.<\/p>\n<ul class=\"OchatFollowUps_wrapper__1ry7X\">\n<li class=\"OchatFollowUps_item__Dhyly OchatFollowUps_itemDesktop__R6aBv\">Dlaczego Zbigniew Ziobro przyjecha\u0142 do Brukseli?<\/li>\n<li class=\"OchatFollowUps_item__Dhyly OchatFollowUps_itemDesktop__R6aBv\">Ile zarzut\u00f3w chce postawi\u0107 prokuratura Ziobrze?<\/li>\n<li class=\"OchatFollowUps_item__Dhyly OchatFollowUps_itemDesktop__R6aBv\">Co z paszportem Zbigniewa Ziobry?<\/li>\n<li class=\"OchatFollowUps_item__Dhyly OchatFollowUps_itemDesktop__R6aBv\">Jakie decyzje podj\u0119\u0142a koalicja rz\u0105dowa w sprawie Ziobry?<\/li>\n<\/ul>\n<p class=\"Paragraph_desktopParagraph__U31Gm\">\u2014 Ta w\u0142adza \u017cadnej \u0142aski mi nie robi, \u017ce chc\u0119 skorzysta\u0107 ze swoich ustawowych i konstytucyjnych uprawnie\u0144. To prawo jest mi odbierane przez akt politycznej zemsty \u2014 stwierdzi\u0142 by\u0142y minister sprawiedliwo\u015bci.<\/p>\n<p class=\"Paragraph_desktopParagraph__U31Gm\">&#8211; Donald Tusk chcia\u0142by na moim przyk\u0142adzie \u2014 poprzez bezprawne zatrzymanie, postawienie zarzut\u00f3w i ustawione rozstrzygni\u0119cie s\u0105du \u2014 pokaza\u0107, \u017ce jest takim samcem alfa polskiej polityce. Macho, kt\u00f3ry zamkn\u0105\u0142 prokuratora generalnego pe\u0142ni\u0105cego urz\u0105d przez 10 lat \u2014 doda\u0142.<\/p>\n<p>Sprawa Zbigniewa Ziobry <\/p>\n<p class=\"Paragraph_desktopParagraph__U31Gm\">Zbigniew Ziobro przebywa\u0142 do tej pory na W\u0119grzech. Prokuratura chce mu postawi\u0107 26 zarzut\u00f3w w zwi\u0105zku z nieprawid\u0142owo\u015bciami dotycz\u0105cymi Funduszu Sprawiedliwo\u015bci. Prokuratura skierowa\u0142a wniosek o tymczasowe aresztowanie polityka. Uniewa\u017cniony zosta\u0142 tak\u017ce jego paszport dyplomatyczny. Szef MSWiA Marcin Kierwi\u0144ski zapowiedzia\u0142 r\u00f3wnie\u017c, \u017ce <a href=\"https:\/\/wiadomosci.onet.pl\/kraj\/szef-mswia-ujawnia-co-dalej-ze-zbigniewem-ziobra-mowi-o-kilkunastu-dniach\/fptb1t5\" id=\"76106b2b-c750-4fc1-bd1d-8af1272bff84\" rel=\"nofollow noopener\" target=\"_blank\">Ziobro w ci\u0105gu kilkunastu dni zostanie pozbawiony prywatnego paszportu.<\/a><\/p>\n<p class=\"Paragraph_desktopParagraph__U31Gm\">Wcze\u015bniej, 7 listopada, <a href=\"https:\/\/wiadomosci.onet.pl\/kraj\/immunitet-zbigniewa-ziobry-tak-glosowaly-poszczegolne-kluby-poselskie\/5z267gs\" id=\"65ef19ad-bec7-4dd3-abcf-c0bedf36105f\" rel=\"nofollow noopener\" target=\"_blank\">Sejm uchyli\u0142 immunitet Ziobrze w odniesieniu do wszystkich 26 zarzut\u00f3w<\/a>, kt\u00f3re chce mu postawi\u0107 Prokuratura Krajowa. Pos\u0142owie wyrazili wtedy tak\u017ce zgod\u0119 na zatrzymanie i tymczasowe aresztowanie by\u0142ego ministra sprawiedliwo\u015bci.<\/p>\n<p class=\"Paragraph_desktopParagraph__U31Gm\">W \u015brod\u0119 3 grudnia <a href=\"https:\/\/wiadomosci.onet.pl\/kraj\/trybunal-stanu-dla-zbigniewa-ziobry-jest-ruch-wlodzimierza-czarzastego\/m9y6dv2\" id=\"4398e971-7379-4b3c-bede-ab304e5ea178\" rel=\"nofollow noopener\" target=\"_blank\">marsza\u0142ek Sejmu W\u0142odzimierz Czarzasty poinformowa\u0142 podczas konferencji, \u017ce koalicja rz\u0105dowa podj\u0119\u0142a decyzj\u0119 o zebraniu podpis\u00f3w pod decyzj\u0105 o przekazanie sprawy Zbigniewa Ziobry do Trybuna\u0142u Stanu.<\/a><\/p>\n<p class=\"Paragraph_desktopParagraph__U31Gm\">Nadal nie zapad\u0142a decyzja w sprawie tymczasowego aresztowania Ziobry. S\u0105d podejmie j\u0105 na rozprawie 22 grudnia. W zwi\u0105zku z tym za politykiem nie zosta\u0142 wystawiony list go\u0144czy ani tym bardziej Europejski Nakaz Aresztowania (ENA).<\/p>\n","protected":false},"excerpt":{"rendered":"Du\u017co czytania, a ma\u0142o czasu? Sprawd\u017a\u00a0skr\u00f3t\u00a0artyku\u0142u \u2014 Zdecydowa\u0142em si\u0119 przyjecha\u0107 do Brukseli, dlatego, \u017ce rozmawiam z politykami i&hellip;\n","protected":false},"author":2,"featured_media":132704,"comment_status":"","ping_status":"","sticky":false,"template":"","format":"standard","meta":{"footnotes":""},"categories":[12],"tags":[32,33,2761,36,37,5024,27,67,34,35,28,31,53,25,52,68,51,55,42,38,40,39,41,47,29,30,65,50,1234,26,4070],"class_list":{"0":"post-132703","1":"post","2":"type-post","3":"status-publish","4":"format-standard","5":"has-post-thumbnail","7":"category-polska","8":"tag-breaking-news","9":"tag-breakingnews","10":"tag-bruksela","11":"tag-featured-news","12":"tag-featurednews","13":"tag-fundusz_sprawiedliwosci_fundusz_panstwowy","14":"tag-headlines","15":"tag-intextvideo_splayer","16":"tag-latest-news","17":"tag-latestnews","18":"tag-naglowki","19":"tag-najwazniejsze-artykuly","20":"tag-new_header","21":"tag-news","22":"tag-onet3","23":"tag-onet3d","24":"tag-onet3d_2i","25":"tag-phx","26":"tag-pl","27":"tag-poland","28":"tag-polish","29":"tag-polska","30":"tag-polski","31":"tag-screening_general","32":"tag-top-stories","33":"tag-topstories","34":"tag-update_me","35":"tag-v2021","36":"tag-wegry_wegier_wegierka_wegrzy","37":"tag-wiadomosci","38":"tag-zbigniew_ziobro_polityk"},"share_on_mastodon":{"url":"https:\/\/pubeurope.com\/@pl\/115661864046271687","error":""},"_links":{"self":[{"href":"https:\/\/www.europesays.com\/pl\/wp-json\/wp\/v2\/posts\/132703","targetHints":{"allow":["GET"]}}],"collection":[{"href":"https:\/\/www.europesays.com\/pl\/wp-json\/wp\/v2\/posts"}],"about":[{"href":"https:\/\/www.europesays.com\/pl\/wp-json\/wp\/v2\/types\/post"}],"author":[{"embeddable":true,"href":"https:\/\/www.europesays.com\/pl\/wp-json\/wp\/v2\/users\/2"}],"replies":[{"embeddable":true,"href":"https:\/\/www.europesays.com\/pl\/wp-json\/wp\/v2\/comments?post=132703"}],"version-history":[{"count":0,"href":"https:\/\/www.europesays.com\/pl\/wp-json\/wp\/v2\/posts\/132703\/revisions"}],"wp:featuredmedia":[{"embeddable":true,"href":"https:\/\/www.europesays.com\/pl\/wp-json\/wp\/v2\/media\/132704"}],"wp:attachment":[{"href":"https:\/\/www.europesays.com\/pl\/wp-json\/wp\/v2\/media?parent=132703"}],"wp:term":[{"taxonomy":"category","embeddable":true,"href":"https:\/\/www.europesays.com\/pl\/wp-json\/wp\/v2\/categories?post=132703"},{"taxonomy":"post_tag","embeddable":true,"href":"https:\/\/www.europesays.com\/pl\/wp-json\/wp\/v2\/tags?post=132703"}],"curies":[{"name":"wp","href":"https:\/\/api.w.org\/{rel}","templated":true}]}}