{"id":132761,"date":"2025-12-04T15:27:07","date_gmt":"2025-12-04T15:27:07","guid":{"rendered":"https:\/\/www.europesays.com\/pl\/132761\/"},"modified":"2025-12-04T15:27:07","modified_gmt":"2025-12-04T15:27:07","slug":"donald-tusk-wnioskuje-o-utajnienie-obrad-sejmu-media-o-tym-bedzie-mowil","status":"publish","type":"post","link":"https:\/\/www.europesays.com\/pl\/132761\/","title":{"rendered":"Donald Tusk wnioskuje o utajnienie obrad Sejmu. Media: o tym b\u0119dzie m\u00f3wi\u0142"},"content":{"rendered":"<p class=\"ods-c-paragraph \">Premier <a href=\"https:\/\/wiadomosci.onet.pl\/kraj\/nadzwyczajny-wniosek-donalda-tuska-do-sejmu-prosi-o-utajnienie-obrad\/t5w9sq9\" id=\"d862059b-3fb6-48e4-b45f-2ab577dc0e2e\" rel=\"nofollow noopener\" target=\"_blank\">Donald Tusk w czwartek poinformowa\u0142 na portalu X, \u017ce zwr\u00f3ci\u0142 si\u0119 do marsza\u0142ka Sejmu W\u0142odzimierza Czarzastego z wnioskiem o utajnienie pierwszego pi\u0105tkowego punktu posiedzenia Sejmu<\/a>. W jego trakcie szef rz\u0105du chce przedstawi\u0107 &#8222;piln\u0105 informacj\u0119 dotycz\u0105c\u0105 bezpiecze\u0144stwa pa\u0144stwa&#8221; \u2014 przekaza\u0142.<\/p>\n<p> Decyzja w sprawie wniosku premiera w czwartek wieczorem<\/p>\n<p class=\"ods-c-paragraph \">Marsza\u0142ek W\u0142odzimierz Czarzasty w rozmowie z Polsk\u0105 Agencj\u0105 Prasow\u0105 przekaza\u0142, \u017ce wniosek ten wp\u0142yn\u0105\u0142 ju\u017c do Sejmu. Jak poinformowa\u0142, kwestie zwi\u0105zane z wnioskiem premiera zostan\u0105 om\u00f3wione w czasie czwartkowego posiedzenia Prezydium Sejmu, kt\u00f3re zbierze si\u0119 o godz. 18.<\/p>\n<p>Dalszy ci\u0105g artyku\u0142u pod materia\u0142em wideo<\/p>\n<p> Jakie informacje ma przedstawi\u0107 Donald Tusk na posiedzeniu Sejmu? <\/p>\n<p> Kiedy zapadnie decyzja w sprawie wniosku premiera? <\/p>\n<p> Co zawiera nieoficjalna informacja dotycz\u0105ca wyst\u0105pienia Tuska? <\/p>\n<p> Jak zareagowa\u0142 W\u0142adys\u0142aw Kosiniak-Kamysz na wniosek premiera? <\/p>\n<p class=\"ods-c-paragraph \">Z nieoficjalnych ustale\u0144 TVN 24 wynika, \u017ce premier chce przedstawi\u0107 informacj\u0119 dotycz\u0105c\u0105 sprawy kryptowalut oraz pojawiaj\u0105cego si\u0119 rosyjskiego \u015bladu.<\/p>\n<p class=\"ods-c-paragraph \">Warto przypomnie\u0107, \u017ce <a href=\"https:\/\/wiadomosci.onet.pl\/kraj\/karol-nawrocki-wetuje-kolejna-ustawe-zagrozenie-dla-wolnosci-polakow\/8e1g73d\" id=\"a91acf6b-c6dd-4abb-ae54-841d3e16d208\" rel=\"nofollow noopener\" target=\"_blank\">1 grudnia prezydent Karol Nawrocki zdecydowa\u0142 si\u0119 zawetowa\u0107 ustaw\u0119 o rynku kryptoaktyw\u00f3w<\/a>. Krok ten spotka\u0142 si\u0119 z krytyk\u0105 premiera, kt\u00f3ry w mediach spo\u0142eczno\u015bciowych napisa\u0142: &#8222;Powiedzie\u0107, \u017ce weto prezydenta w sprawie kryptowalut jest dwuznaczne, to nic nie powiedzie\u0107. W tle wielkie pieni\u0105dze, afery i \u015bledztwa, tajemnicze zagini\u0119cie&#8221;.<\/p>\n<p class=\"ods-c-paragraph \">O wniosek Donalda Tuska w czwartek by\u0142 pytany r\u00f3wnie\u017c szef MON W\u0142adys\u0142aw Kosiniak-Kamysz. <a href=\"https:\/\/wiadomosci.onet.pl\/kraj\/kosiniak-kamysz-uspokaja-po-zapowiedzi-tuska-nie-nalezy-sie-obawiac\/pv43zjf\" id=\"4d0dd3ba-143c-44d5-9397-f85422b12669\" rel=\"nofollow noopener\" target=\"_blank\">Wicepremier uspokoi\u0142, \u017ce jego zdaniem &#8222;kwestia nie jest zwi\u0105zana z sytuacj\u0105 militarn\u0105&#8221;<\/a>. Jak jednak zaznaczy\u0142, informacja b\u0119dzie dotyczy\u0142a &#8222;bezpiecze\u0144stwa w spos\u00f3b bardzo praktyczny&#8221;. Zastrzeg\u0142 te\u017c, \u017ce zostawia to premierowi, &#8222;bo to jest jego informacja, kt\u00f3rej b\u0119dzie udziela\u0142&#8221;.<\/p>\n","protected":false},"excerpt":{"rendered":"Premier Donald Tusk w czwartek poinformowa\u0142 na portalu X, \u017ce zwr\u00f3ci\u0142 si\u0119 do marsza\u0142ka Sejmu W\u0142odzimierza Czarzastego z&hellip;\n","protected":false},"author":2,"featured_media":132762,"comment_status":"","ping_status":"","sticky":false,"template":"","format":"standard","meta":{"footnotes":""},"categories":[12],"tags":[32,33,212,36,37,27,49,34,35,28,31,48,25,46,42,38,40,39,41,47,5485,29,30,26],"class_list":{"0":"post-132761","1":"post","2":"type-post","3":"status-publish","4":"format-standard","5":"has-post-thumbnail","7":"category-polska","8":"tag-breaking-news","9":"tag-breakingnews","10":"tag-donald_tusk","11":"tag-featured-news","12":"tag-featurednews","13":"tag-headlines","14":"tag-kraj","15":"tag-latest-news","16":"tag-latestnews","17":"tag-naglowki","18":"tag-najwazniejsze-artykuly","19":"tag-nat_styl","20":"tag-news","21":"tag-omp","22":"tag-pl","23":"tag-poland","24":"tag-polish","25":"tag-polska","26":"tag-polski","27":"tag-screening_general","28":"tag-sejm_rp","29":"tag-top-stories","30":"tag-topstories","31":"tag-wiadomosci"},"share_on_mastodon":{"url":"https:\/\/pubeurope.com\/@pl\/115662005643673339","error":""},"_links":{"self":[{"href":"https:\/\/www.europesays.com\/pl\/wp-json\/wp\/v2\/posts\/132761","targetHints":{"allow":["GET"]}}],"collection":[{"href":"https:\/\/www.europesays.com\/pl\/wp-json\/wp\/v2\/posts"}],"about":[{"href":"https:\/\/www.europesays.com\/pl\/wp-json\/wp\/v2\/types\/post"}],"author":[{"embeddable":true,"href":"https:\/\/www.europesays.com\/pl\/wp-json\/wp\/v2\/users\/2"}],"replies":[{"embeddable":true,"href":"https:\/\/www.europesays.com\/pl\/wp-json\/wp\/v2\/comments?post=132761"}],"version-history":[{"count":0,"href":"https:\/\/www.europesays.com\/pl\/wp-json\/wp\/v2\/posts\/132761\/revisions"}],"wp:featuredmedia":[{"embeddable":true,"href":"https:\/\/www.europesays.com\/pl\/wp-json\/wp\/v2\/media\/132762"}],"wp:attachment":[{"href":"https:\/\/www.europesays.com\/pl\/wp-json\/wp\/v2\/media?parent=132761"}],"wp:term":[{"taxonomy":"category","embeddable":true,"href":"https:\/\/www.europesays.com\/pl\/wp-json\/wp\/v2\/categories?post=132761"},{"taxonomy":"post_tag","embeddable":true,"href":"https:\/\/www.europesays.com\/pl\/wp-json\/wp\/v2\/tags?post=132761"}],"curies":[{"name":"wp","href":"https:\/\/api.w.org\/{rel}","templated":true}]}}