{"id":132790,"date":"2025-12-04T15:43:08","date_gmt":"2025-12-04T15:43:08","guid":{"rendered":"https:\/\/www.europesays.com\/pl\/132790\/"},"modified":"2025-12-04T15:43:08","modified_gmt":"2025-12-04T15:43:08","slug":"kolejne-problemy-unii-tarnow-wiceprezydent-miasta-mowi-o-tym-wprost","status":"publish","type":"post","link":"https:\/\/www.europesays.com\/pl\/132790\/","title":{"rendered":"Kolejne problemy Unii Tarn\u00f3w. Wiceprezydent miasta m\u00f3wi o tym wprost"},"content":{"rendered":"\n<p class=\"contentpart contentpart--default contentpart--text\" data-position=\"0\">Osiem zespo\u0142\u00f3w ma przyst\u0105pi\u0107 do <a href=\"https:\/\/sportowefakty.wp.pl\/zuzel\/polska-2-liga-zuzlowa\" rel=\"nofollow noopener\" target=\"_blank\">Krajowej Ligi \u017bu\u017clowej<\/a>\u00a0w sezonie 2026. Siedem z nich pochwali\u0142o si\u0119 ju\u017c nawet sk\u0142adami &#8211; a Speedway Krak\u00f3w ma to uczyni\u0107 na dniach. Wci\u0105\u017c jednak nie wiadomo czy w lidze pojedzie <a href=\"https:\/\/sportowefakty.wp.pl\/zuzel\/unia-tarnow\" rel=\"nofollow noopener\" target=\"_blank\">Unia Tarn\u00f3w<\/a>, bowiem cho\u0107 kadra jest skompletowana, to nad klubem zn\u00f3w zbieraj\u0105 si\u0119 ciemne chmury.<\/p>\n<p class=\"contentpart contentpart--default contentpart--text\" data-position=\"1\">Wiceprezydent Tarnowa &#8211; Agnieszka Kawa w rozmowie z Radiem Krak\u00f3w przekaza\u0142a, \u017ce o\u015brodek \u017cu\u017clowy wzgl\u0119dem miasta sp\u0142aci\u0142 tylko cz\u0119\u015b\u0107 zobowi\u0105za\u0144. Nie wiadomo, o jakiej kwocie mowa i ile zosta\u0142o jeszcze do uiszczenia. Jednak brak stosowych przelew\u00f3w spowoduje, \u017ce tarnowianie b\u0119d\u0105 mieli olbrzymie problemy.<\/p>\n<p> <img role=\"presentation\" src=\"https:\/\/std.wpcdn.pl\/images\/adv\/placeholder_wp.svg\" loading=\"lazy\" alt=\"\" decoding=\"async\"\/>  <\/p>\n<p class=\"contentpart contentpart--default contentpart--text\" data-position=\"2\">ZOBACZ WIDEO: &#8222;Nie czeka\u0142bym do ko\u0144ca roku\u201d. Cie\u015blak komentuje decyzj\u0119 Protasiewicza<\/p>\n<p class=\"contentpart contentpart--default contentpart--text\" data-position=\"4\">&#8211;\u00a0Czekamy na ruch z tamtej strony. To warunek niezb\u0119dny, \u017ceby miasto dalej my\u015bla\u0142o o przysz\u0142o\u015bci klubu \u017cu\u017clowego na tym obiekcie &#8211; podkre\u015bla Kawa.<\/p>\n<p class=\"contentpart contentpart--default contentpart--text\" data-position=\"5\">Nie jest tajemnic\u0105, \u017ce\u00a0po minionym sezonie w kasie Unii Tarn\u00f3w wci\u0105\u017c brakuje oko\u0142o trzech milion\u00f3w z\u0142otych na sp\u0142at\u0119 wszystkich zobowi\u0105za\u0144. <a href=\"https:\/\/sportowefakty.wp.pl\/zuzel\/1221740\/licencja-jednak-nie-dla-unii-tarnow-klub-bez-prezesa-i-trzech-milionow-zlotych\" rel=\"nofollow noopener\" target=\"blank\">Wi\u0119cej o tym pisali\u015bmy TUTAJ<\/a>.<\/p>\n<p class=\"contentpart contentpart--default contentpart--text\" data-position=\"6\">Decyzje w sprawie licencji na sezon 2026 powinny zapa\u015b\u0107 do 14 grudnia.<\/p>\n","protected":false},"excerpt":{"rendered":"Osiem zespo\u0142\u00f3w ma przyst\u0105pi\u0107 do Krajowej Ligi \u017bu\u017clowej\u00a0w sezonie 2026. Siedem z nich pochwali\u0142o si\u0119 ju\u017c nawet sk\u0142adami&hellip;\n","protected":false},"author":2,"featured_media":132791,"comment_status":"","ping_status":"","sticky":false,"template":"","format":"standard","meta":{"footnotes":""},"categories":[24],"tags":[3404,42,38,40,39,41,127,126,25782,174],"class_list":{"0":"post-132790","1":"post","2":"type-post","3":"status-publish","4":"format-standard","5":"has-post-thumbnail","7":"category-sport","8":"tag-krajowa-liga-zuzlowa","9":"tag-pl","10":"tag-poland","11":"tag-polish","12":"tag-polska","13":"tag-polski","14":"tag-sport","15":"tag-sports","16":"tag-unia-tarnow","17":"tag-zuzel"},"share_on_mastodon":{"url":"https:\/\/pubeurope.com\/@pl\/115662068858971900","error":""},"_links":{"self":[{"href":"https:\/\/www.europesays.com\/pl\/wp-json\/wp\/v2\/posts\/132790","targetHints":{"allow":["GET"]}}],"collection":[{"href":"https:\/\/www.europesays.com\/pl\/wp-json\/wp\/v2\/posts"}],"about":[{"href":"https:\/\/www.europesays.com\/pl\/wp-json\/wp\/v2\/types\/post"}],"author":[{"embeddable":true,"href":"https:\/\/www.europesays.com\/pl\/wp-json\/wp\/v2\/users\/2"}],"replies":[{"embeddable":true,"href":"https:\/\/www.europesays.com\/pl\/wp-json\/wp\/v2\/comments?post=132790"}],"version-history":[{"count":0,"href":"https:\/\/www.europesays.com\/pl\/wp-json\/wp\/v2\/posts\/132790\/revisions"}],"wp:featuredmedia":[{"embeddable":true,"href":"https:\/\/www.europesays.com\/pl\/wp-json\/wp\/v2\/media\/132791"}],"wp:attachment":[{"href":"https:\/\/www.europesays.com\/pl\/wp-json\/wp\/v2\/media?parent=132790"}],"wp:term":[{"taxonomy":"category","embeddable":true,"href":"https:\/\/www.europesays.com\/pl\/wp-json\/wp\/v2\/categories?post=132790"},{"taxonomy":"post_tag","embeddable":true,"href":"https:\/\/www.europesays.com\/pl\/wp-json\/wp\/v2\/tags?post=132790"}],"curies":[{"name":"wp","href":"https:\/\/api.w.org\/{rel}","templated":true}]}}