{"id":132806,"date":"2025-12-04T15:54:08","date_gmt":"2025-12-04T15:54:08","guid":{"rendered":"https:\/\/www.europesays.com\/pl\/132806\/"},"modified":"2025-12-04T15:54:08","modified_gmt":"2025-12-04T15:54:08","slug":"rolnik-z-moldawii-znalazl-rosyjskiego-drona-nigdy-bym-nie-uwierzyl","status":"publish","type":"post","link":"https:\/\/www.europesays.com\/pl\/132806\/","title":{"rendered":"Rolnik z Mo\u0142dawii znalaz\u0142 rosyjskiego drona. &#8222;Nigdy bym nie uwierzy\u0142&#8221;"},"content":{"rendered":"<p class=\"ods-c-paragraph \">&#8222;Ch\u0142op ze wsi w Republice Mo\u0142dawii idzie na pole. Co tam widzi? Rosyjskiego drona. Zamiast podnie\u015b\u0107 s\u0142uchawk\u0119 i zadzwoni\u0107 pod numer 112, co robi nasz cz\u0142owiek? Wk\u0142ada drona do przyczepy glebogryzarki i&#8230; zabiera go do domu&#8221; \u2014 napisa\u0142 na Facebooku mo\u0142dawski dziennikarz Vitalie Cojocari z telewizji Euronews.<\/p>\n<p>Dalszy ci\u0105g artyku\u0142u pod materia\u0142em wideo<\/p>\n<p> Gdzie dok\u0142adnie znalaz\u0142 rolnik drona? <\/p>\n<p> Co zrobi\u0142 rolnik po znalezieniu drona? <\/p>\n<p> Jakie potwierdzenie dotycz\u0105ce drona wyda\u0142y s\u0142u\u017cby? <\/p>\n<p> Czy dron stanowi\u0142 zagro\u017cenie dla bezpiecze\u0144stwa publicznego? <\/p>\n<p class=\"ods-c-paragraph \">Rosyjski dron typu Gerbera zosta\u0142 odnaleziony pod koniec zesz\u0142ego tygodnia we wsi Pepeni, oddalonej o ok. 100 km na p\u00f3\u0142noc od stolicy, Kiszyniowa. Jak poinformowa\u0142 dziennikarza w\u00f3jt wioski, Oleg Cernei, po przetransportowaniu maszyny na swoje podw\u00f3rko, rolnik postanowi\u0142 wymontowa\u0107 z niej silnik. W \u015brod\u0119 reszt\u0119 bezza\u0142ogowca ponownie za\u0142adowa\u0142 na przyczep\u0119 i zawi\u00f3z\u0142 pod dom w\u00f3jta. &#8222;Gdybym osobi\u015bcie nie rozmawia\u0142 z w\u00f3jtem tej wioski, nigdy, absolutnie nigdy nie uwierzy\u0142bym, \u017ce ta historia mo\u017ce by\u0107 prawdziwa&#8221; \u2014 komentuje sytuacj\u0119 Cojocari.<\/p>\n<p>    S\u0142u\u017cby potwierdzi\u0142y, \u017ce dron to Gerbera. Nie zawiera\u0142 materia\u0142\u00f3w wybuchowych<\/p>\n<p class=\"ods-c-paragraph \">W\u00f3jt Pepeni natychmiast wezwa\u0142 odpowiednie s\u0142u\u017cby. Dronem zaj\u0119li si\u0119 wojskowi eksperci, kt\u00f3rzy zabezpieczyli urz\u0105dzenie i przetransportowali je do odpowiedniej plac\u00f3wki w celu przeprowadzenia bada\u0144 technicznych. Odebrali te\u017c wymontowane cz\u0119\u015bci od znalazcy. &#8222;Nie zawieraj\u0105 materia\u0142\u00f3w wybuchowych, a sam obiekt nie stanowi\u0142 zagro\u017cenia dla bezpiecze\u0144stwa publicznego&#8221; \u2014 podaje w komunikacie na Facebooku mo\u0142dawska policja. Funkcjonariusze potwierdzili r\u00f3wnie\u017c, \u017ce bezza\u0142ogowiec to dron typu Gerbera.<\/p>\n<p class=\"ods-c-paragraph \">W zesz\u0142ym tygodniu przestrze\u0144 powietrzna Mo\u0142dawii zosta\u0142a kilkukrotnie naruszona przez drony podczas rosyjskich atak\u00f3w na Ukrain\u0119. Jeden z nich spad\u0142 na dach domu we wsi Nizhni Kugureshtiw rejonie Floresti. Na szcz\u0119\u015bcie nikt nie odni\u00f3s\u0142 obra\u017ce\u0144.<\/p>\n<p class=\"ods-c-paragraph \">W zwi\u0105zku z tymi incydentami ambasador rosyjski zosta\u0142 wezwany do mo\u0142dawskiego MSZ.<\/p>\n","protected":false},"excerpt":{"rendered":"&#8222;Ch\u0142op ze wsi w Republice Mo\u0142dawii idzie na pole. Co tam widzi? Rosyjskiego drona. Zamiast podnie\u015b\u0107 s\u0142uchawk\u0119 i&hellip;\n","protected":false},"author":2,"featured_media":132807,"comment_status":"","ping_status":"","sticky":false,"template":"","format":"standard","meta":{"footnotes":""},"categories":[14],"tags":[32,33,144,27,34,35,3318,28,31,48,25,46,40,41,87,47,80,29,30,26,82,83,84],"class_list":{"0":"post-132806","1":"post","2":"type-post","3":"status-publish","4":"format-standard","5":"has-post-thumbnail","7":"category-swiat","8":"tag-breaking-news","9":"tag-breakingnews","10":"tag-drony","11":"tag-headlines","12":"tag-latest-news","13":"tag-latestnews","14":"tag-moldawia","15":"tag-naglowki","16":"tag-najwazniejsze-artykuly","17":"tag-nat_styl","18":"tag-news","19":"tag-omp","20":"tag-polish","21":"tag-polski","22":"tag-rosja","23":"tag-screening_general","24":"tag-swiat","25":"tag-top-stories","26":"tag-topstories","27":"tag-wiadomosci","28":"tag-world","29":"tag-world-news","30":"tag-worldnews"},"share_on_mastodon":{"url":"https:\/\/pubeurope.com\/@pl\/115662111743648303","error":""},"_links":{"self":[{"href":"https:\/\/www.europesays.com\/pl\/wp-json\/wp\/v2\/posts\/132806","targetHints":{"allow":["GET"]}}],"collection":[{"href":"https:\/\/www.europesays.com\/pl\/wp-json\/wp\/v2\/posts"}],"about":[{"href":"https:\/\/www.europesays.com\/pl\/wp-json\/wp\/v2\/types\/post"}],"author":[{"embeddable":true,"href":"https:\/\/www.europesays.com\/pl\/wp-json\/wp\/v2\/users\/2"}],"replies":[{"embeddable":true,"href":"https:\/\/www.europesays.com\/pl\/wp-json\/wp\/v2\/comments?post=132806"}],"version-history":[{"count":0,"href":"https:\/\/www.europesays.com\/pl\/wp-json\/wp\/v2\/posts\/132806\/revisions"}],"wp:featuredmedia":[{"embeddable":true,"href":"https:\/\/www.europesays.com\/pl\/wp-json\/wp\/v2\/media\/132807"}],"wp:attachment":[{"href":"https:\/\/www.europesays.com\/pl\/wp-json\/wp\/v2\/media?parent=132806"}],"wp:term":[{"taxonomy":"category","embeddable":true,"href":"https:\/\/www.europesays.com\/pl\/wp-json\/wp\/v2\/categories?post=132806"},{"taxonomy":"post_tag","embeddable":true,"href":"https:\/\/www.europesays.com\/pl\/wp-json\/wp\/v2\/tags?post=132806"}],"curies":[{"name":"wp","href":"https:\/\/api.w.org\/{rel}","templated":true}]}}