{"id":132868,"date":"2025-12-04T16:30:10","date_gmt":"2025-12-04T16:30:10","guid":{"rendered":"https:\/\/www.europesays.com\/pl\/132868\/"},"modified":"2025-12-04T16:30:10","modified_gmt":"2025-12-04T16:30:10","slug":"premier-zapowiada-pilna-debate-w-sejmie-nieoficjalnie-chodzi-kryptowaluty-i-rosyjski-slad-onet","status":"publish","type":"post","link":"https:\/\/www.europesays.com\/pl\/132868\/","title":{"rendered":"Premier zapowiada piln\u0105 debat\u0119 w Sejmie. Nieoficjalnie: chodzi kryptowaluty i rosyjski \u015blad &#8211; Onet"},"content":{"rendered":"<ol>\n<li><a href=\"https:\/\/news.google.com\/rss\/articles\/CBMizwFBVV95cUxQMHVzQXpJNmNoam5kS1BFQ05YQThqZXVvZkhNMUxqclpWUktFTkJVYlZHVU1UWkhnb3ZOOFdVQUhBQnhURmZ6b1pYTzBUb2pFSTRJdWJXZi00OTN6VlFjbUJ3TC1BZ0hnbE1PR1VaQVdFdkIwR2RXRnJDQmMtMVg2YWx4RlRiaGx2TjNxZzRfSkNkdGRTak5BdGh2TjRkZTNuTVozZjEtVmwtQjRMUXVjVmZ4X3dKWUZYbjVHYWlTYXpyM0dYeHJldS1xOGlmWlU?oc=5\" target=\"_blank\" rel=\"nofollow noopener\">Premier zapowiada piln\u0105 debat\u0119 w Sejmie. Nieoficjalnie: chodzi kryptowaluty i rosyjski \u015blad<\/a>&nbsp;&nbsp;Onet<\/li>\n<li><a href=\"https:\/\/news.google.com\/rss\/articles\/CBMivAFBVV95cUxNdmxsaUpPWkFiODUxNlU4QzZjVGg0Sjh6RG9fUGlFVC1zZ3hXNlRPRFZSUF9wZ3ZWanlsRFk4VU5XN2Y0Z2tPQ0hjaUxKd2FUelRINFJBRWxzbFRvNFhxRzVRdEVwRkxYd0d6T1Y4N3FLcWZzQ0FwY2lwOVdyXzR0MXYydGZUejJGUjFhcjZsVlFmNFdwLTRndXVqNEt0WjRBTWVTbFhyeXA0Zkdfb2VJNVlwNFJNM01kNk5tZg?oc=5\" target=\"_blank\" rel=\"nofollow noopener\">&#8222;Kryptoafera i rosyjski \u015blad&#8221;. Wiemy, o czym Tusk chce m\u00f3wi\u0107 na tajnym posiedzeniu<\/a>&nbsp;&nbsp;Money.pl<\/li>\n<li><a href=\"https:\/\/news.google.com\/rss\/articles\/CBMi5wFBVV95cUxOVHZBdTNIcFlJMk9mLVNGemRTSTZQRjBqZVlTSnlkVHo3UVkxNmU2TkpnZkdJaXgxcUxGbm1XYWkxQTJTblBmelRZZGQzRTBsWkJJaW1Ta2k1OWxpZ3lmLURReVRXczNEVGp5WC1nN2QyT3d6V2l1eEJuX09HQjlsdVRTLUhKR0hoV2lDMHh0TzFfNE1EeHVrRGJXY0ZFUTI2UmNTUkNFZVVkb094MFA2TW9vbDBkZzhBTjlxXzFGSzJvT3EzS0ZHRVdydEF6T1VnYzBNZmMyZEVMZE1rNUFQTUhwN3pKc3M?oc=5\" target=\"_blank\" rel=\"nofollow noopener\">Tusk &#8222;przedstawi piln\u0105 informacj\u0119&#8221;. Wiemy nieoficjalnie, czego ma dotyczy\u0107<\/a>&nbsp;&nbsp;TVN24<\/li>\n<li><a href=\"https:\/\/news.google.com\/rss\/articles\/CBMitwFBVV95cUxOYWViSHMyX1VTRVY3cHd1VWMxUGZFdC1ybWNNWWppNjlNMWxNeXdRdEQ1S2YybmUxcW8yN3JzRnIydFVoMlpqM0ttX2J4amtadUFKV2J0ejR1WnJQc3ZjOXlWSGhLdFhVMVc0RkI4OXo1azdPaUJrWG9rYzRoeHdTMGZTUzIxV0JZSEluZDg3aTFBQndKZTlLZ1NqVVAtQy1leUFfd0UzYUpQUUsxNG96MW1ZdUJqeTQ?oc=5\" target=\"_blank\" rel=\"nofollow noopener\">Premier chce utajnienia cz\u0119\u015bci posiedzenia Sejmu. Zwr\u00f3ci\u0142 si\u0119 z wnioskiem do marsza\u0142ka<\/a>&nbsp;&nbsp;Polska Agencja Prasowa SA<\/li>\n<li><a href=\"https:\/\/news.google.com\/rss\/articles\/CBMisAFBVV95cUxNZ3h1Q2ZQYkRNSTNTWm9JUGRycVM3S2NBVC00UnNDTElJbG5VQzZUNDUtYWhZS1Rrbm5QaV9ERV9Ganl3OWRfMGR3aHdHeVNBMS04SVRlaVRuQWJUU2RvM29yZlJXYTFEaW5TdWloVlNLR0hSQnJLUGpPUUVKcURuR0R1SkUtdnp0cC1TWUhjbFFaZEl1LVNpZkV1LTU4ai1RY1FkbHpxUzZkaGNfTDY3cQ?oc=5\" target=\"_blank\" rel=\"nofollow noopener\">Sejm rozpatrzy wniosek premiera o tajne obrady. Decyzja w pi\u0105tek<\/a>&nbsp;&nbsp;Onet Wiadomo\u015bci<\/li>\n<\/ol>\n","protected":false},"excerpt":{"rendered":"Premier zapowiada piln\u0105 debat\u0119 w Sejmie. Nieoficjalnie: chodzi kryptowaluty i rosyjski \u015blad&nbsp;&nbsp;Onet &#8222;Kryptoafera i rosyjski \u015blad&#8221;. Wiemy, o&hellip;\n","protected":false},"author":2,"featured_media":132680,"comment_status":"","ping_status":"","sticky":false,"template":"","format":"standard","meta":{"footnotes":""},"categories":[12],"tags":[32,33,200,36,37,27,67,34,35,28,31,53,25,52,68,51,55,42,38,40,39,41,47,5930,29,30,65,50,26],"class_list":{"0":"post-132868","1":"post","2":"type-post","3":"status-publish","4":"format-standard","5":"has-post-thumbnail","7":"category-polska","8":"tag-breaking-news","9":"tag-breakingnews","10":"tag-donald_tusk_polityk","11":"tag-featured-news","12":"tag-featurednews","13":"tag-headlines","14":"tag-intextvideo_splayer","15":"tag-latest-news","16":"tag-latestnews","17":"tag-naglowki","18":"tag-najwazniejsze-artykuly","19":"tag-new_header","20":"tag-news","21":"tag-onet3","22":"tag-onet3d","23":"tag-onet3d_2i","24":"tag-phx","25":"tag-pl","26":"tag-poland","27":"tag-polish","28":"tag-polska","29":"tag-polski","30":"tag-screening_general","31":"tag-sejm_rp_posel_poslanka_poslowie","32":"tag-top-stories","33":"tag-topstories","34":"tag-update_me","35":"tag-v2021","36":"tag-wiadomosci"},"share_on_mastodon":{"url":"https:\/\/pubeurope.com\/@pl\/115662253263872260","error":""},"_links":{"self":[{"href":"https:\/\/www.europesays.com\/pl\/wp-json\/wp\/v2\/posts\/132868","targetHints":{"allow":["GET"]}}],"collection":[{"href":"https:\/\/www.europesays.com\/pl\/wp-json\/wp\/v2\/posts"}],"about":[{"href":"https:\/\/www.europesays.com\/pl\/wp-json\/wp\/v2\/types\/post"}],"author":[{"embeddable":true,"href":"https:\/\/www.europesays.com\/pl\/wp-json\/wp\/v2\/users\/2"}],"replies":[{"embeddable":true,"href":"https:\/\/www.europesays.com\/pl\/wp-json\/wp\/v2\/comments?post=132868"}],"version-history":[{"count":0,"href":"https:\/\/www.europesays.com\/pl\/wp-json\/wp\/v2\/posts\/132868\/revisions"}],"wp:featuredmedia":[{"embeddable":true,"href":"https:\/\/www.europesays.com\/pl\/wp-json\/wp\/v2\/media\/132680"}],"wp:attachment":[{"href":"https:\/\/www.europesays.com\/pl\/wp-json\/wp\/v2\/media?parent=132868"}],"wp:term":[{"taxonomy":"category","embeddable":true,"href":"https:\/\/www.europesays.com\/pl\/wp-json\/wp\/v2\/categories?post=132868"},{"taxonomy":"post_tag","embeddable":true,"href":"https:\/\/www.europesays.com\/pl\/wp-json\/wp\/v2\/tags?post=132868"}],"curies":[{"name":"wp","href":"https:\/\/api.w.org\/{rel}","templated":true}]}}