{"id":133027,"date":"2025-12-04T18:04:05","date_gmt":"2025-12-04T18:04:05","guid":{"rendered":"https:\/\/www.europesays.com\/pl\/133027\/"},"modified":"2025-12-04T18:04:05","modified_gmt":"2025-12-04T18:04:05","slug":"wrze-po-decyzji-w-sprawie-izraela-pierwsze-kraje-rezygnuja-z-eurowizji","status":"publish","type":"post","link":"https:\/\/www.europesays.com\/pl\/133027\/","title":{"rendered":"Wrze po decyzji w sprawie Izraela. Pierwsze kraje rezygnuj\u0105 z Eurowizji"},"content":{"rendered":"<p class=\"Paragraph_desktopParagraph__U31Gm\">Artyku\u0142 aktualizowany&#8230;<\/p>\n<p class=\"Paragraph_desktopParagraph__U31Gm\">Holenderski nadawca w swoim wpisie wr\u00f3ci\u0142 do wrze\u015bnia 2025 r., gdy zg\u0142asza\u0142 EBU &#8222;powa\u017cne cierpienie humanitarne w Strefie Gazy&#8221;, a tak\u017ce &#8222;t\u0142umienie wolno\u015bci prasy i ingerencje polityczne podczas ostatniej edycji konkursu&#8221;, co jest &#8222;niezgodne z warto\u015bciami fundamentalnymi&#8221; AVROTROS. &#8222;Niezawodno\u015b\u0107, niezale\u017cno\u015b\u0107 i cz\u0142owiecze\u0144stwo s\u0105 naszym kompasem&#8221; \u2014 napisali w o\u015bwiadczeniu. Z tego powodu Holandia nie wyst\u0105pi w przysz\u0142orocznej Eurowizji.<\/p>\n<ul class=\"OchatFollowUps_wrapper__1ry7X\">\n<li class=\"OchatFollowUps_item__Dhyly OchatFollowUps_itemDesktop__R6aBv\">Kt\u00f3re kraje rezygnuj\u0105 z udzia\u0142u w Eurowizji?<\/li>\n<li class=\"OchatFollowUps_item__Dhyly OchatFollowUps_itemDesktop__R6aBv\">Dlaczego Holandia zdecydowa\u0142a si\u0119 na bojkot Eurowizji?<\/li>\n<li class=\"OchatFollowUps_item__Dhyly OchatFollowUps_itemDesktop__R6aBv\">Co powiedzia\u0142 dyrektor AVROTROS na temat decyzji?<\/li>\n<li class=\"OchatFollowUps_item__Dhyly OchatFollowUps_itemDesktop__R6aBv\">Jakie warto\u015bci s\u0105 fundamentem AVROTROS?<\/li>\n<\/ul>\n<p>Bojkot Eurowizji po decyzji w sprawie Izraela. Pierwsze kraje rezygnuj\u0105 <\/p>\n<p class=\"Paragraph_desktopParagraph__U31Gm\">We wpisie pojawi\u0142a si\u0119 tak\u017ce wypowied\u017a Taco Zimmermana, dyrektora zarz\u0105dzaj\u0105cego AVROTROS.<\/p>\n<p class=\"Paragraph_desktopParagraph__U31Gm\">&#8222;To nie by\u0142a \u0142atwa decyzja, bo nie podj\u0119li\u015bmy jej w jedn\u0105 noc. Konkurs Piosenki Eurowizji jest dla nas niezwykle cenny. Kultura \u0142\u0105czy, ale nie za wszelk\u0105 cen\u0119. To, co wydarzy\u0142o si\u0119 w ci\u0105gu ostatniego roku, przekracza nasze granice. Uniwersalne warto\u015bci, takie jak cz\u0142owiecze\u0144stwo i wolno\u015b\u0107 prasy, zosta\u0142y powa\u017cnie naruszone i nie podlegaj\u0105 negocjacjom. Ponadto zesz\u0142oroczna ingerencja polityczna pokaza\u0142a, \u017ce \u200b\u200bniezale\u017cno\u015b\u0107 i jednocz\u0105cy charakter Konkursu Piosenki Eurowizji nie s\u0105 ju\u017c oczywiste. Wybieramy fundamentalne warto\u015bci AVROTROS i jako nadawca publiczny mamy obowi\u0105zek pozosta\u0107 wiernym tym warto\u015bciom, nawet gdy jest to skomplikowane lub trudne do zaakceptowania&#8221; \u2014 czytamy. Ponadto AVROTROS nie zdecyduje si\u0119 na transmisj\u0119 konkursu.<\/p>\n<p class=\"Paragraph_desktopParagraph__U31Gm\">Tak\u017ce Hiszpania zdecydowa\u0142a o rezygnacji z udzia\u0142u w imprezie. Jak czytamy w oficjalnym o\u015bwiadczeniu RTVE, publicznego nadawcy, sekretarz generalny korporacji, Alfonso Morales, poinformowa\u0142 Zgromadzenie Og\u00f3lne, \u017ce \u015brodki przyj\u0119te przez EBU &#8222;s\u0105 niewystarczaj\u0105ce&#8221; i powoduj\u0105, \u017ce naruszenia izraelskiego nadawcy, KAN, pozostaj\u0105 bezkarne.<\/p>\n<p class=\"Paragraph_desktopParagraph__U31Gm\">&#8222;Sytuacja humanitarna w Strefie Gazy i wykorzystywanie konkursu przez Izrael do cel\u00f3w politycznych sprawiaj\u0105, \u017ce coraz trudniej zachowa\u0107 Eurowizj\u0119 jako neutralne wydarzenie kulturalne&#8221; \u2014 czytamy.<\/p>\n","protected":false},"excerpt":{"rendered":"Artyku\u0142 aktualizowany&#8230; Holenderski nadawca w swoim wpisie wr\u00f3ci\u0142 do wrze\u015bnia 2025 r., gdy zg\u0142asza\u0142 EBU &#8222;powa\u017cne cierpienie humanitarne&hellip;\n","protected":false},"author":2,"featured_media":133028,"comment_status":"","ping_status":"","sticky":false,"template":"","format":"standard","meta":{"footnotes":""},"categories":[22],"tags":[122,479,1503,8426,53,52,68,51,55,42,38,40,39,41,123,47,196,65,50],"class_list":{"0":"post-133027","1":"post","2":"type-post","3":"status-publish","4":"format-standard","5":"has-post-thumbnail","7":"category-rozrywka","8":"tag-entertainment","9":"tag-konkurs_piosenki_eurowizji_eurowizja","10":"tag-muzyka_i_muzycy_muzyka_rozrywkowa_spiew","11":"tag-najnowsze","12":"tag-new_header","13":"tag-onet3","14":"tag-onet3d","15":"tag-onet3d_2i","16":"tag-phx","17":"tag-pl","18":"tag-poland","19":"tag-polish","20":"tag-polska","21":"tag-polski","22":"tag-rozrywka","23":"tag-screening_general","24":"tag-styl_zycia","25":"tag-update_me","26":"tag-v2021"},"share_on_mastodon":{"url":"https:\/\/pubeurope.com\/@pl\/115662622857363428","error":""},"_links":{"self":[{"href":"https:\/\/www.europesays.com\/pl\/wp-json\/wp\/v2\/posts\/133027","targetHints":{"allow":["GET"]}}],"collection":[{"href":"https:\/\/www.europesays.com\/pl\/wp-json\/wp\/v2\/posts"}],"about":[{"href":"https:\/\/www.europesays.com\/pl\/wp-json\/wp\/v2\/types\/post"}],"author":[{"embeddable":true,"href":"https:\/\/www.europesays.com\/pl\/wp-json\/wp\/v2\/users\/2"}],"replies":[{"embeddable":true,"href":"https:\/\/www.europesays.com\/pl\/wp-json\/wp\/v2\/comments?post=133027"}],"version-history":[{"count":0,"href":"https:\/\/www.europesays.com\/pl\/wp-json\/wp\/v2\/posts\/133027\/revisions"}],"wp:featuredmedia":[{"embeddable":true,"href":"https:\/\/www.europesays.com\/pl\/wp-json\/wp\/v2\/media\/133028"}],"wp:attachment":[{"href":"https:\/\/www.europesays.com\/pl\/wp-json\/wp\/v2\/media?parent=133027"}],"wp:term":[{"taxonomy":"category","embeddable":true,"href":"https:\/\/www.europesays.com\/pl\/wp-json\/wp\/v2\/categories?post=133027"},{"taxonomy":"post_tag","embeddable":true,"href":"https:\/\/www.europesays.com\/pl\/wp-json\/wp\/v2\/tags?post=133027"}],"curies":[{"name":"wp","href":"https:\/\/api.w.org\/{rel}","templated":true}]}}