{"id":133234,"date":"2025-12-04T20:02:14","date_gmt":"2025-12-04T20:02:14","guid":{"rendered":"https:\/\/www.europesays.com\/pl\/133234\/"},"modified":"2025-12-04T20:02:14","modified_gmt":"2025-12-04T20:02:14","slug":"liga-mistrzow-orlen-wisla-plock-kontra-gog-gudme-dramat-w-koncowce","status":"publish","type":"post","link":"https:\/\/www.europesays.com\/pl\/133234\/","title":{"rendered":"Liga Mistrz\u00f3w. Orlen Wis\u0142a P\u0142ock kontra GOG Gudme. Dramat w ko\u0144c\u00f3wce"},"content":{"rendered":"<p class=\"typography ids-typeset-body ids-typeset-body--preset-large link paragraph ids-paragraph ids-paragraph--default\">Dwa tygodnie temu w Svendborgu <a href=\"https:\/\/sport.interia.pl\/pilka-reczna\/news-gigantyczne-emocje-w-starciu-mistrza-polski-i-znow-decydowal,nId,22456558\" target=\"_blank\" rel=\"nofollow noopener\">mistrzowie Polski wygrali z GOG 30:28<\/a> &#8211; po kapitalnych pierwszych 25 minutach (16:10), ale i wielkich nerwach w samej ko\u0144c\u00f3wce. M\u0142ody zesp\u00f3\u0142 z Danii odrobi\u0142 bowiem straty, remisowa\u0142 na kilka minut przed ko\u0144cem, m\u00f3g\u0142 te\u017c doprowadzi\u0107 do remisu w ostatnich sekundach. A straci\u0142 pi\u0142k\u0119, a p\u00f3\u017aniej i bramk\u0119.<\/p>\n<p class=\"typography ids-typeset-body ids-typeset-body--preset-large link paragraph ids-paragraph ids-paragraph--default\">Tamta wygrana otworzy\u0142a &#8222;Nafciarzom&#8221; drog\u0119 do trzeciego miejsca w grupie, a jak najbardziej sta\u0142o si\u0119 ono realne po zesz\u0142otygodniowym zwyci\u0119stwie w Pary\u017cu. Te\u017c w dramatycznych okoliczno\u015bciach, ale jednak zn\u00f3w ko\u0144c\u00f3wka da\u0142a sukces. SC Magdeburg i FC Barcelona s\u0105 na dzi\u015b poza zasi\u0119giem, ale dzi\u015b p\u0142occzanie mogli tak naprawd\u0119 niemal zapewni\u0107 sobie t\u0119 trzeci\u0105 pozycj\u0119. Wystarczy\u0142o pokona\u0107 GOG, a p\u00f3\u017aniej poczeka\u0107 na triumf Magdeburga z OTP Bank-Pick Segedyn. Przed czterema ostatnimi kolejkami w lutym i marcu mistrzowie Polski mieliby idealn\u0105 sytuacj\u0119.<\/p>\n<p class=\"typography ids-typeset-body ids-typeset-body--preset-large link paragraph ids-paragraph ids-paragraph--default\">Inny plan mieli jednak wicemistrzowie Danii, kt\u00f3rzy je\u015bli punktuj\u0105, to tylko na&#8230; wyjazdach. W ka\u017cdym z czterech spotka\u0144 w roli go\u015bci rzucali ponad 30 bramek, we w\u0142asnej hali &#8211; tylko raz.<\/p>\n<p>Orlen Wis\u0142a P\u0142ock &#8211; GOG Gudme w Lidze Mistrz\u00f3w. Spore zaskoczenie w P\u0142ocku, &#8222;Nafciarze&#8221; bezradni<\/p>\n<p class=\"typography ids-typeset-body ids-typeset-body--preset-large link paragraph ids-paragraph ids-paragraph--default\">Dwa tygodnie temu w GOG brakowa\u0142o Hjalte Lykke &#8211; 21-latka, kt\u00f3ry jest trzecim strzelcem zespo\u0142u. Do\u015b\u0107 szybko pokaza\u0142, \u017ce stanowi du\u017c\u0105 si\u0142\u0119 w ofensywie, podobnie jak i Farer Oli Mittun. To w\u0142a\u015bnie m\u0142odzi gracze rozbijali w puch s\u0142ynn\u0105 przecie\u017c defensyw\u0119 Orlenu Wis\u0142y, bez problemu znajdowali pozycje rzutowe. A Mirko Alilovi\u0107 mia\u0142 kiepsk\u0105 skuteczno\u015b\u0107 w bramce, bo te\u017c i musia\u0142 broni\u0107 rzuty z sze\u015bciu metr\u00f3w.<\/p>\n<p><img decoding=\"async\" class=\"ids-image-holder__img\" loading=\"lazy\" alt=\"Zawodnicy graj\u0105cy w pi\u0142k\u0119 r\u0119czn\u0105 podczas intensywnej akcji na parkiecie, jeden z zawodnik\u00f3w w \u017c\u00f3\u0142to-czerwonym stroju upada na ziemi\u0119, rywale w niebieskich koszulkach pr\u00f3buj\u0105 przej\u0105\u0107 pi\u0142k\u0119, w tle widoczny bramkarz i bramka.\" title=\"Oskar Vind i Przemys\u0142aw Krajewski\" width=\"3500\" height=\"2334\" src=\"https:\/\/www.europesays.com\/pl\/wp-content\/uploads\/2025\/12\/000M15VYOL1DRRLL-C322-F4.webp.webp\"\/><\/p>\n<p>Oskar Vind i Przemys\u0142aw KrajewskiSzymon \u0141abi\u0144skiPAP<\/p>\n<p class=\"typography ids-typeset-body ids-typeset-body--preset-large link paragraph ids-paragraph ids-paragraph--default\">Trener mistrz\u00f3w Polski Xavier Sabate patrzy\u0142 na to do\u015b\u0107 spokojnie. Po kwadransie jego zesp\u00f3\u0142 przegrywa\u0142 8:10, w 20. minucie za\u015b 9:12, cho\u0107 Alilovi\u0107 odbi\u0142 w\u0142a\u015bnie pi\u0142k\u0119 w sytuacji sam na sam. Dobitki Lasse Vilhelmsena nie da\u0142 jednak ju\u017c rady. Go\u015bcie przygotowali si\u0119 na gr\u0119 wi\u015blak\u00f3w z Dawidem Dawydzikiem, ten cz\u0119sto mia\u0142 na sobie dw\u00f3ch rywali. Mniej ni\u017c zwykle wnosi\u0142 Gergo Fazekas, kt\u00f3ry na dodatek st\u0142uk\u0142 sobie tu\u017c przed przerw\u0105 bark. Brakowa\u0142o lidera w ofensywie, w obronie za\u015b troch\u0119 osamotniony by\u0142 Leon Susnja. Nie dostawa\u0142 wsparcia.<\/p>\n<p class=\"typography ids-typeset-body ids-typeset-body--preset-large link paragraph ids-paragraph ids-paragraph--default\">I tak jak w Danii mistrzowie Polski dominowali w pierwszej po\u0142owie, tak dzi\u015b musieli goni\u0107 rywali. A nie dogonili &#8211; przegrali pierwsz\u0105 cz\u0119\u015b\u0107 14:16.<\/p>\n<p class=\"typography ids-typeset-body ids-typeset-body--preset-large link paragraph ids-paragraph ids-paragraph--default\">Hiszpa\u0144ski trener Orlenu mia\u0142 nad czym my\u015ble\u0107. W drugiej po\u0142owie w bramce gospodarzy pojawi\u0142 si\u0119 Torbjorn Bergerud &#8211; Norweg jak na razie zawodzi, nie zast\u0119puje godnie Viktora Hallgrimssona. A na kole pojawi\u0142 si\u0119 Abel Serdio, wracaj\u0105cy do Ligi Mistrz\u00f3w po wyleczeniu kontuzji. I to on w 34. minucie wyr\u00f3wna\u0142 na 17:17. Momentalnie odezwali si\u0119 te\u017c kibice w Orlen Arenie, to wsparcie by\u0142o zawodnikom potrzebne.<\/p>\n<p><img decoding=\"async\" class=\"ids-image-holder__img\" loading=\"lazy\" alt=\"Dynamiczna akcja podczas meczu pi\u0142ki r\u0119cznej, zawodnik w niebieskim stroju pr\u00f3buje rzuci\u0107 pi\u0142k\u0119 do bramki, b\u0119d\u0105c intensywnie blokowany przez dw\u00f3ch rywali w \u017c\u00f3\u0142to-czerwonych strojach. W tle widoczne trybuny pe\u0142ne kibic\u00f3w oraz pozostali zawodnicy.\" title=\"Lasse Balstad i Dawi Dawydzik\" width=\"3500\" height=\"2334\" src=\"https:\/\/www.europesays.com\/pl\/wp-content\/uploads\/2025\/12\/000M15W1C0XQXEA7-C322-F4.webp.webp\"\/><\/p>\n<p>Lasse Balstad i Dawi DawydzikSzymon \u0141abi\u0144skiPAP<\/p>\n<p class=\"typography ids-typeset-body ids-typeset-body--preset-large link paragraph ids-paragraph ids-paragraph--default\">Pomalutku, ale jednak gospodarze si\u0119 rozkr\u0119cali. W ofensywie najwi\u0119cej zale\u017ca\u0142o od Fazekasa, ale na rzuty zza bloku decydowa\u0142 si\u0119 te\u017c Melvyn Richardson. To Francuz da\u0142 p\u0142occzanom pierwsze od d\u0142u\u017cszego czasu prowadzenie (22:21).<\/p>\n<p class=\"typography ids-typeset-body ids-typeset-body--preset-large link paragraph ids-paragraph ids-paragraph--default\">Obrona Orlenu Wis\u0142y wci\u0105\u017c jednak kula\u0142a, st\u0105d i wyr\u00f3wnane starcie oraz niepewno\u015b\u0107 do samego ko\u0144ca. Pog\u0142\u0119biona po dw\u00f3ch nieudanych rzutach Lovro Mihicia, co zn\u00f3w pozwoli\u0142o graczom GOG odskoczy\u0107 na dwie bramki. A p\u00f3\u017aniej na trzy, gdy trafi\u0142 niesamowity 20-letni Ole Mittun (25:28).<\/p>\n<p class=\"typography ids-typeset-body ids-typeset-body--preset-large link paragraph ids-paragraph ids-paragraph--default\">Sytuacja p\u0142occzan zrobi\u0142a si\u0119 kiepska, za moment tracili do GOG ju\u017c cztery bramki. I to po wrzutce na skrzyd\u0142o.<\/p>\n<p class=\"typography ids-typeset-body ids-typeset-body--preset-large link paragraph ids-paragraph ids-paragraph--default\">Zacz\u0119\u0142a si\u0119 pogo\u0144 za Du\u0144czykami, kt\u00f3rzy grali &#8211; do\u015b\u0107 skutecznie &#8211; siedmiu na sze\u015bciu w ataku. Niemniej na trzy minuty przed ko\u0144cem Susnja rzuci\u0142 przez ca\u0142e boisko do pustej bramki, na 32:33.<\/p>\n<p class=\"typography ids-typeset-body ids-typeset-body--preset-large link paragraph ids-paragraph ids-paragraph--default\">Gdy zaczyna\u0142a si\u0119 ostatnia minut, wi\u015blacy przegrywali 33:34, ale mieli pi\u0142k\u0119 w ataku. Wyr\u00f3wna\u0142 na 20 sekund przed ko\u0144cem Fazekas.<\/p>\n<p class=\"typography ids-typeset-body ids-typeset-body--preset-large link paragraph ids-paragraph ids-paragraph--default\">Pi\u0142k\u0119 mieli jednak go\u015bcie, ich trener poprosi\u0142 o czas.\u00a0I niemal z zerowego k\u0105ta obok Alilovicia trafi\u0142 Vind.<\/p>\n<p class=\"typography ids-typeset-body ids-typeset-body--preset-large link paragraph ids-paragraph ids-paragraph--default\">Kolejny mecz w Lidze Mistrz\u00f3w &#8222;Nafciarze&#8221; rozegraj\u0105 19 lutego &#8211; w Bitoli z Eurofarmem Pelister.<\/p>\n<p class=\"typography ids-typeset-body ids-typeset-body--preset-large link paragraph ids-paragraph ids-paragraph--default\">Pe\u0142en minutowy zapis relacji z meczu Orlen Wis\u0142a P\u0142ock &#8211; GOG mo\u017cna przeczyta\u0107 <a href=\"https:\/\/sport.interia.pl\/pilka-reczna\/na-zywo-orlen-wisla-plock-gog-handbold-w-10-kolejce-ligi-mistrzow-re,nzId,7908\" target=\"_blank\" rel=\"nofollow noopener\">TUTAJ<\/a>.<\/p>\n<p>Orlen Wis\u0142a P\u0142ock &#8211; GOG Handbold 34:35 (14:16)<\/p>\n<p class=\"typography ids-typeset-body ids-typeset-body--preset-large link paragraph ids-paragraph ids-paragraph--default\">Orlen Wis\u0142a: Alilovi\u0107 (3\/17 &#8211; 18 proc.), Bergerud (3\/24 &#8211; 12 proc.) &#8211; Richardson 9, Janc 5, Fazekas 4, Krajewski 4, Mihi\u0107 3, Serdio 2, Ili\u0107 2, Szita 2, Susnja 1, Zarabec 1, Dawydzik 1, Daszek, Szyszko, Samoi\u0142a.<\/p>\n<p class=\"typography ids-typeset-body ids-typeset-body--preset-large link paragraph ids-paragraph ids-paragraph--default\">Kary: 4 minuty. Rzuty karne: 4\/4.<\/p>\n<p class=\"typography ids-typeset-body ids-typeset-body--preset-large link paragraph ids-paragraph ids-paragraph--default\">GOG:\u00a0Boutaf (7\/40 &#8211; 17 proc.), Havregaard (0\/1 &#8211; 0 proc.) &#8211; Bjerre 9 (5\/5 z karnych), Vilhelmsen 6, Vind 5, Mittun 5, Lykke 4, Pedersen 2, Tonnesen 2, Nygaard 1, Jakobsen 1, Teglgaard, Lang, Indergard, Dalby, Lindskog.<\/p>\n<p class=\"typography ids-typeset-body ids-typeset-body--preset-large link paragraph ids-paragraph ids-paragraph--default\">Kary: 4 minuty. Rzuty karne: 5\/5.<\/p>\n<ul class=\"typography ids-typeset-body ids-typeset-body--preset-small list--article-list ids-list ids-list--unordered ids-list--size-small \" datatype=\"disc\">\n<li class=\"ids-list-item ids-list-item__content brief-list-item\"><a class=\"ids-undecorated-link link ids-link \" data-spons=\"false\" href=\"https:\/\/sport.interia.pl\/pilka-reczna\/superliga-mezczyzn\/news-akcja-movember-zakonczona-najlepszy-was-orlen-superligi-wybr,nId,22463844\" rel=\"nofollow noopener\" target=\"_blank\">Akcja Movember zako\u0144czona. Najlepszy W\u0105s ORLEN Superligi wybrany!<\/a><\/li>\n<li class=\"ids-list-item ids-list-item__content brief-list-item\"><a class=\"ids-undecorated-link link ids-link \" data-spons=\"false\" href=\"https:\/\/sport.interia.pl\/pilka-reczna\/news-w-rosji-juz-moga-swietowac-prezes-napisal-list-padla-data-po,nId,22463622\" rel=\"nofollow noopener\" target=\"_blank\">W Rosji ju\u017c mog\u0105 \u015bwi\u0119towa\u0107. Prezes napisa\u0142 list, pad\u0142a data powrotu<\/a><\/li>\n<\/ul>\n<p><img decoding=\"async\" class=\"ids-image-holder__img\" loading=\"lazy\" alt=\"Bramkarz ubrany w czerwony str\u00f3j sportowy stoi blisko s\u0142upka bramki podczas meczu pi\u0142ki r\u0119cznej, skupiaj\u0105c si\u0119 na sytuacji przed sob\u0105, w tle widoczne rozmazane trybuny.\" title=\"Mirko Alilovi\u0107, bramkarz Orlenu Wis\u0142y P\u0142ock\" width=\"2000\" height=\"1335\" src=\"https:\/\/www.europesays.com\/pl\/wp-content\/uploads\/2025\/12\/000LLOZTR8UMJWXY-C322-F4.webp.webp\"\/><\/p>\n<p>Mirko Alilovi\u0107, bramkarz Orlenu Wis\u0142y P\u0142ockAndrzej Iwa\u0144czukReporter<\/p>\n<p>Zepter KPR Legionowo &#8211; ORLEN Wis\u0142a P\u0142ock. Skr\u00f3t meczuPolsat Sport<\/p>\n<p><a class=\"ids-undecorated-link source ids-page-info--source__link\" href=\"https:\/\/www.interia.pl\" rel=\"nofollow noopener\" target=\"_blank\"><img decoding=\"async\" class=\"ids-image-holder__img\" loading=\"lazy\" alt=\"\" title=\"\" height=\"24px\" src=\"https:\/\/www.europesays.com\/pl\/wp-content\/uploads\/2025\/12\/1764732975_102_0009A60QQ5I2TYF7-C202-F4.webp.webp\"\/><\/a><\/p>\n<p>Masz sugestie, uwagi albo widzisz b\u0142\u0105d? Napisz do nas<\/p>\n","protected":false},"excerpt":{"rendered":"Dwa tygodnie temu w Svendborgu mistrzowie Polski wygrali z GOG 30:28 &#8211; po kapitalnych pierwszych 25 minutach (16:10),&hellip;\n","protected":false},"author":2,"featured_media":133235,"comment_status":"","ping_status":"","sticky":false,"template":"","format":"standard","meta":{"footnotes":""},"categories":[24],"tags":[42,38,40,39,41,127,126],"class_list":{"0":"post-133234","1":"post","2":"type-post","3":"status-publish","4":"format-standard","5":"has-post-thumbnail","7":"category-sport","8":"tag-pl","9":"tag-poland","10":"tag-polish","11":"tag-polska","12":"tag-polski","13":"tag-sport","14":"tag-sports"},"share_on_mastodon":{"url":"https:\/\/pubeurope.com\/@pl\/115663087050694933","error":""},"_links":{"self":[{"href":"https:\/\/www.europesays.com\/pl\/wp-json\/wp\/v2\/posts\/133234","targetHints":{"allow":["GET"]}}],"collection":[{"href":"https:\/\/www.europesays.com\/pl\/wp-json\/wp\/v2\/posts"}],"about":[{"href":"https:\/\/www.europesays.com\/pl\/wp-json\/wp\/v2\/types\/post"}],"author":[{"embeddable":true,"href":"https:\/\/www.europesays.com\/pl\/wp-json\/wp\/v2\/users\/2"}],"replies":[{"embeddable":true,"href":"https:\/\/www.europesays.com\/pl\/wp-json\/wp\/v2\/comments?post=133234"}],"version-history":[{"count":0,"href":"https:\/\/www.europesays.com\/pl\/wp-json\/wp\/v2\/posts\/133234\/revisions"}],"wp:featuredmedia":[{"embeddable":true,"href":"https:\/\/www.europesays.com\/pl\/wp-json\/wp\/v2\/media\/133235"}],"wp:attachment":[{"href":"https:\/\/www.europesays.com\/pl\/wp-json\/wp\/v2\/media?parent=133234"}],"wp:term":[{"taxonomy":"category","embeddable":true,"href":"https:\/\/www.europesays.com\/pl\/wp-json\/wp\/v2\/categories?post=133234"},{"taxonomy":"post_tag","embeddable":true,"href":"https:\/\/www.europesays.com\/pl\/wp-json\/wp\/v2\/tags?post=133234"}],"curies":[{"name":"wp","href":"https:\/\/api.w.org\/{rel}","templated":true}]}}