{"id":133408,"date":"2025-12-04T22:08:09","date_gmt":"2025-12-04T22:08:09","guid":{"rendered":"https:\/\/www.europesays.com\/pl\/133408\/"},"modified":"2025-12-04T22:08:09","modified_gmt":"2025-12-04T22:08:09","slug":"spadek-poparcia-dla-najwiekszych-partii-zyskuje-konfederacja-sondaz-2","status":"publish","type":"post","link":"https:\/\/www.europesays.com\/pl\/133408\/","title":{"rendered":"Spadek poparcia dla najwi\u0119kszych partii. Zyskuje Konfederacja [SONDA\u017b]"},"content":{"rendered":"<p class=\"ods-c-paragraph \">Z sonda\u017cu Opinia24 wynika, \u017ce gdyby wybory parlamentarne odbywa\u0142y si\u0119 w najbli\u017csz\u0105 niedziel\u0119, udzia\u0142 w nich wzi\u0119\u0142oby 74 proc. respondent\u00f3w. Ponad po\u0142owa \u2014 51 proc. zadeklarowa\u0142o &#8222;zdecydowany&#8221; udzia\u0142 w g\u0142osowaniu. Z kolei 11 proc. pytanych &#8222;zdecydowanie nie&#8221; zag\u0142osowa\u0142oby w wyborach.<\/p>\n<p>Tak wygl\u0105da wyborcze podium<\/p>\n<p class=\"ods-c-paragraph \">W\u015br\u00f3d os\u00f3b, kt\u00f3re zadeklarowa\u0142y udzia\u0142 w wyborach, najwi\u0119kszym poparciem cieszy si\u0119 Koalicja Obywatelska. Parti\u0119 t\u0119 wskaza\u0142o 31,7 proc. respondent\u00f3w. Mimo, \u017ce ugrupowanie Donalda Tuska cieszy si\u0119 najwi\u0119kszym poparciem, <a href=\"https:\/\/wiadomosci.onet.pl\/kraj\/piec-partii-w-sejmie-wyjatkowo-slaby-wynik-dwoch-partii-sa-wyniki-sondazu\/12nkmh8\" id=\"5615a8e5-fb46-43bb-9f99-eb0f02b4ee47\" rel=\"nofollow noopener\" target=\"_blank\">wzgl\u0119dem poprzedniego badania odnotowa\u0142o ono spadek o 1,3 pkt proc<\/a>.<\/p>\n<p>Dalszy ci\u0105g artyku\u0142u pod materia\u0142em wideo<\/p>\n<p> Jakie jest poparcie dla Koalicji Obywatelskiej? <\/p>\n<p> Jakie miejsce zajmuje Prawo i Sprawiedliwo\u015b\u0107 w sonda\u017cu? <\/p>\n<p> Ile procent respondent\u00f3w zadeklarowa\u0142o udzia\u0142 w g\u0142osowaniu? <\/p>\n<p> Co wp\u0142yn\u0119\u0142o na wzrost poparcia dla Konfederacji? <\/p>\n<p class=\"ods-c-paragraph \">Drugie miejsce zajmuje Prawo i Sprawiedliwo\u015b\u0107 z poparciem 25,1 proc. badanych. Partia Jaros\u0142awa Kaczy\u0144skiego wzgl\u0119dem poprzedniego badania odnotowa\u0142a spadek poparcia o 2,3 pkt proc.<\/p>\n<p class=\"ods-c-paragraph \">Wyborcze podium zamyka Konfederacja z wynikiem 14,6 proc. poparcia. Partia odnotowa\u0142a wzrost o 2 pkt proc. wzgl\u0119dem poprzedniego sonda\u017cu.<\/p>\n<p class=\"ods-c-paragraph \">Oddanie g\u0142osu na Now\u0105 Lewic\u0119 zadeklarowa\u0142o 6,6 proc. respondent\u00f3w (wzrost o 0,3 pkt proc.). Na Konfederacj\u0119 Korony Polskiej g\u0142os odda\u0142oby 6,2 proc. badanych (wzrost o 0,3 pkt proc.). <\/p>\n<p class=\"ods-c-paragraph \">Dalsze miejsca zaj\u0119\u0142yby z kolei: Partia Razem z poparciem 4,6 proc. (wzrost o 1,5 pkt proc.), Polska 2050 z poparciem 2,8 proc. (wzrost o 1,1 pkt proc.) oraz PSL z poparciem 1,2 proc. (spadek o 0,2 pkt proc.).<\/p>\n<p class=\"ods-c-paragraph \">6,2 proc. uczestnik\u00f3w sonda\u017cu Opinia24 nie wie, na kogo odda\u0142oby g\u0142os, gdyby wybory odbywa\u0142y si\u0119 w najbli\u017csz\u0105 niedziel\u0119 a 1 proc. wskaza\u0142o inne ni\u017c wymienione ugrupowania.<\/p>\n","protected":false},"excerpt":{"rendered":"Z sonda\u017cu Opinia24 wynika, \u017ce gdyby wybory parlamentarne odbywa\u0142y si\u0119 w najbli\u017csz\u0105 niedziel\u0119, udzia\u0142 w nich wzi\u0119\u0142oby 74&hellip;\n","protected":false},"author":2,"featured_media":133409,"comment_status":"","ping_status":"","sticky":false,"template":"","format":"standard","meta":{"footnotes":""},"categories":[5],"tags":[32,33,36,37,27,7210,1006,49,34,35,28,31,48,25,46,529,42,38,40,39,41,47,5485,231,29,30,26,7209],"class_list":{"0":"post-133408","1":"post","2":"type-post","3":"status-publish","4":"format-standard","5":"has-post-thumbnail","7":"category-naglowki","8":"tag-breaking-news","9":"tag-breakingnews","10":"tag-featured-news","11":"tag-featurednews","12":"tag-headlines","13":"tag-koalicja_obywatelska","14":"tag-konfederacja","15":"tag-kraj","16":"tag-latest-news","17":"tag-latestnews","18":"tag-naglowki","19":"tag-najwazniejsze-artykuly","20":"tag-nat_styl","21":"tag-news","22":"tag-omp","23":"tag-pis","24":"tag-pl","25":"tag-poland","26":"tag-polish","27":"tag-polska","28":"tag-polski","29":"tag-screening_general","30":"tag-sejm_rp","31":"tag-sondaze","32":"tag-top-stories","33":"tag-topstories","34":"tag-wiadomosci","35":"tag-wybory_parlamentarne"},"share_on_mastodon":{"url":"https:\/\/pubeurope.com\/@pl\/115663582429962774","error":""},"_links":{"self":[{"href":"https:\/\/www.europesays.com\/pl\/wp-json\/wp\/v2\/posts\/133408","targetHints":{"allow":["GET"]}}],"collection":[{"href":"https:\/\/www.europesays.com\/pl\/wp-json\/wp\/v2\/posts"}],"about":[{"href":"https:\/\/www.europesays.com\/pl\/wp-json\/wp\/v2\/types\/post"}],"author":[{"embeddable":true,"href":"https:\/\/www.europesays.com\/pl\/wp-json\/wp\/v2\/users\/2"}],"replies":[{"embeddable":true,"href":"https:\/\/www.europesays.com\/pl\/wp-json\/wp\/v2\/comments?post=133408"}],"version-history":[{"count":0,"href":"https:\/\/www.europesays.com\/pl\/wp-json\/wp\/v2\/posts\/133408\/revisions"}],"wp:featuredmedia":[{"embeddable":true,"href":"https:\/\/www.europesays.com\/pl\/wp-json\/wp\/v2\/media\/133409"}],"wp:attachment":[{"href":"https:\/\/www.europesays.com\/pl\/wp-json\/wp\/v2\/media?parent=133408"}],"wp:term":[{"taxonomy":"category","embeddable":true,"href":"https:\/\/www.europesays.com\/pl\/wp-json\/wp\/v2\/categories?post=133408"},{"taxonomy":"post_tag","embeddable":true,"href":"https:\/\/www.europesays.com\/pl\/wp-json\/wp\/v2\/tags?post=133408"}],"curies":[{"name":"wp","href":"https:\/\/api.w.org\/{rel}","templated":true}]}}