{"id":133421,"date":"2025-12-04T22:21:14","date_gmt":"2025-12-04T22:21:14","guid":{"rendered":"https:\/\/www.europesays.com\/pl\/133421\/"},"modified":"2025-12-04T22:21:14","modified_gmt":"2025-12-04T22:21:14","slug":"trybunal-stanu-dla-mateusza-morawieckiego-jest-deklaracja-ministra-zurka","status":"publish","type":"post","link":"https:\/\/www.europesays.com\/pl\/133421\/","title":{"rendered":"Trybuna\u0142 Stanu dla Mateusza Morawieckiego? Jest deklaracja ministra \u017burka"},"content":{"rendered":"<ul class=\"UnorderedList_container__nmfSl\">\n<li class=\"UnorderedList_listElement__Py7xi\" data-id=\"ai-summary-link\">Du\u017co czytania, a ma\u0142o czasu? Sprawd\u017a\u00a0skr\u00f3t\u00a0artyku\u0142u<\/li>\n<\/ul>\n<p class=\"Paragraph_desktopParagraph__U31Gm\">\u2014 Dzi\u015b skierowa\u0142em kolejny m\u00f3j wniosek do Marsza\u0142ka Sejmu o to, \u017ceby parlamentarzy\u015bci rozwa\u017cyli, czy nie nale\u017cy postawi\u0107 przed Trybuna\u0142em Stanu kolejnych polityk\u00f3w podejrzewanych o powa\u017cne przest\u0119pstwa \u2014 podkre\u015bli\u0142 na opublikowanym w czwartek filmie Waldemar \u017burek.<\/p>\n<p class=\"Paragraph_desktopParagraph__U31Gm\">Minister sprawiedliwo\u015bci i prokurator generalny wyja\u015bni\u0142, \u017ce chodzi o Mateusza Morawieckiego, Mariusza B\u0142aszczaka i Jana Krzysztofa Ardanowskiego. \u2014 Znane i opisywane dzia\u0142ania prokuratury \u2014 powiedzia\u0142.<\/p>\n<p class=\"Paragraph_desktopParagraph__U31Gm\">\u2014 Przez lata udawano, \u017ce Trybuna\u0142 Stanu to martwa instytucja. A przecie\u017c jest w Konstytucji po to, by nikt nie by\u0142 ponad prawem. Ani minister, ani premier, ani \u017caden inny polityk, bez wzgl\u0119du na barwy partyjne \u2014 zaznaczy\u0142 minister.<\/p>\n<p class=\"VideoPlayerText_videoPlayerText__iDwyz\">Dalszy ci\u0105g materia\u0142u pod wideo<\/p>\n<ul class=\"OchatFollowUps_wrapper__1ry7X\">\n<li class=\"OchatFollowUps_item__Dhyly OchatFollowUps_itemDesktop__R6aBv\">Kto jest g\u0142\u00f3wnym inicjatorem wniosku o postawienie polityk\u00f3w przed Trybuna\u0142em Stanu?<\/li>\n<li class=\"OchatFollowUps_item__Dhyly OchatFollowUps_itemDesktop__R6aBv\">Jakie polityk\u00f3w dotyczy wniosek Waldemara \u017burka?<\/li>\n<li class=\"OchatFollowUps_item__Dhyly OchatFollowUps_itemDesktop__R6aBv\">Jakie przest\u0119pstwa s\u0105 zarzucane politykom w tym wniosku?<\/li>\n<li class=\"OchatFollowUps_item__Dhyly OchatFollowUps_itemDesktop__R6aBv\">Co s\u0105dzi Waldemar \u017burek o sprawiedliwo\u015bci w Polsce?<\/li>\n<\/ul>\n<p>Waldemar \u017burek m\u00f3wi o Trybunale Stanu. &#8222;Sprawiedliwo\u015b\u0107 nie mo\u017ce by\u0107 selektywna&#8221; <\/p>\n<p class=\"Paragraph_desktopParagraph__U31Gm\">Waldemar \u017burek oceni\u0142, \u017ce &#8222;obywatel musi mie\u0107 pewno\u015b\u0107, \u017ce pa\u0144stwo dzia\u0142a uczciwie, a odpowiedzialno\u015b\u0107 dotyczy wszystkich tak samo&#8221;. \u2014 Sprawiedliwo\u015b\u0107 nie mo\u017ce by\u0107 selektywna \u2014 powiedzia\u0142.<\/p>\n<p class=\"Paragraph_desktopParagraph__U31Gm\">\u2014 Co zrobi Sejm? Zobaczymy. Ja dalej b\u0119d\u0119 kierowa\u0142 sprawy tam, gdzie powinny trafi\u0107, bo tak wygl\u0105da realne przywracanie praworz\u0105dno\u015bci \u2014 doda\u0142.<\/p>\n<p class=\"Paragraph_desktopParagraph__U31Gm\">W czwartek rano Waldemar \u017burek przekaza\u0142 marsza\u0142kowi Sejmu W\u0142odzimierzowi Czarzastemu <a href=\"https:\/\/wiadomosci.onet.pl\/kraj\/mateusz-morawiecki-reaguje-na-ruch-ministra-zurka-zalosne\/yz8h6r7\" id=\"28c68671-a9e9-4ea5-bf87-69438dacfc43\" rel=\"nofollow noopener\" target=\"_blank\">informacje dotycz\u0105ce przedstawienia Mateuszowi Morawieckiemu, Mariuszowi B\u0142aszczakowi i Janowi Krzysztofowi Ardanowskiemu zarzut\u00f3w<\/a> pope\u0142nienia przest\u0119pstw zwi\u0105zanych z zajmowanymi przez nich stanowiskami w czasach rz\u0105d\u00f3w PiS. Pismo sugeruje mo\u017cliwo\u015b\u0107 postawienia polityk\u00f3w przed Trybuna\u0142em Stanu.<\/p>\n<p class=\"Paragraph_desktopParagraph__U31Gm\">&#8222;Upad\u0142o\u015b\u0107 systemu ochrony zdrowia, najdro\u017csze \u015bwi\u0119ta w historii, Donaldowi [Tuskowi] zosta\u0142a tylko prokuratura, \u017ca\u0142osne&#8221; \u2014 oceni\u0142 w odpowiedzi w mediach spo\u0142eczno\u015bciowych by\u0142y premier Mateusz Morawiecki.<\/p>\n","protected":false},"excerpt":{"rendered":"Du\u017co czytania, a ma\u0142o czasu? Sprawd\u017a\u00a0skr\u00f3t\u00a0artyku\u0142u \u2014 Dzi\u015b skierowa\u0142em kolejny m\u00f3j wniosek do Marsza\u0142ka Sejmu o to, \u017ceby&hellip;\n","protected":false},"author":2,"featured_media":133422,"comment_status":"","ping_status":"","sticky":false,"template":"","format":"standard","meta":{"footnotes":""},"categories":[12],"tags":[32,33,36,37,27,67,27760,34,35,2205,1656,28,31,53,25,52,68,51,55,42,38,40,39,41,47,29,30,789,65,50,793,26],"class_list":{"0":"post-133421","1":"post","2":"type-post","3":"status-publish","4":"format-standard","5":"has-post-thumbnail","7":"category-polska","8":"tag-breaking-news","9":"tag-breakingnews","10":"tag-featured-news","11":"tag-featurednews","12":"tag-headlines","13":"tag-intextvideo_splayer","14":"tag-jan_ardanowski_polityk","15":"tag-latest-news","16":"tag-latestnews","17":"tag-mariusz_blaszczak","18":"tag-mateusz_morawiecki_polityk","19":"tag-naglowki","20":"tag-najwazniejsze-artykuly","21":"tag-new_header","22":"tag-news","23":"tag-onet3","24":"tag-onet3d","25":"tag-onet3d_2i","26":"tag-phx","27":"tag-pl","28":"tag-poland","29":"tag-polish","30":"tag-polska","31":"tag-polski","32":"tag-screening_general","33":"tag-top-stories","34":"tag-topstories","35":"tag-trybunal_stanu","36":"tag-update_me","37":"tag-v2021","38":"tag-waldemar_zurek","39":"tag-wiadomosci"},"share_on_mastodon":{"url":"","error":"Validation failed: Text character limit of 500 exceeded"},"_links":{"self":[{"href":"https:\/\/www.europesays.com\/pl\/wp-json\/wp\/v2\/posts\/133421","targetHints":{"allow":["GET"]}}],"collection":[{"href":"https:\/\/www.europesays.com\/pl\/wp-json\/wp\/v2\/posts"}],"about":[{"href":"https:\/\/www.europesays.com\/pl\/wp-json\/wp\/v2\/types\/post"}],"author":[{"embeddable":true,"href":"https:\/\/www.europesays.com\/pl\/wp-json\/wp\/v2\/users\/2"}],"replies":[{"embeddable":true,"href":"https:\/\/www.europesays.com\/pl\/wp-json\/wp\/v2\/comments?post=133421"}],"version-history":[{"count":0,"href":"https:\/\/www.europesays.com\/pl\/wp-json\/wp\/v2\/posts\/133421\/revisions"}],"wp:featuredmedia":[{"embeddable":true,"href":"https:\/\/www.europesays.com\/pl\/wp-json\/wp\/v2\/media\/133422"}],"wp:attachment":[{"href":"https:\/\/www.europesays.com\/pl\/wp-json\/wp\/v2\/media?parent=133421"}],"wp:term":[{"taxonomy":"category","embeddable":true,"href":"https:\/\/www.europesays.com\/pl\/wp-json\/wp\/v2\/categories?post=133421"},{"taxonomy":"post_tag","embeddable":true,"href":"https:\/\/www.europesays.com\/pl\/wp-json\/wp\/v2\/tags?post=133421"}],"curies":[{"name":"wp","href":"https:\/\/api.w.org\/{rel}","templated":true}]}}