{"id":133488,"date":"2025-12-05T00:03:09","date_gmt":"2025-12-05T00:03:09","guid":{"rendered":"https:\/\/www.europesays.com\/pl\/133488\/"},"modified":"2025-12-05T00:03:09","modified_gmt":"2025-12-05T00:03:09","slug":"napastnik-najwyzszej-klasy-wlosi-zachwyceni-polakiem","status":"publish","type":"post","link":"https:\/\/www.europesays.com\/pl\/133488\/","title":{"rendered":"&#8222;Napastnik najwy\u017cszej klasy&#8221;. W\u0142osi zachwyceni Polakiem"},"content":{"rendered":"\n<p class=\"contentpart contentpart--default contentpart--text\" data-position=\"0\"><a href=\"https:\/\/sportowefakty.wp.pl\/pilka-nozna\/adrian-benedyczak\" rel=\"nofollow noopener\" target=\"_blank\">Adrian Benedyczak<\/a>\u00a0rozpocz\u0105\u0142 mecz z <a href=\"https:\/\/sportowefakty.wp.pl\/pilka-nozna\/bologna-fc\" rel=\"nofollow noopener\" target=\"_blank\">Bologn\u0105 FC<\/a>\u00a0w 1\/8 fina\u0142u <a href=\"https:\/\/sportowefakty.wp.pl\/pilka-nozna\/puchar-wloch\" rel=\"nofollow noopener\" target=\"_blank\">Pucharu W\u0142och<\/a>\u00a0w podstawowym sk\u0142adzie. Ju\u017c w 13. minucie napastnikowi\u00a0<a href=\"https:\/\/sportowefakty.wp.pl\/pilka-nozna\/parma-calcio-1913\" rel=\"nofollow noopener\" target=\"_blank\">Parmy Calcio 1913<\/a>\u00a0uda\u0142o si\u0119 pokona\u0107 bramkarza gospodarza i otworzy\u0107 wynik. Niestety, mimo tego szybkiego prowadzenia, zesp\u00f3\u0142 Polaka nie zdo\u0142a\u0142 utrzyma\u0107 przewagi.<\/p>\n<p class=\"contentpart contentpart--default contentpart--text\" data-position=\"1\">Bologna FC wyr\u00f3wna\u0142a jeszcze w pierwszej po\u0142owie. W samej ko\u0144c\u00f3wce meczu, gdy zanosi\u0142o si\u0119 na dogrywk\u0119, zwyci\u0119sk\u0105 bramk\u0119 strzeli\u0142 Santiago Castro, przes\u0105dzaj\u0105c o zwyci\u0119stwie Bologny 2:1 i awansie do \u0107wier\u0107fina\u0142u.<\/p>\n<p> <img role=\"presentation\" src=\"https:\/\/std.wpcdn.pl\/images\/adv\/placeholder_wp.svg\" loading=\"lazy\" alt=\"\" decoding=\"async\"\/>  <\/p>\n<p class=\"contentpart contentpart--default contentpart--text\" data-position=\"2\">ZOBACZ WIDEO: Krychowiak w swoim stylu. Sala od razu wybuch\u0142a \u015bmiechem<\/p>\n<p class=\"contentpart contentpart--default contentpart--text\" data-position=\"4\">Dru\u017cyna Benedyczaka po\u017cegna\u0142a si\u0119 tym samym z pucharow\u0105 rywalizacj\u0105. Nasz napastnik zyska\u0142 jednak spore uznanie w oczach w\u0142oskich medi\u00f3w. Serwis sport.virgilio.it oceni\u0142 jego wyst\u0119p na 7 punkt\u00f3w w dziesi\u0119ciopunktowej skali, co by\u0142o najlepszym wynikiem w ca\u0142ym zespole.<\/p>\n<p class=\"contentpart contentpart--default contentpart--text\" data-position=\"5\">&#8222;Dwie okazje w ci\u0105gu 13 minut, najpierw zosta\u0142 zatrzymany przez Ravagli\u0119 (Federico Ravaglia, red.), potem odkupi\u0142 si\u0119 jako napastnik najwy\u017cszej klasy&#8221; &#8211; czytamy w podsumowaniu. Na &#8222;si\u00f3demk\u0119&#8221; Benedyczak zas\u0142u\u017cy\u0142 r\u00f3wnie\u017c w opinii portalu goal.com, co by\u0142o najwy\u017csz\u0105 ocen\u0105 ze wszystkich zawodnik\u00f3w.<\/p>\n<p class=\"contentpart contentpart--default contentpart--text\" data-position=\"6\">Zgodny w kwestii noty dla Polaka by\u0142 te\u017c serwis forzaparma.it. &#8222;Od razu mia\u0142 okazj\u0119 prze\u0142ama\u0107 impas, ale pope\u0142ni\u0142 b\u0142\u0105d, trafiaj\u0105c w Ravagli\u0119. Nadrobi\u0142 to 8 minut p\u00f3\u017aniej, otwieraj\u0105c wynik meczu. Mia\u0142 te\u017c kolejn\u0105 szans\u0119, ale jej nie wykorzysta\u0142. W drugiej po\u0142owie Bologna przyspieszy\u0142a tempo i nieco przygas\u0142&#8221; &#8211; podsumowano.<\/p>\n<p> <img role=\"presentation\" src=\"https:\/\/std.wpcdn.pl\/images\/adv\/placeholder_wp.svg\" loading=\"lazy\" alt=\"\" decoding=\"async\"\/>  <\/p>\n<p class=\"contentpart contentpart--default contentpart--text\" data-position=\"7\">&#8222;Benedyczak jak czo\u0142g&#8221; &#8211; tak ju\u017c w tytule skwitowa\u0142 portal sportparma.com. Nasz napastnik r\u00f3wnie\u017c w tym wypadku zosta\u0142 oceniony na &#8222;si\u00f3demk\u0119&#8221;.<\/p>\n","protected":false},"excerpt":{"rendered":"Adrian Benedyczak\u00a0rozpocz\u0105\u0142 mecz z Bologn\u0105 FC\u00a0w 1\/8 fina\u0142u Pucharu W\u0142och\u00a0w podstawowym sk\u0142adzie. Ju\u017c w 13. minucie napastnikowi\u00a0Parmy Calcio&hellip;\n","protected":false},"author":2,"featured_media":133489,"comment_status":"","ping_status":"","sticky":false,"template":"","format":"standard","meta":{"footnotes":""},"categories":[24],"tags":[21939,5776,3537,269,2821,42,38,40,39,41,27411,127,126],"class_list":{"0":"post-133488","1":"post","2":"type-post","3":"status-publish","4":"format-standard","5":"has-post-thumbnail","7":"category-sport","8":"tag-adrian-benedyczak","9":"tag-bologna-fc","10":"tag-parma-calcio-1913","11":"tag-pilka-nozna","12":"tag-pilka-nozna-we-wloszech","13":"tag-pl","14":"tag-poland","15":"tag-polish","16":"tag-polska","17":"tag-polski","18":"tag-puchar-wloch","19":"tag-sport","20":"tag-sports"},"share_on_mastodon":{"url":"https:\/\/pubeurope.com\/@pl\/115664034654073229","error":""},"_links":{"self":[{"href":"https:\/\/www.europesays.com\/pl\/wp-json\/wp\/v2\/posts\/133488","targetHints":{"allow":["GET"]}}],"collection":[{"href":"https:\/\/www.europesays.com\/pl\/wp-json\/wp\/v2\/posts"}],"about":[{"href":"https:\/\/www.europesays.com\/pl\/wp-json\/wp\/v2\/types\/post"}],"author":[{"embeddable":true,"href":"https:\/\/www.europesays.com\/pl\/wp-json\/wp\/v2\/users\/2"}],"replies":[{"embeddable":true,"href":"https:\/\/www.europesays.com\/pl\/wp-json\/wp\/v2\/comments?post=133488"}],"version-history":[{"count":0,"href":"https:\/\/www.europesays.com\/pl\/wp-json\/wp\/v2\/posts\/133488\/revisions"}],"wp:featuredmedia":[{"embeddable":true,"href":"https:\/\/www.europesays.com\/pl\/wp-json\/wp\/v2\/media\/133489"}],"wp:attachment":[{"href":"https:\/\/www.europesays.com\/pl\/wp-json\/wp\/v2\/media?parent=133488"}],"wp:term":[{"taxonomy":"category","embeddable":true,"href":"https:\/\/www.europesays.com\/pl\/wp-json\/wp\/v2\/categories?post=133488"},{"taxonomy":"post_tag","embeddable":true,"href":"https:\/\/www.europesays.com\/pl\/wp-json\/wp\/v2\/tags?post=133488"}],"curies":[{"name":"wp","href":"https:\/\/api.w.org\/{rel}","templated":true}]}}