{"id":133506,"date":"2025-12-05T00:24:11","date_gmt":"2025-12-05T00:24:11","guid":{"rendered":"https:\/\/www.europesays.com\/pl\/133506\/"},"modified":"2025-12-05T00:24:11","modified_gmt":"2025-12-05T00:24:11","slug":"rosjanie-dostali-zgode-polski-minister-przygotowuje-kolejne-dzialania","status":"publish","type":"post","link":"https:\/\/www.europesays.com\/pl\/133506\/","title":{"rendered":"Rosjanie dostali zgod\u0119. Polski minister przygotowuje kolejne dzia\u0142ania"},"content":{"rendered":"\n<p class=\"contentpart contentpart--default contentpart--text\" data-position=\"0\">Trybuna\u0142 Arbitra\u017cowy ds. Sportu w Lozannie (CAS) przychyli\u0142 si\u0119 we wtorek do odwo\u0142a\u0144 i nakaza\u0142 Mi\u0119dzynarodowej Federacji Narciarskiej (FIS) dopuszczenie do zawod\u00f3w tych sportowc\u00f3w z Rosji i Bia\u0142orusi, kt\u00f3rzy spe\u0142niaj\u0105 kryteria neutralno\u015bci.<\/p>\n<p class=\"contentpart contentpart--default contentpart--text\" data-position=\"1\">Czy to oznacza, \u017ce zawodnicy z tych kraj\u00f3w pojawi\u0105 si\u0119 tak\u017ce na zawodach w Polsce? O ile podczas skok\u00f3w w Wi\u015ble (6-7 grudnia) Rosjan nie zobaczymy na pewno, bo zosta\u0142o im za ma\u0142o czasu na za\u0142atwienie wszystkich formalno\u015bci, to w przypadku zawod\u00f3w w Zakopanem (10-11 stycznia) sytuacja jest bardziej skomplikowane. Okazuje si\u0119, \u017ce kluczowe mo\u017ce okaza\u0107 si\u0119 stanowisko ministra sportu <a href=\"https:\/\/sportowefakty.wp.pl\/inne\/jakub-rutnicki\" rel=\"nofollow noopener\" target=\"_blank\">Jakuba Rutnickiego<\/a>.<\/p>\n<p> <img role=\"presentation\" src=\"https:\/\/std.wpcdn.pl\/images\/adv\/placeholder_wp.svg\" loading=\"lazy\" alt=\"\" decoding=\"async\"\/>  <\/p>\n<p class=\"contentpart contentpart--default contentpart--text\" data-position=\"2\">ZOBACZ WIDEO: Hit z udzia\u0142em Polaka? Jest na &#8222;tak&#8221;, ale stawia jeden warunek<\/p>\n<p class=\"contentpart contentpart--default contentpart--text\" data-position=\"4\">&#8211;\u00a0Mamy do czynienia z aktami dywersji na terenie Polski, dlatego nie wyobra\u017cam sobie, by rosyjscy sportowcy mogli bra\u0107 udzia\u0142 w zawodach rozgrywanych na terenie naszego kraju &#8211; m\u00f3wi WP Sportowym Faktom Rutnicki. &#8211; To jest sprawa, w kt\u00f3rej b\u0119dziemy wspierali ka\u017cdy zwi\u0105zek sportowy. Dotyczy\u0142o to p\u0142ywania, ale tak\u017ce judo, a tak\u017ce innych dyscyplin. Jeste\u015bmy bardzo jednoznaczni, bo sport to dzia\u0142ania fair play i nie ma mo\u017cliwo\u015bci, by Rosja, kt\u00f3ra prowadzi pe\u0142noskalow\u0105 wojn\u0119, kt\u00f3ra tak\u017ce uderza w nasz kraj, mog\u0142a wysy\u0142a\u0107 swoich reprezentant\u00f3w do Polski &#8211; przyznaje wprost Jakub Rutnicki.<\/p>\n<p class=\"contentpart contentpart--default contentpart--text\" data-position=\"5\">Ju\u017c wcze\u015bniej na 17 grudnia zaplanowano spotkanie w Ministerstwie Sportu i Turystyki, na kt\u00f3rym poza Jakubem Rutnickim maj\u0105 pojawi\u0107 si\u0119 przedstawiciele wszystkich polskich zwi\u0105zk\u00f3w sport\u00f3w zimowych. Wiadomo, \u017ce jednym z temat\u00f3w rozm\u00f3w ma by\u0107 w\u0142a\u015bnie wsp\u00f3lne stanowisko wobec najnowszych zalece\u0144 CAS.<\/p>\n<p> <img role=\"presentation\" src=\"https:\/\/std.wpcdn.pl\/images\/adv\/placeholder_wp.svg\" loading=\"lazy\" alt=\"\" decoding=\"async\"\/>  <\/p>\n<p class=\"contentpart contentpart--default contentpart--text\" data-position=\"6\">&#8211;\u00a0Przygotowujemy nasze kolejne dzia\u0142ania. Spraw\u0119 koordynujemy z Ministerstwem Spraw Zagranicznych i Ministerstwem Spraw Wewn\u0119trznych, a nasze dzia\u0142ania i stanowiska b\u0119d\u0105 z nimi uzgodnione. Jeste\u015bmy przeciwko startom Rosjan i Bia\u0142orusin\u00f3w, a nasze stanowisko w tej sprawie b\u0119dziemy prezentowa\u0107 przy ka\u017cdej mo\u017cliwej okazji. Nie wyobra\u017cam sobie, by przy dzia\u0142aniach Rosji w Ukrainie, ale tak\u017ce w Polsce, przedstawiciele tego kraju mogli rywalizowa\u0107 o medale &#8211; dodaje Rutnicki.<\/p>\n<p class=\"contentpart contentpart--default contentpart--text\" data-position=\"7\">Warto doda\u0107, \u017ce Rosjan do rywalizacji w skokach narciarskich przywr\u00f3cono mimo sprzeciwu kluczowych federacji. Rosjanie zadbali jednak o stworzenie koalicji w\u015br\u00f3d kraj\u00f3w posiadaj\u0105cych mniejsze sukcesy, a jednocze\u015bnie dysponuj\u0105cych wi\u0119ksz\u0105 liczb\u0105 g\u0142os\u00f3w. Teraz ka\u017cdy z kraj\u00f3w organizator\u00f3w zawod\u00f3w musi si\u0119 zastanowi\u0107, jak rozwi\u0105za\u0107 ten problem.<\/p>\n<p class=\"contentpart contentpart--default contentpart--text\" data-position=\"8\">Nikt w Polsce nie wyobra\u017ca sobie Rosjan skacz\u0105cych podczas zawod\u00f3w Pucharu \u015awiata w Zakopanem.<\/p>\n<p class=\"contentpart contentpart--default contentpart--text\" data-position=\"9\">&#8211; Po zawadach w Wi\u015ble b\u0119dziemy dyskutowa\u0107 na zarz\u0105dzie zwi\u0105zku narciarskiego, co mo\u017cemy jeszcze w tej sprawie zrobi\u0107. Na pewno w sprawie wiz decydowa\u0107 b\u0119dzie pa\u0144stwo. Dla nas, organizator\u00f3w konkurs\u00f3w Pucharu \u015awiata, to nie jest \u0142atwa sytuacja. Nie mo\u017cemy zabroni\u0107 komu\u015b startu. Sprzeciw ministerstwa ma w tym przypadku wi\u0119ksz\u0105 si\u0142\u0119 &#8211; zapewni\u0142 prezes Polskiego Zwi\u0105zku Narciarskiego <a href=\"https:\/\/sportowefakty.wp.pl\/moto\/adam-malysz\" rel=\"nofollow noopener\" target=\"_blank\">Adam Ma\u0142ysz<\/a>.<\/p>\n","protected":false},"excerpt":{"rendered":"Trybuna\u0142 Arbitra\u017cowy ds. Sportu w Lozannie (CAS) przychyli\u0142 si\u0119 we wtorek do odwo\u0142a\u0144 i nakaza\u0142 Mi\u0119dzynarodowej Federacji Narciarskiej&hellip;\n","protected":false},"author":2,"featured_media":133507,"comment_status":"","ping_status":"","sticky":false,"template":"","format":"standard","meta":{"footnotes":""},"categories":[24],"tags":[1557,6123,10050,42,38,40,39,41,1538,127,126,447],"class_list":{"0":"post-133506","1":"post","2":"type-post","3":"status-publish","4":"format-standard","5":"has-post-thumbnail","7":"category-sport","8":"tag-adam-malysz","9":"tag-inne","10":"tag-jakub-rutnicki","11":"tag-pl","12":"tag-poland","13":"tag-polish","14":"tag-polska","15":"tag-polski","16":"tag-skoki-narciarskie","17":"tag-sport","18":"tag-sports","19":"tag-sporty-zimowe"},"share_on_mastodon":{"url":"https:\/\/pubeurope.com\/@pl\/115664117627597886","error":""},"_links":{"self":[{"href":"https:\/\/www.europesays.com\/pl\/wp-json\/wp\/v2\/posts\/133506","targetHints":{"allow":["GET"]}}],"collection":[{"href":"https:\/\/www.europesays.com\/pl\/wp-json\/wp\/v2\/posts"}],"about":[{"href":"https:\/\/www.europesays.com\/pl\/wp-json\/wp\/v2\/types\/post"}],"author":[{"embeddable":true,"href":"https:\/\/www.europesays.com\/pl\/wp-json\/wp\/v2\/users\/2"}],"replies":[{"embeddable":true,"href":"https:\/\/www.europesays.com\/pl\/wp-json\/wp\/v2\/comments?post=133506"}],"version-history":[{"count":0,"href":"https:\/\/www.europesays.com\/pl\/wp-json\/wp\/v2\/posts\/133506\/revisions"}],"wp:featuredmedia":[{"embeddable":true,"href":"https:\/\/www.europesays.com\/pl\/wp-json\/wp\/v2\/media\/133507"}],"wp:attachment":[{"href":"https:\/\/www.europesays.com\/pl\/wp-json\/wp\/v2\/media?parent=133506"}],"wp:term":[{"taxonomy":"category","embeddable":true,"href":"https:\/\/www.europesays.com\/pl\/wp-json\/wp\/v2\/categories?post=133506"},{"taxonomy":"post_tag","embeddable":true,"href":"https:\/\/www.europesays.com\/pl\/wp-json\/wp\/v2\/tags?post=133506"}],"curies":[{"name":"wp","href":"https:\/\/api.w.org\/{rel}","templated":true}]}}